{"id":1053023,"date":"2025-09-30T01:42:19","date_gmt":"2025-09-30T01:42:19","guid":{"rendered":"https:\/\/dimensionturistica.com\/es\/?p=1053023"},"modified":"2025-09-30T01:42:19","modified_gmt":"2025-09-30T01:42:19","slug":"adios-al-rubio-pamela-anderson-ahora-luce-un-vibrante-tono-cobrizo","status":"publish","type":"post","link":"https:\/\/dimensionturistica.com\/es\/adios-al-rubio-pamela-anderson-ahora-luce-un-vibrante-tono-cobrizo\/","title":{"rendered":"\u00a1Adi\u00f3s al rubio! Pamela Anderson ahora luce un vibrante tono cobrizo."},"content":{"rendered":"<h3>El Brillo del Cobre: Pamela Anderson y Su Transformaci\u00f3n Capilar<\/h3>\n<p>Pamela Anderson, un \u00edcono de la cultura pop, ha vuelto a atraer la atenci\u00f3n de los medios con un cambio audaz en su apariencia. La actriz, conocida por su impresionante carrera y su ic\u00f3nico estilo, ha optado por un radical tinte cobre que no ha pasado desapercibido.<\/p>\n<h4>La Tendencia del Cobre<\/h4>\n<p>El color de cabello rojo cobrizo se ha convertido en una opci\u00f3n de moda destacada en las pasarelas y redes sociales. Este matiz resalta la calidez de los tonos de piel y agrega un aire vibrante a cualquier look. Anderson no es la \u00fanica famosa que ha adoptado esta tendencia; otras celebridades han experimentado con diversos tonos de rojo, desde el sutil pelirrojo hasta el atrevido rojo intenso.<\/p>\n<h4>Un Cambio de Estilo Refrescante<\/h4>\n<p>Este nuevo look de Pamela marca un cambio significativo en su imagen, alej\u00e1ndose de su caracter\u00edstico rubio dorado. Este tipo de transformaci\u00f3n capilar no solo resalta el sentido est\u00e9tico, sino que tambi\u00e9n simboliza una evoluci\u00f3n personal. La elecci\u00f3n de un color vibrante como el cobre es m\u00e1s que un simple cambio de imagen; es una declaraci\u00f3n de individualidad y coraje.<\/p>\n<h4>La Influencia de las Redes Sociales<\/h4>\n<p>Las plataformas digitales han desempe\u00f1ado un papel crucial en la difusi\u00f3n de este tipo de cambios. Las reacciones de la audiencia en Instagram y Twitter han sido inmediatas, con fans elogiando su nuevo estilo y compartiendo su admiraci\u00f3n por el renacer de la estrella. El impacto visual de su cabello cobrizo nos recuerda que las redes tienen el poder de transformar tendencias y convertirlas en fen\u00f3menos virales.<\/p>\n<h4>Looks para Inspirar<\/h4>\n<p>La versatilidad del cabello cobrizo ofrece una amplia gama de posibilidades en el estilo. Desde ondas desenfadadas hasta estilos m\u00e1s pulidos, este tono puede adaptarse a diversas ocasiones, ya sea una alfombra roja o un evento casual. Incorporar accesorios que contrasten o complementen este tono tambi\u00e9n se convierte en una opci\u00f3n atractiva para quienes buscan experimentar con su look.<\/p>\n<h4>La Magia del Cambio<\/h4>\n<p>La transformaci\u00f3n de Pamela Anderson resalta un aspecto importante en el mundo de la moda: el poder del cambio. Atraer miradas no solo se trata de seguir las tendencias, sino de reinventarse continuamente. En un entorno donde la individualidad es cada vez m\u00e1s valorada, esta decisi\u00f3n puede alentar a otros a explorar su propia est\u00e9tica y atrevernos a experimentar con estilos que reflejen nuestra esencia.<\/p>\n<h4>El Futuro de la Moda Capilar<\/h4>\n<p>A medida que avanzamos hacia nuevas temporadas, el color cobrizo probablemente dominar\u00e1 las tendencias capilares. Con figuras ic\u00f3nicas como Anderson liderando el camino, es posible que veamos un resurgimiento de este tono en diferentes variantes y estilos. Las pasarelas, los salones y las calles se llenar\u00e1n de esta chispa vibrante que celebra la belleza en todas sus formas.<\/p>\n<p>La evoluci\u00f3n de Pamela Anderson y su nueva melena cobriza es un recordatorio contundente de que, en la moda, el cambio es no solo aceptable, sino esencial. Con cada transformaci\u00f3n, se abre un nuevo cap\u00edtulo que invita a la exploraci\u00f3n y a la celebraci\u00f3n de la individualidad. Con este nuevo look, sin duda, Anderson contin\u00faa siendo un faro de inspiraci\u00f3n en la esfera de la moda y la belleza.<\/p>\n<p><em> &#8221; Fuentes www.vogue.com &#8221; <\/em><\/p>\n","protected":false},"excerpt":{"rendered":"<p>El Brillo del Cobre: Pamela Anderson y Su Transformaci\u00f3n Capilar Pamela Anderson, un \u00edcono de la cultura pop, ha vuelto a atraer la atenci\u00f3n de los medios con un cambio audaz en su apariencia. La actriz, conocida por su impresionante carrera y su ic\u00f3nico estilo, ha optado por un radical tinte cobre que no ha [&hellip;]<\/p>\n","protected":false},"author":14,"featured_media":1053024,"comment_status":"open","ping_status":"closed","sticky":false,"template":"","format":"standard","meta":{"om_disable_all_campaigns":false,"jnews-multi-image_gallery":[],"jnews_single_post":[],"jnews_primary_category":[],"jnews_social_meta":[],"footnotes":""},"categories":[144872],"tags":[72867,250320,207692,56,245034,64792,200561,233256,130377,217117,111204,72817,373],"class_list":["post-1053023","post","type-post","status-publish","format-standard","has-post-thumbnail","hentry","category-fashion","tag-beauty","tag-blondie","tag-celebrity-beauty","tag-celebrity-news","tag-copper-red","tag-hair","tag-hair-color","tag-pamela-anderson","tag-pop-culture","tag-storytypenews-trending","tag-textaboveleftsmall","tag-transformation","tag-web"],"_links":{"self":[{"href":"https:\/\/dimensionturistica.com\/es\/wp-json\/wp\/v2\/posts\/1053023","targetHints":{"allow":["GET"]}}],"collection":[{"href":"https:\/\/dimensionturistica.com\/es\/wp-json\/wp\/v2\/posts"}],"about":[{"href":"https:\/\/dimensionturistica.com\/es\/wp-json\/wp\/v2\/types\/post"}],"author":[{"embeddable":true,"href":"https:\/\/dimensionturistica.com\/es\/wp-json\/wp\/v2\/users\/14"}],"replies":[{"embeddable":true,"href":"https:\/\/dimensionturistica.com\/es\/wp-json\/wp\/v2\/comments?post=1053023"}],"version-history":[{"count":0,"href":"https:\/\/dimensionturistica.com\/es\/wp-json\/wp\/v2\/posts\/1053023\/revisions"}],"wp:featuredmedia":[{"embeddable":true,"href":"https:\/\/dimensionturistica.com\/es\/wp-json\/wp\/v2\/media\/1053024"}],"wp:attachment":[{"href":"https:\/\/dimensionturistica.com\/es\/wp-json\/wp\/v2\/media?parent=1053023"}],"wp:term":[{"taxonomy":"category","embeddable":true,"href":"https:\/\/dimensionturistica.com\/es\/wp-json\/wp\/v2\/categories?post=1053023"},{"taxonomy":"post_tag","embeddable":true,"href":"https:\/\/dimensionturistica.com\/es\/wp-json\/wp\/v2\/tags?post=1053023"}],"curies":[{"name":"wp","href":"https:\/\/api.w.org\/{rel}","templated":true}]}}