{"id":1052893,"date":"2025-09-29T21:11:32","date_gmt":"2025-09-29T21:11:32","guid":{"rendered":"https:\/\/dimensionturistica.com\/es\/?p=1052893"},"modified":"2025-09-29T21:11:32","modified_gmt":"2025-09-29T21:11:32","slug":"dos-titulos-un-brindis-las-nuevas-etapas-de-vogue-y-vanity-fair-celebradas-en-paris","status":"publish","type":"post","link":"https:\/\/dimensionturistica.com\/es\/dos-titulos-un-brindis-las-nuevas-etapas-de-vogue-y-vanity-fair-celebradas-en-paris\/","title":{"rendered":"Dos T\u00edtulos, Un Brindis\u2014Las Nuevas Etapas de Vogue y Vanity Fair Celebradas en Par\u00eds."},"content":{"rendered":"<p><strong>Un C\u00f3ctel de Elegancia y Estilo en el Coraz\u00f3n de Par\u00eds<\/strong><\/p>\n<p>En la m\u00e1gica atm\u00f3sfera parisina, donde la moda se entrelaza con el arte y la cultura, se celebr\u00f3 una velada que dej\u00f3 huella. Un c\u00f3ctel exclusivo reuni\u00f3 a un selecto grupo de personalidades del mundo de la moda, creando un verdadero desfile de estilo y sofisticaci\u00f3n. Este evento no solo fue una celebraci\u00f3n de la elegancia, sino tambi\u00e9n un escaparate de las \u00faltimas tendencias y de la vibrante energ\u00eda creativa que caracteriza a la Ciudad Luz.<\/p>\n<p>Los asistentes se sumergieron en un ambiente cuidadosamente dise\u00f1ado, donde cada detalle fue pensado para resaltar la opulencia y el dinamismo de la moda contempor\u00e1nea. Desde la iluminaci\u00f3n suave que bailaba sobre las paredes hasta la elecci\u00f3n de los c\u00f3cteles, todo hablaba de una est\u00e9tica meticulosamente curada. Este tipo de eventos reafirma la importancia de los encuentros sociales en la industria, donde las conexiones se forjan y las ideas florecen.<\/p>\n<p>El dress code del evento fue un reflejo de la individualidad de cada invitado. Se vieron piezas audaces y contrastantes, que mostraban c\u00f3mo los dise\u00f1adores contempor\u00e1neos est\u00e1n desafiando las normas tradicionales. Desde siluetas atrevidas hasta una paleta de colores vibrantes, el p\u00fablico no defraud\u00f3 en su presentaci\u00f3n. Cada atuendo fue una declaraci\u00f3n, un reflejo de la personalidad de sus portadores y de la influencia de la ciudad en el mundo de la moda.<\/p>\n<p>Asimismo, uno de los aspectos m\u00e1s destacados fue la conversaci\u00f3n latente entre los asistentes, que oscilaba entre an\u00e9cdotas de la pasarela y la exploraci\u00f3n de nuevas visiones creativas. Este intercambio de ideas foment\u00f3 una atm\u00f3sfera de colaboraci\u00f3n, evidenciando que la moda es, ante todo, una forma de di\u00e1logo continuo.<\/p>\n<p>La coctelera m\u00e1gica no solo serv\u00eda bebidas; en su interior llevaba consigo la esencia de la creatividad colectiva. Cada sorbo era un gui\u00f1o a la sofisticaci\u00f3n que caracterizan a los eventos parisinos, invitando a los presentes a disfrutar de la velada mientras compart\u00edan risas y opiniones. Esto resalta un aspecto clave de la moda: su capacidad para unir a las personas a trav\u00e9s de experiencias compartidas y momentos inolvidables.<\/p>\n<p>En la esperanza de que esta tradici\u00f3n contin\u00fae floreciendo, el evento se consolid\u00f3 como una gran plataforma de visibilidad, donde las futuras tendencias emergen y los pr\u00f3ximos iconos del estilo pueden comenzar a ser reconocidos. En Par\u00eds, la moda no solo se viste; se respira, se siente y, sobre todo, se comparte. <\/p>\n<p>A medida que la noche avanzaba, la energ\u00eda del evento se manten\u00eda euf\u00f3rica. Es evidente que la moda parisi\u00e9n es una experiencia que va m\u00e1s all\u00e1 de las pasarelas; es un movimiento cultural que sigue influyendo y evolucionando en el panorama global. En este sentido, el c\u00f3ctel fue un recordatorio de que el mundo de la moda siempre tiene algo novedoso que ofrecer y que, en cada encuentro, la chispa de la innovaci\u00f3n est\u00e1 a punto de encenderse.<\/p>\n<p><em> &#8221; Fuentes www.vogue.com &#8221; <\/em><\/p>\n","protected":false},"excerpt":{"rendered":"<p>Un C\u00f3ctel de Elegancia y Estilo en el Coraz\u00f3n de Par\u00eds En la m\u00e1gica atm\u00f3sfera parisina, donde la moda se entrelaza con el arte y la cultura, se celebr\u00f3 una velada que dej\u00f3 huella. Un c\u00f3ctel exclusivo reuni\u00f3 a un selecto grupo de personalidades del mundo de la moda, creando un verdadero desfile de estilo [&hellip;]<\/p>\n","protected":false},"author":14,"featured_media":1052894,"comment_status":"open","ping_status":"closed","sticky":false,"template":"","format":"standard","meta":{"om_disable_all_campaigns":false,"jnews-multi-image_gallery":[],"jnews_single_post":[],"jnews_primary_category":[],"jnews_social_meta":[],"footnotes":""},"categories":[144872],"tags":[69359,193,250290,166,113339,286,2289,204909,372,210710,50356,203622],"class_list":["post-1052893","post","type-post","status-publish","format-standard","has-post-thumbnail","hentry","category-fashion","tag-celebration","tag-culture","tag-eras","tag-fashion","tag-magazines","tag-media","tag-paris","tag-paris-fashion-week","tag-style","tag-vanity-fair","tag-vogue","tag-vogue-parties"],"_links":{"self":[{"href":"https:\/\/dimensionturistica.com\/es\/wp-json\/wp\/v2\/posts\/1052893","targetHints":{"allow":["GET"]}}],"collection":[{"href":"https:\/\/dimensionturistica.com\/es\/wp-json\/wp\/v2\/posts"}],"about":[{"href":"https:\/\/dimensionturistica.com\/es\/wp-json\/wp\/v2\/types\/post"}],"author":[{"embeddable":true,"href":"https:\/\/dimensionturistica.com\/es\/wp-json\/wp\/v2\/users\/14"}],"replies":[{"embeddable":true,"href":"https:\/\/dimensionturistica.com\/es\/wp-json\/wp\/v2\/comments?post=1052893"}],"version-history":[{"count":0,"href":"https:\/\/dimensionturistica.com\/es\/wp-json\/wp\/v2\/posts\/1052893\/revisions"}],"wp:featuredmedia":[{"embeddable":true,"href":"https:\/\/dimensionturistica.com\/es\/wp-json\/wp\/v2\/media\/1052894"}],"wp:attachment":[{"href":"https:\/\/dimensionturistica.com\/es\/wp-json\/wp\/v2\/media?parent=1052893"}],"wp:term":[{"taxonomy":"category","embeddable":true,"href":"https:\/\/dimensionturistica.com\/es\/wp-json\/wp\/v2\/categories?post=1052893"},{"taxonomy":"post_tag","embeddable":true,"href":"https:\/\/dimensionturistica.com\/es\/wp-json\/wp\/v2\/tags?post=1052893"}],"curies":[{"name":"wp","href":"https:\/\/api.w.org\/{rel}","templated":true}]}}