{"id":1052810,"date":"2025-09-29T19:28:57","date_gmt":"2025-09-29T19:28:57","guid":{"rendered":"https:\/\/dimensionturistica.com\/es\/?p=1052810"},"modified":"2025-09-29T19:28:57","modified_gmt":"2025-09-29T19:28:57","slug":"de-donde-proviene-la-catrina-su-historia-y-su-simbolismo","status":"publish","type":"post","link":"https:\/\/dimensionturistica.com\/es\/de-donde-proviene-la-catrina-su-historia-y-su-simbolismo\/","title":{"rendered":"\u00bfDe d\u00f3nde proviene la Catrina?: Su historia y su simbolismo"},"content":{"rendered":"<h3>La Catrina: M\u00e1s All\u00e1 de la Moda, un \u00cdcono Cultural<\/h3>\n<p>La Catrina, figura emblem\u00e1tica de la cultura mexicana, ha trascendido su papel en las festividades del D\u00eda de Muertos para convertirse en un s\u00edmbolo de elegancia y resistencia. Este personaje, cuya estampa es reconocida por su sombrero adornado y su rostro de calavera, es mucho m\u00e1s que un simple disfraz; es un reflejo de la identidad y la tradiciones de un pueblo.<\/p>\n<h4>Or\u00edgenes en la Ilustraci\u00f3n<\/h4>\n<p>La historia de la Catrina se remonta a principios del siglo XX, cuando posados de calaveras comenzaron a aparecer en las ilustraciones de Jos\u00e9 Guadalupe Posada. Este artista utilizaba su arte para criticar la hipocres\u00eda de la sociedad de su tiempo, incluidos los estratos sociales m\u00e1s altos. Su figura, originalmente pensada como una s\u00e1tira, ha evolucionado y se ha arraigado en el coraz\u00f3n de la cultura popular mexicana, adapt\u00e1ndose a nuevas est\u00e9ticas y significados.<\/p>\n<h4>La Catrina en el Panorama Moderno<\/h4>\n<p>Hoy en d\u00eda, la Catrina ha conquistado no solo las calles de M\u00e9xico, sino el mundo entero. Estilistas, dise\u00f1adores y artistas han reinterpretado su imagen, integr\u00e1ndola en colecciones de alta costura, streetwear y accesorios. Esta versatilidad la convierte en una musa inspiradora para la moda contempor\u00e1nea, que busca homenajear la riqueza cultural mientras atrae la atenci\u00f3n de audiencias globales.<\/p>\n<h4>La Catrina en la Pasarela<\/h4>\n<p>En la \u00faltima temporada de desfiles, la Catrina hizo su aparici\u00f3n estelar en las pasarelas de varias marcas emergentes. Dise\u00f1os que incorporan calaveras, bordados y colores vivos vieron la luz por primera vez, mostrando c\u00f3mo la est\u00e9tica del D\u00eda de Muertos puede influir en una tendencia global. La fusi\u00f3n de elementos tradicionales y contempor\u00e1neos resulta en piezas que no solo son visualmente impactantes, sino que tambi\u00e9n cuentan una historia rica en simbolismo.<\/p>\n<h4>Elementos Ic\u00f3nicos<\/h4>\n<p>Entre los elementos que definen a la Catrina est\u00e1n sus accesorios: desde joyer\u00eda elaborada hasta sombreros ornamentados. Cada detalle no solo a\u00f1ade un toque est\u00e9tico, sino que tambi\u00e9n est\u00e1 cargado de significado, reflejando la conexi\u00f3n entre la vida y la muerte, una tem\u00e1tica central en la cultura mexicana. Estas piezas pueden ser adaptadas y reinterpretadas, permitiendo que cada persona exprese su propia interpretaci\u00f3n del \u00edcono.<\/p>\n<h4>Celebraci\u00f3n de la Vida<\/h4>\n<p>La moda inspirada en la Catrina se convierte en una celebraci\u00f3n de la vida y de la muerte, un recordatorio de que la muerte no es el final, sino parte del ciclo vital. Este enfoque ha resonado en distintos \u00e1mbitos, desde la alta costura hasta el artesanato, fomentando un di\u00e1logo sobre la dualidad de la existencia y la importancia de la memoria cultural.<\/p>\n<h3>Un Contempor\u00e1neo Llamado a la Acci\u00f3n<\/h3>\n<p>Adoptar la est\u00e9tica de la Catrina en el armario no es solo un acto de moda; es un ejercicio de identidad. Atrae a aquellos que buscan expresar su conexi\u00f3n con sus ra\u00edces, as\u00ed como a quienes desean rendir homenaje a una cultura rica y vibrante. La Catrina sigue inspirando a nuevas generaciones, convirti\u00e9ndose en un emblema de orgullo y continuidad.<\/p>\n<p>En resumen, la Catrina ha hecho de su presencia un potente s\u00edmbolo cultural y de estilo, fusionando tradici\u00f3n y modernidad en cada una de sus interpretaciones. Este \u00edcono no solo embellece, sino que tambi\u00e9n invita a la reflexi\u00f3n sobre nuestras ra\u00edces y el valor de celebrar cada momento de la vida. \u00a1La Catrina no es solo un disfraz, es un legado!<\/p>\n<p><em> &#8221; Fuentes www.vogue.mx &#8221; <\/em><\/p>\n","protected":false},"excerpt":{"rendered":"<p>La Catrina: M\u00e1s All\u00e1 de la Moda, un \u00cdcono Cultural La Catrina, figura emblem\u00e1tica de la cultura mexicana, ha trascendido su papel en las festividades del D\u00eda de Muertos para convertirse en un s\u00edmbolo de elegancia y resistencia. Este personaje, cuya estampa es reconocida por su sombrero adornado y su rostro de calavera, es mucho [&hellip;]<\/p>\n","protected":false},"author":14,"featured_media":1052811,"comment_status":"open","ping_status":"closed","sticky":false,"template":"","format":"standard","meta":{"om_disable_all_campaigns":false,"jnews-multi-image_gallery":[],"jnews_single_post":[],"jnews_primary_category":[],"jnews_social_meta":[],"footnotes":""},"categories":[144872],"tags":[2185,250271,662,5211,6105,6643,7934,31385,183582,247810],"class_list":["post-1052810","post","type-post","status-publish","format-standard","has-post-thumbnail","hentry","category-fashion","tag-arte","tag-catrina","tag-cultura","tag-dia-de-muertos","tag-festividades","tag-historia","tag-origen","tag-significado","tag-simbolismo","tag-tradiciones-mexicanas"],"_links":{"self":[{"href":"https:\/\/dimensionturistica.com\/es\/wp-json\/wp\/v2\/posts\/1052810","targetHints":{"allow":["GET"]}}],"collection":[{"href":"https:\/\/dimensionturistica.com\/es\/wp-json\/wp\/v2\/posts"}],"about":[{"href":"https:\/\/dimensionturistica.com\/es\/wp-json\/wp\/v2\/types\/post"}],"author":[{"embeddable":true,"href":"https:\/\/dimensionturistica.com\/es\/wp-json\/wp\/v2\/users\/14"}],"replies":[{"embeddable":true,"href":"https:\/\/dimensionturistica.com\/es\/wp-json\/wp\/v2\/comments?post=1052810"}],"version-history":[{"count":0,"href":"https:\/\/dimensionturistica.com\/es\/wp-json\/wp\/v2\/posts\/1052810\/revisions"}],"wp:featuredmedia":[{"embeddable":true,"href":"https:\/\/dimensionturistica.com\/es\/wp-json\/wp\/v2\/media\/1052811"}],"wp:attachment":[{"href":"https:\/\/dimensionturistica.com\/es\/wp-json\/wp\/v2\/media?parent=1052810"}],"wp:term":[{"taxonomy":"category","embeddable":true,"href":"https:\/\/dimensionturistica.com\/es\/wp-json\/wp\/v2\/categories?post=1052810"},{"taxonomy":"post_tag","embeddable":true,"href":"https:\/\/dimensionturistica.com\/es\/wp-json\/wp\/v2\/tags?post=1052810"}],"curies":[{"name":"wp","href":"https:\/\/api.w.org\/{rel}","templated":true}]}}