{"id":105024,"date":"2021-03-31T03:22:33","date_gmt":"2021-03-31T03:22:33","guid":{"rendered":"https:\/\/dimensionturistica.com\/es\/?p=105024"},"modified":"2021-03-31T03:22:33","modified_gmt":"2021-03-31T03:22:33","slug":"aidaperla-se-suma-al-despliegue-de-aida-cruises-en-islas-canarias","status":"publish","type":"post","link":"https:\/\/dimensionturistica.com\/es\/aidaperla-se-suma-al-despliegue-de-aida-cruises-en-islas-canarias\/","title":{"rendered":"AIDAperla se suma al despliegue de AIDA Cruises en Islas Canarias"},"content":{"rendered":"<p> <br \/>\n<\/p>\n<div>\n<p><span id=\"more-180512\"\/><strong>Por Redacci\u00f3n PortalPortuario.cl<\/strong><\/p>\n<p><strong>@PortalPortuario<\/strong><\/p>\n<hr\/>\n<p style=\"text-align: justify;\"><strong>AIDA Cruises<\/strong> ofrece viajes de siete d\u00edas por las Islas Canarias con <strong>AIDAperla<\/strong> saliendo de <strong>Las Palmas, Gran Canaria.<\/strong><\/p>\n<p style=\"text-align: justify;\"><img decoding=\"async\" loading=\"lazy\" class=\"alignleft size-medium wp-image-138055\" src=\"https:\/\/dimensionturistica.com\/es\/wp-content\/uploads\/2021\/03\/AIDAperla-se-suma-al-despliegue-de-AIDA-Cruises-en-Islas.jpg\" alt=\"\" width=\"400\" height=\"202\"  \/>Los protocolos mejorados de salud y seguridad, probados por SGS Institut Fresenius y confirmados por la sociedad de clasificaci\u00f3n DNV GL, incluyen una prueba obligatoria de PCR para detectar virus y bacterias antes de viajar, as\u00ed como controles de salud peri\u00f3dicos, distancia social y normas de higiene, atenci\u00f3n m\u00e9dica, incluida la capacidad de prueba a bordo y otras medidas.<\/p>\n<p style=\"text-align: justify;\">La empresa recalc\u00f3 que \u201cdesafortunadamente, actualmente no es posible realizar cruceros en otros destinos de AIDA\u201d.<\/p>\n<p style=\"text-align: justify;\">Gracias al programa de viajes de la compa\u00f1\u00eda en Canarias, a todos los hu\u00e9spedes afectados se les puede ofrecer una alternativa con los cruceros de siete d\u00edas de AIDAperla.<\/p>\n<p style=\"text-align: justify;\">Esto se aplica a los hu\u00e9spedes que originalmente reservaron un crucero por el Mediterr\u00e1neo en <strong>AIDAblu, AIDAprima y AIDAmira c<\/strong>on fechas de salida hasta el 9 de mayo de 2021 inclusive.<\/p>\n<p style=\"text-align: justify;\">Adem\u00e1s, considera a quienes estaban programados para partir desde Hamburgo hacia el norte de Europa o Noruega con <strong>AIDAdiva, AIDAsol o AIDAluna<\/strong> hasta el 28 de abril de 2021 inclusive.<\/p>\n<hr\/><\/div>\n\n<p><em> &#8221; Fuentes portalportuario.cl &#8221; <\/em><\/p>\n","protected":false},"excerpt":{"rendered":"<p>Por Redacci\u00f3n PortalPortuario.cl @PortalPortuario AIDA Cruises ofrece viajes de siete d\u00edas por las Islas Canarias con AIDAperla saliendo de Las Palmas, Gran Canaria. Los protocolos mejorados de salud y seguridad, probados por SGS Institut Fresenius y confirmados por la sociedad de clasificaci\u00f3n DNV GL, incluyen una prueba obligatoria de PCR para detectar virus y bacterias [&hellip;]<\/p>\n","protected":false},"author":4,"featured_media":0,"comment_status":"open","ping_status":"closed","sticky":false,"template":"","format":"standard","meta":{"om_disable_all_campaigns":false,"jnews-multi-image_gallery":[],"jnews_single_post":[],"jnews_primary_category":[],"jnews_social_meta":[],"footnotes":""},"categories":[41],"tags":[],"class_list":["post-105024","post","type-post","status-publish","format-standard","hentry","category-cruceros"],"_links":{"self":[{"href":"https:\/\/dimensionturistica.com\/es\/wp-json\/wp\/v2\/posts\/105024","targetHints":{"allow":["GET"]}}],"collection":[{"href":"https:\/\/dimensionturistica.com\/es\/wp-json\/wp\/v2\/posts"}],"about":[{"href":"https:\/\/dimensionturistica.com\/es\/wp-json\/wp\/v2\/types\/post"}],"author":[{"embeddable":true,"href":"https:\/\/dimensionturistica.com\/es\/wp-json\/wp\/v2\/users\/4"}],"replies":[{"embeddable":true,"href":"https:\/\/dimensionturistica.com\/es\/wp-json\/wp\/v2\/comments?post=105024"}],"version-history":[{"count":0,"href":"https:\/\/dimensionturistica.com\/es\/wp-json\/wp\/v2\/posts\/105024\/revisions"}],"wp:attachment":[{"href":"https:\/\/dimensionturistica.com\/es\/wp-json\/wp\/v2\/media?parent=105024"}],"wp:term":[{"taxonomy":"category","embeddable":true,"href":"https:\/\/dimensionturistica.com\/es\/wp-json\/wp\/v2\/categories?post=105024"},{"taxonomy":"post_tag","embeddable":true,"href":"https:\/\/dimensionturistica.com\/es\/wp-json\/wp\/v2\/tags?post=105024"}],"curies":[{"name":"wp","href":"https:\/\/api.w.org\/{rel}","templated":true}]}}