{"id":104989,"date":"2021-03-31T01:43:58","date_gmt":"2021-03-31T01:43:58","guid":{"rendered":"https:\/\/dimensionturistica.com\/es\/?p=104989"},"modified":"2021-03-31T01:43:58","modified_gmt":"2021-03-31T01:43:58","slug":"abinader-cruceros-volveran-a-terminales-de-rd-a-partir-de-julio-noticias-de-turismo","status":"publish","type":"post","link":"https:\/\/dimensionturistica.com\/es\/abinader-cruceros-volveran-a-terminales-de-rd-a-partir-de-julio-noticias-de-turismo\/","title":{"rendered":"Abinader: cruceros volver\u00e1n a terminales de RD a partir de julio &#8211; Noticias de turismo"},"content":{"rendered":"<p> <br \/>\n<\/p>\n<div id=\"post-130475\">\n\t<\/p>\n<p>\t  <span class=\"antetitulo\">Medidas sanitarias adoptadas por el Gobierno impulsan reactivaci\u00f3n tur\u00edstica  <\/span><\/p>\n<p><b><img decoding=\"async\" src=\"https:\/\/dimensionturistica.com\/es\/wp-content\/uploads\/2020\/12\/Apordom-invertira-10-millones-de-dolares-para-habilitar-dos-puertos.jpg\" style=\"margin:0\" \/><a rel=\"nofollow noopener\" target=\"_blank\" href=\"https:\/\/www.arecoa.com\/cruceros\/2021\/03\/30\/abinader-cruceros-volveran-terminales-rd-partir-julio\/\" class=\"subtitulo\"> Carnival con su terminal Amber Cove dinamiza econom\u00eda de la costa Norte <\/a><\/b><\/p>\n<p><b><img decoding=\"async\" src=\"https:\/\/dimensionturistica.com\/es\/wp-content\/uploads\/2020\/12\/Apordom-invertira-10-millones-de-dolares-para-habilitar-dos-puertos.jpg\" style=\"margin:0\" \/><a rel=\"nofollow noopener\" target=\"_blank\" href=\"https:\/\/www.arecoa.com\/cruceros\/2021\/03\/30\/abinader-cruceros-volveran-terminales-rd-partir-julio\/\" class=\"subtitulo\"> RD espera un verano de cierta normalidad en la llegada de visitantes <\/a><\/b><\/p>\n<p class=\"relacionadosSingle\" style=\"clear:both\">Temas relacionados: <b><a rel=\"nofollow noopener\" target=\"_blank\" href=\"https:\/\/www.arecoa.com\/tag\/amber-cove\/\">Amber Cove<\/a>, <a rel=\"nofollow noopener\" target=\"_blank\" href=\"https:\/\/www.arecoa.com\/tag\/carnival\/\">Carnival<\/a>, <a rel=\"nofollow noopener\" target=\"_blank\" href=\"https:\/\/www.arecoa.com\/tag\/luis-abinader\/\">Luis Abinader<\/a>, <a rel=\"nofollow noopener\" target=\"_blank\" href=\"https:\/\/www.arecoa.com\/tag\/puerto-plata\/\">Puerto Plata<\/a>, <a rel=\"nofollow noopener\" target=\"_blank\" href=\"https:\/\/www.arecoa.com\/tag\/reino-unido\/\">Reino Unido<\/a>, <a rel=\"nofollow noopener\" target=\"_blank\" href=\"https:\/\/www.arecoa.com\/tag\/republica-dominicana\/\">Rep\u00fablica Dominicana<\/a><\/b><\/p>\n<p>\n\t\t<small>30 marzo, 2021<\/small><br \/>\n\t  \t\t\t\t\t\t\t <i>Por <b> R.A. <\/b> <\/i><\/p>\n<p>\t\t<a rel=\"nofollow noopener\" target=\"_blank\" href=\"https:\/\/www.arecoa.com\/cruceros\/2021\/03\/30\/abinader-cruceros-volveran-terminales-rd-partir-julio\/#comments\" style=\"float:right;\">&#13;<br \/>\n    <img decoding=\"async\" src=\"https:\/\/dimensionturistica.com\/es\/wp-content\/uploads\/2020\/10\/Puerto-Taino-Bay-estara-apto-para-recibir-cruceristas-en-abril.png\" align=\"absmiddle\" \/> 1 comentario\t\t<\/a>\t<\/p>\n<p>      <!--\n\t  \t\t\t\t  --><\/p>\n<div class=\"post content\">\n<p>Rep\u00fablica Dominicana podr\u00e1 ver el retorno de los cruceros en sus puertos a partir del pr\u00f3ximo mes de julio, seg\u00fan anunci\u00f3 desde Puerto Plata el presidente de la Rep\u00fablica, <strong>Luis Abinader<\/strong>. \u201cDesde el mes de julio se reanuda la llegada de cruceros por las diferentes terminales tur\u00edsticas del pa\u00eds\u201d.<\/p>\n<p><a rel=\"nofollow noopener\" target=\"_blank\" href=\"https:\/\/dimensionturistica.com\/es\/wp-content\/uploads\/2021\/03\/Abinader-cruceros-volveran-a-terminales-de-RD-a-partir-de.jpg\"><img decoding=\"async\" class=\"alignleft size-full wp-image-3331\" src=\"https:\/\/dimensionturistica.com\/es\/wp-content\/uploads\/2021\/03\/Abinader-cruceros-volveran-a-terminales-de-RD-a-partir-de.jpg\" alt=\"\" width=\"375\" height=\"200\"   \/><\/a>El retorno de los cruceros ser\u00e1 posible gracias a la s\u00f3lida recuperaci\u00f3n de ese sector debido a \u201clas oportunas y exitosas medidas adoptadas por el gobierno para contener el contagio de la ciudadan\u00eda y los visitantes con la pandemia de la Covid\u201d, seg\u00fan publica El D\u00eda.<\/p>\n<p>En cuanto a <strong>Puerto Plata<\/strong>, <strong>Carnival<\/strong> con su terminal de cruceros <strong>Amber Cove<\/strong>, representa la punta de lanza para la llegada de los cruceros a esa provincia del pa\u00eds, generando un gran dinamismo en la econom\u00eda de la zona antes de ser afectadas sus operaciones por la pandemia.<\/p>\n<p>En sinton\u00eda con el lanzamiento del Plan de Recuperaci\u00f3n Responsable del Turismo, los viajeros que arriben a <strong>Rep\u00fablica Dominicana<\/strong> ya no necesitan proporcionar una prueba PCR o de Covid-19 negativa a su llegada. En cambio, los aeropuertos y otros puertos de entrada realizar\u00e1n una prueba de aliento r\u00e1pida y aleatoria a entre el 3% y el 15% de los pasajeros y todos aquellos que presenten s\u00edntomas a su llegada. Los pasajeros menores de cinco a\u00f1os y miembros de tripulaciones est\u00e1n exentos de este procedimiento.<\/p>\n<p>Se plantea adem\u00e1s que a partir del pr\u00f3ximo mes de abril, los pasajeros que viajen desde <strong>Reino Unido<\/strong> a RD deben presentar un certificado de prueba de Covid-19 PCR negativo tomado dentro de las 72 horas previas al viaje.<\/p>\n<p><!-- AddThis Advanced Settings above via filter on the_content --><!-- AddThis Advanced Settings below via filter on the_content --><!-- AddThis Advanced Settings generic via filter on the_content --><!-- AddThis Share Buttons above via filter on the_content --><!-- AddThis Share Buttons below via filter on the_content --><!-- AddThis Share Buttons generic via filter on the_content --><\/div>\n<hr class=\"noCss\" \/><\/div>\n\n<p><em> &#8221; Fuentes www.arecoa.com &#8221; <\/em><\/p>\n","protected":false},"excerpt":{"rendered":"<p>Medidas sanitarias adoptadas por el Gobierno impulsan reactivaci\u00f3n tur\u00edstica Carnival con su terminal Amber Cove dinamiza econom\u00eda de la costa Norte RD espera un verano de cierta normalidad en la llegada de visitantes Temas relacionados: Amber Cove, Carnival, Luis Abinader, Puerto Plata, Reino Unido, Rep\u00fablica Dominicana 30 marzo, 2021 Por R.A. &#13; 1 comentario Rep\u00fablica [&hellip;]<\/p>\n","protected":false},"author":4,"featured_media":0,"comment_status":"open","ping_status":"closed","sticky":false,"template":"","format":"standard","meta":{"om_disable_all_campaigns":false,"jnews-multi-image_gallery":[],"jnews_single_post":[],"jnews_primary_category":[],"jnews_social_meta":[],"footnotes":""},"categories":[41],"tags":[],"class_list":["post-104989","post","type-post","status-publish","format-standard","hentry","category-cruceros"],"_links":{"self":[{"href":"https:\/\/dimensionturistica.com\/es\/wp-json\/wp\/v2\/posts\/104989","targetHints":{"allow":["GET"]}}],"collection":[{"href":"https:\/\/dimensionturistica.com\/es\/wp-json\/wp\/v2\/posts"}],"about":[{"href":"https:\/\/dimensionturistica.com\/es\/wp-json\/wp\/v2\/types\/post"}],"author":[{"embeddable":true,"href":"https:\/\/dimensionturistica.com\/es\/wp-json\/wp\/v2\/users\/4"}],"replies":[{"embeddable":true,"href":"https:\/\/dimensionturistica.com\/es\/wp-json\/wp\/v2\/comments?post=104989"}],"version-history":[{"count":0,"href":"https:\/\/dimensionturistica.com\/es\/wp-json\/wp\/v2\/posts\/104989\/revisions"}],"wp:attachment":[{"href":"https:\/\/dimensionturistica.com\/es\/wp-json\/wp\/v2\/media?parent=104989"}],"wp:term":[{"taxonomy":"category","embeddable":true,"href":"https:\/\/dimensionturistica.com\/es\/wp-json\/wp\/v2\/categories?post=104989"},{"taxonomy":"post_tag","embeddable":true,"href":"https:\/\/dimensionturistica.com\/es\/wp-json\/wp\/v2\/tags?post=104989"}],"curies":[{"name":"wp","href":"https:\/\/api.w.org\/{rel}","templated":true}]}}