{"id":1049507,"date":"2025-09-23T17:23:06","date_gmt":"2025-09-23T17:23:06","guid":{"rendered":"https:\/\/dimensionturistica.com\/es\/?p=1049507"},"modified":"2025-09-23T17:23:06","modified_gmt":"2025-09-23T17:23:06","slug":"siete-tendencias-esenciales-de-belleza-en-la-semana-de-la-moda-de-londres","status":"publish","type":"post","link":"https:\/\/dimensionturistica.com\/es\/siete-tendencias-esenciales-de-belleza-en-la-semana-de-la-moda-de-londres\/","title":{"rendered":"Siete Tendencias Esenciales de Belleza en la Semana de la Moda de Londres"},"content":{"rendered":"<h3>Tendencias de Belleza en la Semana de la Moda de Londres: Un Viaje a la Vanguardia<\/h3>\n<p>La Semana de la Moda de Londres ha revelado una serie de tendencias de belleza impactantes que prometen transformar la forma en que se concibe el estilo. Este evento no solo es una pasarela para la moda, sino tambi\u00e9n un escaparate de innovaciones en el cuidado personal y la est\u00e9tica.<\/p>\n<h4>Maquillaje Deslumbrante<\/h4>\n<p>Uno de los aspectos m\u00e1s destacados han sido los looks de maquillaje audaces. Dise\u00f1adores y maquilladores han optado por colores vibrantes y efectos multidimensionales que desaf\u00edan las normas tradicionales. Los tonos brillantes en los p\u00e1rpados, combinados con delineados gr\u00e1ficos, han creado un lienzo de expresi\u00f3n art\u00edstica que invita a explorar la creatividad individual.<\/p>\n<p>Las t\u00e9cnicas de glitter han tomado el protagonismo, aportando un aire festivo. Este estilo no se limita a la noche; se ha incorporado a outfits diurnos, rompiendo la barrera entre lo formal e informal. Esto muestra una nueva perspectiva: la belleza no tiene horarios ni reglas.<\/p>\n<h4>Cabello que Deja Huella<\/h4>\n<p>Los peinados tambi\u00e9n han sido un punto focal. Desde melenas sueltas con ondas desestructuradas hasta recogidos inesperados que evocan un aire vintage, el cabello se ha convertido en una declaraci\u00f3n de intenciones. Las trenzas y accesorios llamativos est\u00e1n revolucionando la forma de llevar el cabello en el d\u00eda a d\u00eda, con un enfoque en la autenticidad y la individualidad.<\/p>\n<p>Los colores audaces, como los tonos pastel y ne\u00f3n, han hecho su regreso, destacando la nostalgia por \u00e9pocas anteriores y el deseo de experimentar con la identidad personal. La experimentaci\u00f3n capilar se ha validado en la pasarela, alentando a todos a expresar su esencia sin miedo.<\/p>\n<h4>Piel Radiante: Menos es M\u00e1s<\/h4>\n<p>La tendencia hacia un maquillaje m\u00e1s ligero ha ganado impulso, priorizando la salud de la piel. Las f\u00f3rmulas hidratantes y los acabados luminosos han desplazado a las coberturas pesadas, promoviendo una belleza m\u00e1s natural. Este aspecto refleja un cambio en la percepci\u00f3n de la est\u00e9tica, donde la piel radiante se convierte en la protagonista.<\/p>\n<p>Los productos enriquecidos con ingredientes naturales que promueven un brillo saludable est\u00e1n en auge. La b\u00fasqueda de un cutis impecable se ha convertido en un ritual, donde la preparaci\u00f3n de la piel es clave para un look fresco y aut\u00e9ntico.<\/p>\n<h4>Innovaciones en Cuidado Personal<\/h4>\n<p>La sostenibilidad ha sido otra tem\u00e1tica esencial que se ha sentido en cada rinc\u00f3n de la pasarela. Las marcas que ofrecen productos de belleza eco-amigables est\u00e1n ganando protagonismo. Desde envases reciclables hasta ingredientes org\u00e1nicos, la concienciaci\u00f3n sobre el impacto medioambiental est\u00e1 guiando las decisiones de compra de los consumidores.<\/p>\n<p>Adem\u00e1s, la inclusi\u00f3n de avances tecnol\u00f3gicos en el cuidado de la piel y el maquillaje se han hecho evidentes, prometiendo una experiencia m\u00e1s personalizada y efectiva. Las herramientas de maquillaje inteligentes y los dispositivos para el cuidado facial han revolucionado la rutina diaria de belleza, ofreciendo soluciones innovadoras para todos.<\/p>\n<h3>Un Nuevo Horizonte de Belleza<\/h3>\n<p>La Semana de la Moda de Londres sigue siendo un espacio donde la creatividad y la diversidad florecen. Las tendencias presentadas no solo reflejan el arte y la moda, sino que tambi\u00e9n fomentan un di\u00e1logo sobre qui\u00e9nes somos y c\u00f3mo deseamos ser vistos en el mundo. Con la intersecci\u00f3n de la moda y la belleza marcando el ritmo, la audiencia queda con la expectativa de qu\u00e9 nuevos conceptos surgir\u00e1n en el futuro cercano. \u00a1Totalmente imperdible!<\/p>\n<p><em> &#8221; Fuentes www.vogue.com &#8221; <\/em><\/p>\n","protected":false},"excerpt":{"rendered":"<p>Tendencias de Belleza en la Semana de la Moda de Londres: Un Viaje a la Vanguardia La Semana de la Moda de Londres ha revelado una serie de tendencias de belleza impactantes que prometen transformar la forma en que se concibe el estilo. Este evento no solo es una pasarela para la moda, sino tambi\u00e9n [&hellip;]<\/p>\n","protected":false},"author":14,"featured_media":1049508,"comment_status":"open","ping_status":"closed","sticky":false,"template":"","format":"standard","meta":{"om_disable_all_campaigns":false,"jnews-multi-image_gallery":[],"jnews_single_post":[],"jnews_primary_category":[],"jnews_social_meta":[],"footnotes":""},"categories":[144872],"tags":[13282,72867,190460,218283,166,204136,198593,94447,120189,213553,372,6194],"class_list":["post-1049507","post","type-post","status-publish","format-standard","has-post-thumbnail","hentry","category-fashion","tag-13282","tag-beauty","tag-cosmetics","tag-fall-beauty","tag-fashion","tag-london-fashion-week","tag-makeup","tag-runway","tag-skincare","tag-spring-beauty","tag-style","tag-trends"],"_links":{"self":[{"href":"https:\/\/dimensionturistica.com\/es\/wp-json\/wp\/v2\/posts\/1049507","targetHints":{"allow":["GET"]}}],"collection":[{"href":"https:\/\/dimensionturistica.com\/es\/wp-json\/wp\/v2\/posts"}],"about":[{"href":"https:\/\/dimensionturistica.com\/es\/wp-json\/wp\/v2\/types\/post"}],"author":[{"embeddable":true,"href":"https:\/\/dimensionturistica.com\/es\/wp-json\/wp\/v2\/users\/14"}],"replies":[{"embeddable":true,"href":"https:\/\/dimensionturistica.com\/es\/wp-json\/wp\/v2\/comments?post=1049507"}],"version-history":[{"count":0,"href":"https:\/\/dimensionturistica.com\/es\/wp-json\/wp\/v2\/posts\/1049507\/revisions"}],"wp:featuredmedia":[{"embeddable":true,"href":"https:\/\/dimensionturistica.com\/es\/wp-json\/wp\/v2\/media\/1049508"}],"wp:attachment":[{"href":"https:\/\/dimensionturistica.com\/es\/wp-json\/wp\/v2\/media?parent=1049507"}],"wp:term":[{"taxonomy":"category","embeddable":true,"href":"https:\/\/dimensionturistica.com\/es\/wp-json\/wp\/v2\/categories?post=1049507"},{"taxonomy":"post_tag","embeddable":true,"href":"https:\/\/dimensionturistica.com\/es\/wp-json\/wp\/v2\/tags?post=1049507"}],"curies":[{"name":"wp","href":"https:\/\/api.w.org\/{rel}","templated":true}]}}