{"id":104933,"date":"2021-03-30T23:29:07","date_gmt":"2021-03-30T23:29:07","guid":{"rendered":"https:\/\/dimensionturistica.com\/es\/?p=104933"},"modified":"2021-03-30T23:29:07","modified_gmt":"2021-03-30T23:29:07","slug":"el-mayor-regalo-de-cumpleanos-para-iker-las-mejores-manos-medicas","status":"publish","type":"post","link":"https:\/\/dimensionturistica.com\/es\/el-mayor-regalo-de-cumpleanos-para-iker-las-mejores-manos-medicas\/","title":{"rendered":"El mayor regalo de cumplea\u00f1os para Iker: las mejores manos m\u00e9dicas"},"content":{"rendered":"<p> <br \/>\n<\/p>\n<div itemprop=\"text\">\n<figure id=\"attachment_535588\" style=\"width: 1200px\" class=\"wp-caption aligncenter\"><img decoding=\"async\" class=\"wp-image-535588 size-full\" src=\"https:\/\/diariodeavisos.elespanol.com\/wp-content\/uploads\/2021\/03\/Iker-2.jpg\" alt=\"Iker, por fuera del hospital barcelon\u00e9s, la semana pasada. DA\" width=\"1200\" height=\"1045\" srcset=\"https:\/\/diariodeavisos.elespanol.com\/wp-content\/uploads\/2021\/03\/Iker-2.jpg 1200w, https:\/\/diariodeavisos.elespanol.com\/wp-content\/uploads\/2021\/03\/Iker-2-300x261.jpg 300w, https:\/\/diariodeavisos.elespanol.com\/wp-content\/uploads\/2021\/03\/Iker-2-768x669.jpg 768w, https:\/\/diariodeavisos.elespanol.com\/wp-content\/uploads\/2021\/03\/Iker-2-1024x892.jpg 1024w, https:\/\/diariodeavisos.elespanol.com\/wp-content\/uploads\/2021\/03\/Iker-2-225x195.jpg 225w\" sizes=\"(max-width: 1200px) 100vw, 1200px\"\/><figcaption class=\"wp-caption-text\">Iker, por fuera del hospital barcelon\u00e9s, la semana pasada. DA<\/figcaption><\/figure>\n<p>La mirada y el tono de voz de <strong>Melissa Campos<\/strong> son muy distintos a los de hace apenas un mes. Acaba de regresar de Barcelona, su primer viaje a la Pen\u00ednsula, con su hijo <a rel=\"nofollow noopener\" target=\"_blank\" href=\"https:\/\/diariodeavisos.elespanol.com\/2021\/03\/a-iker-el-nino-de-guargacho-ya-lo-esperan-los-medicos-en-barcelona\/\">Iker<\/a>, que hoy cumple cinco a\u00f1os. All\u00ed le ha examinado un equipo de Oncolog\u00eda, otro de Neurolog\u00eda y un tercero de Oftalmolog\u00eda del Hospital San Juan de Dios de la neurofibromatosis tipo 1 que padece el peque\u00f1o de Guargacho, un trastorno gen\u00e9tico que le genera la aparici\u00f3n de tumores en el tejido nervioso.<\/p>\n<p>Una gran cadena solidaria, que se activ\u00f3 espont\u00e1neamente por toda Espa\u00f1a despu\u00e9s de que el caso del peque\u00f1o sanmiguelero saliera a la luz en DIARIO DE AVISOS, ha facilitado el traslado del ni\u00f1o, junto a sus padres, a la capital catalana. Una vez que los tres especialistas exploraron al menor, le han dado cita para los d\u00edas 29 y 30 de junio y 1 de julio con el fin de realizarle una prueba en profundidad que su madre defini\u00f3 como \u201cun electroencefalograma durante toda una noche\u201d y que requerir\u00e1 el ingreso del ni\u00f1o.<\/p>\n<p>\u201cLos m\u00e9dicos nos han dado mucha confianza y han sido muy amables. Le hicieron a Iker una revisi\u00f3n t\u00e1ctil: los bultos de la cabeza, piernas, pies, espalda, columna y hasta le hicieron correr por el pasillo del hospital\u201d, explic\u00f3 a este peri\u00f3dico Melissa, de 29 a\u00f1os, que destac\u00f3 la \u201cpsicolog\u00eda y profesionalidad de los facultativos liderados por H\u00e9ctor Salvador, responsable del \u00e1rea de Enfermedades Neurocut\u00e1neas y Predisposici\u00f3n a C\u00e1ncer del Hospital San Juan de Dios.<\/p>\n<p>\u201cMe explicaban la enfermedad de Iker mientras jugaban con \u00e9l, porque su prioridad es que el ni\u00f1o perciba que no le va a pasar nada y que participa en un juego. Por ejemplo, cuando el ni\u00f1o vio la m\u00e1quina de oftalmolog\u00eda encargada de examinar su glioma (un tumor que se desarrolla en el nervio \u00f3ptico) empez\u00f3 a gritar. Entonces sacaron linternas de todos los colores y empezaron a jugar con \u00e9l. Y de esa manera el oftalm\u00f3logo le pudo mirar los ojos. Iker acab\u00f3 abraz\u00e1ndole y d\u00e1ndole besos. Al pasar delante del hospital, dec\u00eda adi\u00f3s, todo contento\u201d.<\/p>\n<p>Melissa reconoce que la triple consulta les ha dejado m\u00e1s tranquilos. \u201cH\u00e9ctor Salvador nos dijo que lo que m\u00e1s le preocupa es el comportamiento de Iker y que eso es lo m\u00e1s importante, porque es autista y \u00e9l quiere romper esa caja de cristal en la que vive, y nos recomend\u00f3 que contact\u00e1ramos con un psic\u00f3logo para trabajar su conducta\u201d, coment\u00f3 su madre.<\/p>\n<p>Adem\u00e1s, Melissa se\u00f1al\u00f3 que el onc\u00f3logo, que le coment\u00f3 que estaba al tanto de la repercusi\u00f3n medi\u00e1tica del caso, les advirti\u00f3 de que se trata de una enfermedad rara cuya evoluci\u00f3n resulta dif\u00edcil de pronosticar, pero tambi\u00e9n les calm\u00f3 conocer el protocolo de actuaci\u00f3n: \u201cNos dijo que estuvi\u00e9ramos tranquilos, porque \u00e9l hace revisiones cada tres meses y al m\u00ednimo s\u00edntoma que detecte le dar\u00e1 un tratamiento al ni\u00f1o\u201d.<\/p>\n<h2>reacci\u00f3n standard nacional<\/h2>\n<p>La historia de Iker ha dado la vuelta al pa\u00eds. Conocidos cantantes como Nando Ag\u00fcero y Bambax, y humoristas nacionales como J.J. Vaquero han impulsado una campa\u00f1a solidaria a trav\u00e9s de v\u00eddeos para apoyar al ni\u00f1o de Guargacho. Ayuntamientos como el de Colindres, en Cantabria, tras conocer el caso en Fb, tambi\u00e9n han anunciado acciones ben\u00e9ficas contra enfermedades raras como las que padece el peque\u00f1o tinerfe\u00f1o.<\/p>\n<p>La reacci\u00f3n standard ha sorprendido a la familia, que ha admitido sentirse \u201cabrumada\u201d por la respuesta solidaria en forma de visitas, llamadas, mensajes y v\u00eddeos en las redes sociales. Despu\u00e9s de que Melissa y su madre decidieran elaborar pulseras artesanales para sufragar los gastos del desplazamiento a la Ciudad Condal (tanto ella como su marido est\u00e1n en situaci\u00f3n de desempleo) decidieron encargar pulseras de silicona, \u201cporque no pod\u00edamos atender artesanalmente tanta demanda, ya que tardamos m\u00e1s de una hora en elaborar cada pulsera de piedras. Ahora las complementamos con otras de cuerda. Tenemos m\u00e1s de 1.000 nuevos pedidos, la mayor\u00eda de la Pen\u00ednsula\u201d, se\u00f1al\u00f3.<\/p>\n<p>Iker soplar\u00e1 hoy las velas de su quinto cumplea\u00f1os. Y lo har\u00e1 sobre una tarta de su superh\u00e9roe favorito, Iron Man, y un sal\u00f3n lleno de globos. Su mirada y sus risas son las de un ni\u00f1o lleno de vida, \u201cagradecido y feliz\u201d, en palabras de su madre y que en tres meses volver\u00e1 a subirse a un avi\u00f3n para viajar a Barcelona y seguir jugando con sus nuevos amigos de batas blancas que le iluminan la cara con luces de colores.<\/p>\n<\/div>\n<p><script async defer crossorigin=\"anonymous\" src=\"https:\/\/connect.facebook.net\/es_ES\/sdk.js#xfbml=1&#038;version=v9.0&#038;appId=170522456351149\" nonce=\"FcRb8Pgp\"><\/script><br \/>\n<br \/><\/p>\n<p><em> &#8221; Fuentes diariodeavisos.elespanol.com &#8221; <\/em><\/p>\n","protected":false},"excerpt":{"rendered":"<p>Iker, por fuera del hospital barcelon\u00e9s, la semana pasada. DA La mirada y el tono de voz de Melissa Campos son muy distintos a los de hace apenas un mes. Acaba de regresar de Barcelona, su primer viaje a la Pen\u00ednsula, con su hijo Iker, que hoy cumple cinco a\u00f1os. All\u00ed le ha examinado un [&hellip;]<\/p>\n","protected":false},"author":4,"featured_media":104934,"comment_status":"open","ping_status":"closed","sticky":false,"template":"","format":"standard","meta":{"om_disable_all_campaigns":false,"jnews-multi-image_gallery":[],"jnews_single_post":[],"jnews_primary_category":[],"jnews_social_meta":[],"footnotes":""},"categories":[39],"tags":[],"class_list":["post-104933","post","type-post","status-publish","format-standard","has-post-thumbnail","hentry","category-viajes"],"_links":{"self":[{"href":"https:\/\/dimensionturistica.com\/es\/wp-json\/wp\/v2\/posts\/104933","targetHints":{"allow":["GET"]}}],"collection":[{"href":"https:\/\/dimensionturistica.com\/es\/wp-json\/wp\/v2\/posts"}],"about":[{"href":"https:\/\/dimensionturistica.com\/es\/wp-json\/wp\/v2\/types\/post"}],"author":[{"embeddable":true,"href":"https:\/\/dimensionturistica.com\/es\/wp-json\/wp\/v2\/users\/4"}],"replies":[{"embeddable":true,"href":"https:\/\/dimensionturistica.com\/es\/wp-json\/wp\/v2\/comments?post=104933"}],"version-history":[{"count":0,"href":"https:\/\/dimensionturistica.com\/es\/wp-json\/wp\/v2\/posts\/104933\/revisions"}],"wp:featuredmedia":[{"embeddable":true,"href":"https:\/\/dimensionturistica.com\/es\/wp-json\/wp\/v2\/media\/104934"}],"wp:attachment":[{"href":"https:\/\/dimensionturistica.com\/es\/wp-json\/wp\/v2\/media?parent=104933"}],"wp:term":[{"taxonomy":"category","embeddable":true,"href":"https:\/\/dimensionturistica.com\/es\/wp-json\/wp\/v2\/categories?post=104933"},{"taxonomy":"post_tag","embeddable":true,"href":"https:\/\/dimensionturistica.com\/es\/wp-json\/wp\/v2\/tags?post=104933"}],"curies":[{"name":"wp","href":"https:\/\/api.w.org\/{rel}","templated":true}]}}