{"id":1048855,"date":"2025-09-22T15:12:44","date_gmt":"2025-09-22T15:12:44","guid":{"rendered":"https:\/\/dimensionturistica.com\/es\/?p=1048855"},"modified":"2025-09-22T15:12:44","modified_gmt":"2025-09-22T15:12:44","slug":"aumento-del-12-en-las-reservas-vacacionales-de-los-espanoles-este-verano","status":"publish","type":"post","link":"https:\/\/dimensionturistica.com\/es\/aumento-del-12-en-las-reservas-vacacionales-de-los-espanoles-este-verano\/","title":{"rendered":"Aumento del 12% en las reservas vacacionales de los espa\u00f1oles este verano"},"content":{"rendered":"<h3>Un Verano de Nuevas Oportunidades: El Auge de los Viajes en Espa\u00f1a<\/h3>\n<p>El verano de 2023 ha tra\u00eddo consigo una renovada pasi\u00f3n por los viajes entre los espa\u00f1oles. Con un incremento en las reservas del 12% en comparaci\u00f3n con el a\u00f1o anterior, es evidente que la necesidad de desconectar y explorar nuevos horizontes ha ganado terreno. Este fen\u00f3meno no solo refleja un deseo profundo de aventura, sino tambi\u00e9n un cambio en la forma en que los viajeros abordan sus escapadas.<\/p>\n<p>Los destinos nacionales se han convertido en una opci\u00f3n atractiva, ya que los espa\u00f1oles buscan redescubrir la riqueza y diversidad de su propio pa\u00eds. Desde las impresionantes playas del Mediterr\u00e1neo hasta los majestuosos paisajes de la pen\u00ednsula, las posibilidades son infinitas. Ciudades como Barcelona, Madrid y Sevilla se mantienen como grandes imanes tur\u00edsticos, pero cada vez m\u00e1s, joyas menos conocidas, como los encantadores pueblos de la costa y las serran\u00edas interiores, est\u00e1n captando la atenci\u00f3n de los viajeros \u00e1vidos de autenticidad.<\/p>\n<p>Uno de los factores que han contribuido a este aumento en las reservas es la mejora de la situaci\u00f3n sanitaria y la eliminaci\u00f3n de restricciones que a\u00fan pesaban en veranos pasados. Los viajeros, liberados del temor a las cancelaciones y restricciones, se sienten m\u00e1s motivados a planear escapadas tanto cortas como prolongadas. Adem\u00e1s, la digitalizaci\u00f3n ha simplificado el proceso de planificaci\u00f3n, permitiendo a los viajeros acceder a una amplia gama de opciones de alojamiento, transporte y experiencias personalizadas.<\/p>\n<p>Los grupos familiares y los viajes en pareja son especialmente populares este a\u00f1o, reflejando un deseo de compartir momentos especiales y crear recuerdos duraderos. Las escapadas urbanas, las vacaciones en la playa y las excursiones a la naturaleza est\u00e1n entre las preferencias m\u00e1s destacadas. Asimismo, el auge del turismo rural se consolida, con un inter\u00e9s creciente en alojamientos en entornos naturales que ofrecen tranquilidad y conexi\u00f3n con el entorno.<\/p>\n<p>No obstante, la b\u00fasqueda de experiencias \u00fanicas ha dado lugar a un inter\u00e9s notable por los viajes tem\u00e1ticos. Desde rutas gastron\u00f3micas que prometen deleitar los paladares m\u00e1s exigentes hasta itinerarios culturales que permiten a los visitantes sumergirse en la historia y las tradiciones locales, los espa\u00f1oles buscan enriquecer sus viajes con significado y prop\u00f3sito.<\/p>\n<p>Sin duda, el equilibrio entre el deseo de explorar y la necesidad de descansar ha impulsado a muchos a poner en pr\u00e1ctica planes que, quiz\u00e1s, hab\u00edan sido pospuestos durante a\u00f1os. Este verano representa una oportunidad no solo para disfrutar de nuevas aventuras, sino tambi\u00e9n para reconectar con seres queridos y celebrar la vida.<\/p>\n<p>En resumen, Espa\u00f1a se presenta este verano como un destino en pleno auge, donde los espa\u00f1oles est\u00e1n listos para llenar sus maletas de recuerdos y experiencias. Con un panorama que promete aventuras memorables, es el momento perfecto para dejarse llevar por la emoci\u00f3n de viajar y descubrir lo que nuestro propio pa\u00eds tiene para ofrecer. \u00a1La aventura comienza ahora!<\/p>\n<p><em> &#8221; Fuentes okdiario.com &#8221; <\/em><\/p>\n","protected":false},"excerpt":{"rendered":"<p>Un Verano de Nuevas Oportunidades: El Auge de los Viajes en Espa\u00f1a El verano de 2023 ha tra\u00eddo consigo una renovada pasi\u00f3n por los viajes entre los espa\u00f1oles. Con un incremento en las reservas del 12% en comparaci\u00f3n con el a\u00f1o anterior, es evidente que la necesidad de desconectar y explorar nuevos horizontes ha ganado [&hellip;]<\/p>\n","protected":false},"author":4,"featured_media":1048856,"comment_status":"open","ping_status":"closed","sticky":false,"template":"","format":"standard","meta":{"om_disable_all_campaigns":false,"jnews-multi-image_gallery":[],"jnews_single_post":[],"jnews_primary_category":[],"jnews_social_meta":[],"footnotes":""},"categories":[39],"tags":[7315,715,770,2924,1865,2182,544,1861,2873,545],"class_list":["post-1048855","post","type-post","status-publish","format-standard","has-post-thumbnail","hentry","category-viajes","tag-crecimiento","tag-economia","tag-espana","tag-estadisticas","tag-reservas","tag-tendencias","tag-turismo","tag-vacaciones","tag-verano","tag-viajes"],"_links":{"self":[{"href":"https:\/\/dimensionturistica.com\/es\/wp-json\/wp\/v2\/posts\/1048855","targetHints":{"allow":["GET"]}}],"collection":[{"href":"https:\/\/dimensionturistica.com\/es\/wp-json\/wp\/v2\/posts"}],"about":[{"href":"https:\/\/dimensionturistica.com\/es\/wp-json\/wp\/v2\/types\/post"}],"author":[{"embeddable":true,"href":"https:\/\/dimensionturistica.com\/es\/wp-json\/wp\/v2\/users\/4"}],"replies":[{"embeddable":true,"href":"https:\/\/dimensionturistica.com\/es\/wp-json\/wp\/v2\/comments?post=1048855"}],"version-history":[{"count":0,"href":"https:\/\/dimensionturistica.com\/es\/wp-json\/wp\/v2\/posts\/1048855\/revisions"}],"wp:featuredmedia":[{"embeddable":true,"href":"https:\/\/dimensionturistica.com\/es\/wp-json\/wp\/v2\/media\/1048856"}],"wp:attachment":[{"href":"https:\/\/dimensionturistica.com\/es\/wp-json\/wp\/v2\/media?parent=1048855"}],"wp:term":[{"taxonomy":"category","embeddable":true,"href":"https:\/\/dimensionturistica.com\/es\/wp-json\/wp\/v2\/categories?post=1048855"},{"taxonomy":"post_tag","embeddable":true,"href":"https:\/\/dimensionturistica.com\/es\/wp-json\/wp\/v2\/tags?post=1048855"}],"curies":[{"name":"wp","href":"https:\/\/api.w.org\/{rel}","templated":true}]}}