{"id":104883,"date":"2021-03-30T21:41:58","date_gmt":"2021-03-30T21:41:58","guid":{"rendered":"https:\/\/dimensionturistica.com\/es\/?p=104883"},"modified":"2021-03-30T21:41:58","modified_gmt":"2021-03-30T21:41:58","slug":"guatemala-refuerza-su-frontera-con-honduras-para-contener-a-caravana-migrante","status":"publish","type":"post","link":"https:\/\/dimensionturistica.com\/es\/guatemala-refuerza-su-frontera-con-honduras-para-contener-a-caravana-migrante\/","title":{"rendered":"Guatemala refuerza su frontera con Honduras para contener a caravana migrante"},"content":{"rendered":"<p> <br \/>\n<\/p>\n<div id=\"\">\n<span class=\"show-for-sr\">Este contenido fue publicado el 30 marzo 2021 &#8211; 20:59<\/span><br \/>\n<time class=\"si-detail__date\" datetime=\"2021-03-30T20:59:40+02:00\"><br \/>\n<span aria-hidden=\"true\">30 marzo 2021 &#8211; 20:59<\/span><br \/>\n<\/time><\/p>\n<address class=\"si-detail__author\" data-uk-scrollspy=\"hidden: false; repeat: true; offset-top: -50\">\n<\/address>\n<p>Ciudad de Guatemala, 30 mar (EFE).- El Gobierno de Guatemala reforz\u00f3 este martes los puestos fronterizos y rutas posibles para contener una tentativa caravana migratoria de hondure\u00f1os anunciada en d\u00edas pasados.<\/p>\n<p>El Instituto Guatemalteco de Migraci\u00f3n asegur\u00f3 a periodistas que mantiene &#8220;los monitoreos en los puestos fronterizos con Honduras en El Corinto, El Florido y Agua Caliente&#8221;, con la finalidad de &#8220;promover una migraci\u00f3n regular, ordenada y segura&#8221;.<\/p>\n<p>La Polic\u00eda Nacional Civil, por su parte, asegur\u00f3 a Efe que adem\u00e1s de reforzar rutas y fronteras &#8220;se incrementaron los operativos&#8221; en los cinco departamentos donde el Gobierno decret\u00f3 el lunes estado de prevenci\u00f3n ante la posible llegada de una caravana.<\/p>\n<p>El portavoz de la Polic\u00eda, Edwin Monroy, indic\u00f3 que la entidad armada envi\u00f3 a fuerzas especiales y antinarc\u00f3ticas y de las divisiones de Seguridad Tur\u00edstica, de Puertos y Aeropuertos Fronterizos, de Protecci\u00f3n a la Naturaleza, as\u00ed como a investigadores y private de la Direcci\u00f3n Basic.<\/p>\n<p>El Gobierno de Guatemala decret\u00f3 el estado de prevenci\u00f3n en los departamentos de Izabal (noreste), Zacapa, Chiquimula, El Progreso (este) y Pet\u00e9n (norte), que facultar\u00e1 a la fuerza p\u00fablica para disolver &#8220;toda reuni\u00f3n, grupo o manifestaci\u00f3n que se lleve a cabo sin autorizaci\u00f3n&#8221;, seg\u00fan el documento.<\/p>\n<p>El estado de prevenci\u00f3n, firmado por el presidente, Alejandro Giammattei, y su consejo de ministros, advirti\u00f3 que la caravana migrante y la pandemia podr\u00edan poner en &#8220;peligro a la poblaci\u00f3n y autoridades de Guatemala, inclusive a los propios migrantes a quienes tambi\u00e9n se les debe proteger&#8221;.<\/p>\n<p>El lunes por la noche, un grupo de alrededor de 400 personas se reunieron en la principal terminal de autobuses en San Pedro Sula, con el objetivo de viajar en caravana a Estados Unidos.<\/p>\n<p>Sin embargo, seg\u00fan el Instituto Guatemalteco de Migraci\u00f3n, este martes \u00fanicamente hab\u00eda un grupo &#8220;no significativo&#8221; de migrantes hondure\u00f1os dirigi\u00e9ndose hacia Guatemala, &#8220;con tendencia a disolverse conforme se aproxime hacia la frontera&#8221;, pues las autoridades del vecino pa\u00eds tambi\u00e9n &#8220;realizan operativos para contener el flujo migratorio&#8221;.<\/p>\n<p>En enero pasado, las fuerzas de seguridad guatemaltecas bloquearon el paso en Chiquimula (este) a una caravana migratoria de unos 6.000 hondure\u00f1os y disolvi\u00f3 por la fuerza al grupo, que se vio obligado a huir a los poblados cercanos y regresar a su pa\u00eds.<\/p>\n<p>Otros 3.000 hondure\u00f1os intentaron seguir por otra ruta en ese momento, pero las autoridades guatemaltecas tambi\u00e9n lograron diluir su paso hacia M\u00e9xico y Estados Unidos.<\/p>\n<p>El objetivo de los migrantes hondure\u00f1os es llegar a Estados Unidos para tener mejores condiciones de vida, alejados de la pobreza y la violencia que azotan el istmo centroamericano, especialmente despu\u00e9s de la pandemia y los huracanes Eta y Iota, que tocaron tierra en noviembre de 2020. EFE<\/p>\n<p>\u00a9 EFE 2021. Est\u00e1 expresamente prohibida la redistribuci\u00f3n y la redifusi\u00f3n de todo o parte de los contenidos de los servicios de Efe, sin previo y expreso consentimiento de la Agencia EFE S.A.<\/p>\n<\/p><\/div>\n\n<p><em> &#8221; Fuentes www.swissinfo.ch &#8221; <\/em><\/p>\n","protected":false},"excerpt":{"rendered":"<p>Este contenido fue publicado el 30 marzo 2021 &#8211; 20:59 30 marzo 2021 &#8211; 20:59 Ciudad de Guatemala, 30 mar (EFE).- El Gobierno de Guatemala reforz\u00f3 este martes los puestos fronterizos y rutas posibles para contener una tentativa caravana migratoria de hondure\u00f1os anunciada en d\u00edas pasados. El Instituto Guatemalteco de Migraci\u00f3n asegur\u00f3 a periodistas que [&hellip;]<\/p>\n","protected":false},"author":4,"featured_media":0,"comment_status":"open","ping_status":"closed","sticky":false,"template":"","format":"standard","meta":{"om_disable_all_campaigns":false,"jnews-multi-image_gallery":[],"jnews_single_post":[],"jnews_primary_category":[],"jnews_social_meta":[],"footnotes":""},"categories":[39],"tags":[],"class_list":["post-104883","post","type-post","status-publish","format-standard","hentry","category-viajes"],"_links":{"self":[{"href":"https:\/\/dimensionturistica.com\/es\/wp-json\/wp\/v2\/posts\/104883","targetHints":{"allow":["GET"]}}],"collection":[{"href":"https:\/\/dimensionturistica.com\/es\/wp-json\/wp\/v2\/posts"}],"about":[{"href":"https:\/\/dimensionturistica.com\/es\/wp-json\/wp\/v2\/types\/post"}],"author":[{"embeddable":true,"href":"https:\/\/dimensionturistica.com\/es\/wp-json\/wp\/v2\/users\/4"}],"replies":[{"embeddable":true,"href":"https:\/\/dimensionturistica.com\/es\/wp-json\/wp\/v2\/comments?post=104883"}],"version-history":[{"count":0,"href":"https:\/\/dimensionturistica.com\/es\/wp-json\/wp\/v2\/posts\/104883\/revisions"}],"wp:attachment":[{"href":"https:\/\/dimensionturistica.com\/es\/wp-json\/wp\/v2\/media?parent=104883"}],"wp:term":[{"taxonomy":"category","embeddable":true,"href":"https:\/\/dimensionturistica.com\/es\/wp-json\/wp\/v2\/categories?post=104883"},{"taxonomy":"post_tag","embeddable":true,"href":"https:\/\/dimensionturistica.com\/es\/wp-json\/wp\/v2\/tags?post=104883"}],"curies":[{"name":"wp","href":"https:\/\/api.w.org\/{rel}","templated":true}]}}