{"id":1048796,"date":"2025-09-22T12:46:36","date_gmt":"2025-09-22T12:46:36","guid":{"rendered":"https:\/\/dimensionturistica.com\/es\/?p=1048796"},"modified":"2025-09-22T12:46:36","modified_gmt":"2025-09-22T12:46:36","slug":"los-espanoles-programan-un-12-mas-de-actividades-y-opciones-de-ocio","status":"publish","type":"post","link":"https:\/\/dimensionturistica.com\/es\/los-espanoles-programan-un-12-mas-de-actividades-y-opciones-de-ocio\/","title":{"rendered":"Los espa\u00f1oles programan un 12% m\u00e1s de actividades y opciones de ocio."},"content":{"rendered":"<h1>La \u00c9poca Dorada del Turismo Espa\u00f1ol: Un Verano de R\u00e9cords y Nuevas Experiencias<\/h1>\n<p>El verano del 2023 ha marcado un hito en la movilidad de los espa\u00f1oles, quienes han decidido explorar m\u00e1s que nunca. Con un incremento del 12% en las reservas de actividades y planes, la temporada ha sido un verdadero fest\u00edn para los amantes del turismo. A medida que las restricciones de la pandemia se desvanecen y la normalidad regresa, los viajeros nacionales han mostrado un entusiasmo renovado por aventurarse y descubrir nuevas experiencias a lo largo y ancho del pa\u00eds.<\/p>\n<h2>Un Aumento Sin Precedentes en las Reservas<\/h2>\n<p>Las cifras hablan por s\u00ed solas: una notable cantidad de ciudadanos ha reservado viajes, excursiones y actividades para disfrutar de su tiempo libre. Este a\u00f1o, el inter\u00e9s no solo se ha concentrado en los destinos cl\u00e1sicos, sino que tambi\u00e9n ha emergido una tendencia por incorporar actividades al aire libre, que permiten a los viajeros explorar la belleza natural de Espa\u00f1a. Desde rutas de senderismo en los Picos de Europa hasta experiencias gastron\u00f3micas en peque\u00f1as aldeas, cada rinc\u00f3n del pa\u00eds est\u00e1 experimentando un resurgimiento.<\/p>\n<p>Adem\u00e1s, el auge de las plataformas digitales ha facilitado la planificaci\u00f3n de escapadas y la b\u00fasqueda de actividades que se ajusten a todos los gustos y presupuestos. Los espa\u00f1oles est\u00e1n no solo viajando m\u00e1s, sino que est\u00e1n buscando experiencias \u00fanicas que les permitan conectarse con la cultura local y la naturaleza.<\/p>\n<h2>Redescubriendo lo Local<\/h2>\n<p>El turismo de cercan\u00eda ha cobrado una fuerza impresionante. Muchos viajeros han optado por redescubrir sus propias regiones, lo que ha permitido un flujo de ingresos vital para peque\u00f1os negocios y emprendedores locales. La gastronom\u00eda t\u00edpica, las tradiciones art\u00edsticas y las festividades populares se han convertido en un atractivo esencial para aquellas personas que desean escapar de la rutina diaria.<\/p>\n<p>Las salas de exposici\u00f3n, mercados y ferias tambi\u00e9n se han llenado de visitantes deseosos de disfrutar lo mejor que su comunidad tiene para ofrecer. Este fen\u00f3meno ha favorecido no solo a los grandes destinos tur\u00edsticos, sino que tambi\u00e9n ha permitido que esas peque\u00f1as localidades que a menudo pasan desapercibidas reciban la atenci\u00f3n que merecen.<\/p>\n<h2>Un Futuro Prometedor<\/h2>\n<p>Las proyecciones para el pr\u00f3ximo a\u00f1o son optimistas. La tendencia de viajar, experimentar y disfrutar est\u00e1 destinada a crecer. A medida que el turismo se reconfigura, se hace evidente que los viajeros buscan algo m\u00e1s que simplemente descansar; quieren conectar, aprender y explorar. Este cambio de paradigma est\u00e1 dando lugar a una nueva filosof\u00eda de viaje que pone el \u00e9nfasis en la sostenibilidad y el respeto por los entornos naturales y culturales.<\/p>\n<p>El futuro del turismo se perfila as\u00ed: m\u00e1s consciente, m\u00e1s inclusivo y m\u00e1s vibrante. Desde el senderismo en los Parques Naturales hasta los talleres de artesan\u00eda en peque\u00f1as localidades, Espa\u00f1a parece estar lista para brindar experiencias que no solo llenen \u00e1lbumes de fotos, sino que tambi\u00e9n dejen un impacto positivo en quienes las viven.<\/p>\n<h2>Conclusi\u00f3n<\/h2>\n<p>El verano de r\u00e9cord de 2023 se presenta como un cambio de era para los viajeros espa\u00f1oles. La pasi\u00f3n por la exploraci\u00f3n, el descubrimiento local y el deseo de aventuras renovadas est\u00e1n reconfigurando el panorama tur\u00edstico del pa\u00eds. Mientras nos adentramos en un nuevo ciclo, la invitaci\u00f3n es clara: salir, explorar, vivir y disfrutar de todo lo que este hermoso pa\u00eds tiene para ofrecer. Sin duda, cada viaje se convierte en una historia \u00fanica que merece ser contada.<\/p>\n<p><em> &#8221; Fuentes www.larazon.es &#8221; <\/em><\/p>\n","protected":false},"excerpt":{"rendered":"<p>La \u00c9poca Dorada del Turismo Espa\u00f1ol: Un Verano de R\u00e9cords y Nuevas Experiencias El verano del 2023 ha marcado un hito en la movilidad de los espa\u00f1oles, quienes han decidido explorar m\u00e1s que nunca. Con un incremento del 12% en las reservas de actividades y planes, la temporada ha sido un verdadero fest\u00edn para los [&hellip;]<\/p>\n","protected":false},"author":4,"featured_media":1048797,"comment_status":"open","ping_status":"closed","sticky":false,"template":"","format":"standard","meta":{"om_disable_all_campaigns":false,"jnews-multi-image_gallery":[],"jnews_single_post":[],"jnews_primary_category":[],"jnews_social_meta":[],"footnotes":""},"categories":[39],"tags":[1105,1547,5684,2925,3657,1865,2182,544],"class_list":["post-1048796","post","type-post","status-publish","format-standard","has-post-thumbnail","hentry","category-viajes","tag-actividades","tag-aumento","tag-espanoles","tag-ocio","tag-planes","tag-reservas","tag-tendencias","tag-turismo"],"_links":{"self":[{"href":"https:\/\/dimensionturistica.com\/es\/wp-json\/wp\/v2\/posts\/1048796","targetHints":{"allow":["GET"]}}],"collection":[{"href":"https:\/\/dimensionturistica.com\/es\/wp-json\/wp\/v2\/posts"}],"about":[{"href":"https:\/\/dimensionturistica.com\/es\/wp-json\/wp\/v2\/types\/post"}],"author":[{"embeddable":true,"href":"https:\/\/dimensionturistica.com\/es\/wp-json\/wp\/v2\/users\/4"}],"replies":[{"embeddable":true,"href":"https:\/\/dimensionturistica.com\/es\/wp-json\/wp\/v2\/comments?post=1048796"}],"version-history":[{"count":0,"href":"https:\/\/dimensionturistica.com\/es\/wp-json\/wp\/v2\/posts\/1048796\/revisions"}],"wp:featuredmedia":[{"embeddable":true,"href":"https:\/\/dimensionturistica.com\/es\/wp-json\/wp\/v2\/media\/1048797"}],"wp:attachment":[{"href":"https:\/\/dimensionturistica.com\/es\/wp-json\/wp\/v2\/media?parent=1048796"}],"wp:term":[{"taxonomy":"category","embeddable":true,"href":"https:\/\/dimensionturistica.com\/es\/wp-json\/wp\/v2\/categories?post=1048796"},{"taxonomy":"post_tag","embeddable":true,"href":"https:\/\/dimensionturistica.com\/es\/wp-json\/wp\/v2\/tags?post=1048796"}],"curies":[{"name":"wp","href":"https:\/\/api.w.org\/{rel}","templated":true}]}}