{"id":104873,"date":"2021-03-30T21:19:04","date_gmt":"2021-03-30T21:19:04","guid":{"rendered":"https:\/\/dimensionturistica.com\/es\/?p=104873"},"modified":"2021-03-30T21:19:04","modified_gmt":"2021-03-30T21:19:04","slug":"royal-caribbean-recibira-el-crucero-odyssey-of-the-seas-el-31-de-marzo","status":"publish","type":"post","link":"https:\/\/dimensionturistica.com\/es\/royal-caribbean-recibira-el-crucero-odyssey-of-the-seas-el-31-de-marzo\/","title":{"rendered":"Royal Caribbean recibir\u00e1 el crucero Odyssey of the Seas el 31 de marzo"},"content":{"rendered":"<p> <br \/>\n<\/p>\n<div style=\"margin-top:0px;\">\n<p><strong><span id=\"more-88602\"\/>Por Redacci\u00f3n PortalCruceros.cl<\/strong><\/p>\n<p><strong>@PortalCruceros<\/strong><\/p>\n<hr\/>\n<p style=\"text-align: justify;\">El crucero m\u00e1s nuevo de <strong>Royal Caribbean<\/strong> se unir\u00e1 oficialmente a la flota esta semana, ya que est\u00e1 programado que <strong>Odyssey of the Seas<\/strong> se entregue este 31 de marzo de 2021.<\/p>\n<p style=\"text-align: justify;\"><img decoding=\"async\" loading=\"lazy\" class=\"alignright  wp-image-87987\" src=\"https:\/\/dimensionturistica.com\/es\/wp-content\/uploads\/2021\/02\/Odyssey-of-the-Seas-inicia-traslado-al-Mar-del-Norte.jpg\" alt=\"\" width=\"444\" height=\"226\"  \/>Hasta el mi\u00e9rcoles, <strong>el astillero Meyer Werft<\/strong> sigue siendo t\u00e9cnicamente propietario del barco.<\/p>\n<p style=\"text-align: justify;\">La entrega de un crucero ven\u00eda precedida de una ceremonia entre los representantes del astillero y la l\u00ednea de cruceros para firmar el trato y estrechar la mano.<\/p>\n<p style=\"text-align: justify;\">En vista de la disaster por coronavirus, Royal Caribbean llevar\u00e1 a cabo un evento especial en Fb Stay, liderado por el <strong>vicepresidente senior de entretenimiento de Royal Caribbean Worldwide, Nick Weir.<\/strong><\/p>\n<p style=\"text-align: justify;\">El evento incluir\u00e1 la bendici\u00f3n del barco de Odyssey of the Seas y una actuaci\u00f3n a bordo de Two70.<\/p>\n<p style=\"text-align: justify;\">En la actividad participar\u00e1n la <strong>presidenta y directora ejecutiva de Royal Caribbean Worldwide, Michaely Bayley, junto con el presidente de Royal Caribbean Group, Richard Fain.<\/strong><\/p>\n<hr\/>\n<p>\t\t <!-- banner --><br \/>\n<!--\t \n\n<div style=\"margin-top: 15px;\"><\/div>\n\n\n<a rel=\"nofollow noopener\" target=\"_blank\" href=\"https:\/\/www.linkedin.com\/company\/portalcruceros-cl\/\">\n\t<img decoding=\"async\" src=\"https:\/\/dimensionturistica.com\/es\/wp-content\/uploads\/2020\/09\/Knud-E-Hansen-disena-nuevo-crucero-de-expedicion-rompehielos.gif\" \/>\n\t<\/a> --><\/p>\n<p>\t<!-- banner end --><\/p>\n<p>\t\t <!-- notas relacionadas --><\/p>\n<hr\/>\n<p>\t\t   <!-- fin notas relacionadas --><\/p><\/div>\n\n<p><em> &#8221; Fuentes portalcruceros.cl &#8221; <\/em><\/p>\n","protected":false},"excerpt":{"rendered":"<p>Por Redacci\u00f3n PortalCruceros.cl @PortalCruceros El crucero m\u00e1s nuevo de Royal Caribbean se unir\u00e1 oficialmente a la flota esta semana, ya que est\u00e1 programado que Odyssey of the Seas se entregue este 31 de marzo de 2021. Hasta el mi\u00e9rcoles, el astillero Meyer Werft sigue siendo t\u00e9cnicamente propietario del barco. La entrega de un crucero ven\u00eda [&hellip;]<\/p>\n","protected":false},"author":4,"featured_media":87550,"comment_status":"open","ping_status":"closed","sticky":false,"template":"","format":"standard","meta":{"om_disable_all_campaigns":false,"jnews-multi-image_gallery":[],"jnews_single_post":[],"jnews_primary_category":[],"jnews_social_meta":[],"footnotes":""},"categories":[41],"tags":[],"class_list":["post-104873","post","type-post","status-publish","format-standard","has-post-thumbnail","hentry","category-cruceros"],"_links":{"self":[{"href":"https:\/\/dimensionturistica.com\/es\/wp-json\/wp\/v2\/posts\/104873","targetHints":{"allow":["GET"]}}],"collection":[{"href":"https:\/\/dimensionturistica.com\/es\/wp-json\/wp\/v2\/posts"}],"about":[{"href":"https:\/\/dimensionturistica.com\/es\/wp-json\/wp\/v2\/types\/post"}],"author":[{"embeddable":true,"href":"https:\/\/dimensionturistica.com\/es\/wp-json\/wp\/v2\/users\/4"}],"replies":[{"embeddable":true,"href":"https:\/\/dimensionturistica.com\/es\/wp-json\/wp\/v2\/comments?post=104873"}],"version-history":[{"count":0,"href":"https:\/\/dimensionturistica.com\/es\/wp-json\/wp\/v2\/posts\/104873\/revisions"}],"wp:featuredmedia":[{"embeddable":true,"href":"https:\/\/dimensionturistica.com\/es\/wp-json\/wp\/v2\/media\/87550"}],"wp:attachment":[{"href":"https:\/\/dimensionturistica.com\/es\/wp-json\/wp\/v2\/media?parent=104873"}],"wp:term":[{"taxonomy":"category","embeddable":true,"href":"https:\/\/dimensionturistica.com\/es\/wp-json\/wp\/v2\/categories?post=104873"},{"taxonomy":"post_tag","embeddable":true,"href":"https:\/\/dimensionturistica.com\/es\/wp-json\/wp\/v2\/tags?post=104873"}],"curies":[{"name":"wp","href":"https:\/\/api.w.org\/{rel}","templated":true}]}}