{"id":1048328,"date":"2025-09-21T10:54:16","date_gmt":"2025-09-21T10:54:16","guid":{"rendered":"https:\/\/dimensionturistica.com\/es\/?p=1048328"},"modified":"2025-09-21T10:54:16","modified_gmt":"2025-09-21T10:54:16","slug":"los-diputados-han-invertido-84-millones-de-euros-en-desplazamientos-dentro-del-pais-durante-dos-anos-de-mandato","status":"publish","type":"post","link":"https:\/\/dimensionturistica.com\/es\/los-diputados-han-invertido-84-millones-de-euros-en-desplazamientos-dentro-del-pais-durante-dos-anos-de-mandato\/","title":{"rendered":"Los diputados han invertido 8,4 millones de euros en desplazamientos dentro del pa\u00eds durante dos a\u00f1os de mandato."},"content":{"rendered":"<h3>El Viaje como Reflejo de la Realidad Pol\u00edtica: Cuando los Gastos y el Turismo se Encuentran<\/h3>\n<p>En el contexto pol\u00edtico actual, es fascinante observar c\u00f3mo los viajes pueden ser un reflejo de no solo la actividad legislativa, sino tambi\u00e9n de pr\u00e1cticas administrativas que despiertan tanto curiosidad como controversia. Recientemente, se ha revelado que en un periodo de dos a\u00f1os, el Congreso ha invertido la asombrosa suma de 84 millones de euros en viajes nacionales de diputados. Esta cifra, que podr\u00eda equivaler a la construcci\u00f3n de infraestructuras tur\u00edsticas o la inversi\u00f3n en programas culturales, plantea un interesante dilema sobre el uso de recursos y su justificaci\u00f3n en tiempos de econom\u00eda compartida.<\/p>\n<h3>El Turismo Pol\u00edtico: Un Fen\u00f3meno en Expansi\u00f3n<\/h3>\n<p>La idea de un &#8220;turismo pol\u00edtico&#8221; no es nueva. Pa\u00edses con tradiciones democr\u00e1ticas fuertes han sabido combinar la actividad pol\u00edtica con la promoci\u00f3n de sus destinos, proporcionando una ventana de oportunidades a los visitantes. Sin embargo, lo que se observ\u00f3 recientemente en el Congreso pone de relieve un aspecto diferente: el viaje como un componente esencial de la actividad pol\u00edtica, que muchos podr\u00edan considerar m\u00e1s como un privilegio que como una necesidad. <\/p>\n<p>Los viajes realizados por los diputados, en su mayor\u00eda de car\u00e1cter nacional, invitan a un an\u00e1lisis m\u00e1s profundo. Si bien es innegable que el contacto con diferentes regiones del pa\u00eds puede enriquecer la perspectiva de los legisladores, tambi\u00e9n surge la pregunta: \u00bfhasta qu\u00e9 punto es justificable un gasto tan elevado en un contexto de austeridad?<\/p>\n<h3>Una Doble Perspectiva: Oportunidades y Cr\u00edticas<\/h3>\n<p>Por un lado, el potencial de estas traves\u00edas para fomentar la conexi\u00f3n entre distintos territorios es innegable. Los congresistas tienen la oportunidad de escuchar las inquietudes de los ciudadanos en sus comunidades, entender problem\u00e1ticas locales y promover una legislaci\u00f3n que refleje la voz del pueblo. En este sentido, los viajes pueden ser vistos como una inversi\u00f3n en el capital social y en la construcci\u00f3n de un pa\u00eds m\u00e1s cohesionado.<\/p>\n<p>Por otro lado, las cr\u00edticas no se han hecho esperar. Muchos ciudadanos miran con desconfianza el uso de fondos p\u00fablicos para lo que perciben como un derroche innecesario. En tiempos donde la crisis econ\u00f3mica panda, el argumento de la rentabilidad de estos viajes se pone en entredicho. Aquellos que cuestionan esta pr\u00e1ctica abogan por una mayor transparencia y rendici\u00f3n de cuentas, para asegurarse de que cada euro invertido se traduzca en un beneficio claro para la sociedad.<\/p>\n<h3>El Turista Interno como Protagonista<\/h3>\n<p>A pesar de las controversias, el fen\u00f3meno de los viajes internos resalta un aspecto importante en el sector turismo. Si bien los viajes de los diputados generan debate, tambi\u00e9n ponen de relieve el valor intr\u00ednseco de las diversas ofertas tur\u00edsticas nacionales. Con cada cruce de frontera territorial que realizan, redescubren la riqueza cultural, hist\u00f3rica y natural del pa\u00eds. Desde los vibrantes paisajes del norte hasta las c\u00e1lidas y acogedoras costas del sur, Espa\u00f1a ofrece un sinf\u00edn de recursos que deber\u00edan apreciarse y potenciarse.<\/p>\n<h3>Una Oportunidad para el Cambio<\/h3>\n<p>No cabe duda de que el gasto desmesurado puede suscitar reacciones negativas, pero en un sentido m\u00e1s amplio, podr\u00eda ser la oportunidad perfecta para impulsar un cambio en la forma en que se concibe el turismo y la pol\u00edtica. La creaci\u00f3n de programas que integren la actividad legislativa con iniciativas locales de turismo sostenible podr\u00eda transformar lo que en principio parece un gasto en un acto con valor para la sociedad. <\/p>\n<p>Si se canalizan adecuadamente, estos recursos pueden servir para el desarrollo de proyectos que beneficien a las comunidades visitadas. Imaginemos que, en lugar de simples desplazamientos, los diputados participen activamente en talleres de sensibilizaci\u00f3n sobre el patrimonio cultural, colaborando con asociaciones locales y apoyando la econom\u00eda de peque\u00f1o comercio. <\/p>\n<h3>Conclusi\u00f3n: Una Nueva Narrativa Tur\u00edstica<\/h3>\n<p>Es indiscutible que los viajes realizados por los congresistas han generado una discusi\u00f3n necesaria sobre el uso responsable de los recursos p\u00fablicos. Con un enfoque renovado, estos desplazamientos pueden servir no solo para la construcci\u00f3n de pol\u00edticas m\u00e1s inclusivas, sino tambi\u00e9n como una oportunidad invaluable para promover el turismo nacional. <\/p>\n<p>La historia se escribe con decisiones, y en este caso, las siguientes podr\u00edan reconfigurar no solo la imagen del turismo pol\u00edtico, sino tambi\u00e9n la manera en que se conecta el trabajo legislativo con la ciudadan\u00eda. Considerar estos viajes como una inversi\u00f3n en el futuro del pa\u00eds y su patrimonio podr\u00eda ser, al final, el verdadero legado que se busca construir.<\/p>\n<p><em> &#8221; Fuentes www.infobae.com &#8221; <\/em><\/p>\n","protected":false},"excerpt":{"rendered":"<p>El Viaje como Reflejo de la Realidad Pol\u00edtica: Cuando los Gastos y el Turismo se Encuentran En el contexto pol\u00edtico actual, es fascinante observar c\u00f3mo los viajes pueden ser un reflejo de no solo la actividad legislativa, sino tambi\u00e9n de pr\u00e1cticas administrativas que despiertan tanto curiosidad como controversia. Recientemente, se ha revelado que en un [&hellip;]<\/p>\n","protected":false},"author":4,"featured_media":1048329,"comment_status":"open","ping_status":"closed","sticky":false,"template":"","format":"standard","meta":{"om_disable_all_campaigns":false,"jnews-multi-image_gallery":[],"jnews_single_post":[],"jnews_primary_category":[],"jnews_social_meta":[],"footnotes":""},"categories":[39],"tags":[248734,923,3606,177114,3721,6095,546,3094],"class_list":["post-1048328","post","type-post","status-publish","format-standard","has-post-thumbnail","hentry","category-viajes","tag-8-4-millones-de-euros","tag-congreso","tag-diputados","tag-finanzas-publicas","tag-gastos","tag-legislatura","tag-politica","tag-viajes-nacionales"],"_links":{"self":[{"href":"https:\/\/dimensionturistica.com\/es\/wp-json\/wp\/v2\/posts\/1048328","targetHints":{"allow":["GET"]}}],"collection":[{"href":"https:\/\/dimensionturistica.com\/es\/wp-json\/wp\/v2\/posts"}],"about":[{"href":"https:\/\/dimensionturistica.com\/es\/wp-json\/wp\/v2\/types\/post"}],"author":[{"embeddable":true,"href":"https:\/\/dimensionturistica.com\/es\/wp-json\/wp\/v2\/users\/4"}],"replies":[{"embeddable":true,"href":"https:\/\/dimensionturistica.com\/es\/wp-json\/wp\/v2\/comments?post=1048328"}],"version-history":[{"count":0,"href":"https:\/\/dimensionturistica.com\/es\/wp-json\/wp\/v2\/posts\/1048328\/revisions"}],"wp:featuredmedia":[{"embeddable":true,"href":"https:\/\/dimensionturistica.com\/es\/wp-json\/wp\/v2\/media\/1048329"}],"wp:attachment":[{"href":"https:\/\/dimensionturistica.com\/es\/wp-json\/wp\/v2\/media?parent=1048328"}],"wp:term":[{"taxonomy":"category","embeddable":true,"href":"https:\/\/dimensionturistica.com\/es\/wp-json\/wp\/v2\/categories?post=1048328"},{"taxonomy":"post_tag","embeddable":true,"href":"https:\/\/dimensionturistica.com\/es\/wp-json\/wp\/v2\/tags?post=1048328"}],"curies":[{"name":"wp","href":"https:\/\/api.w.org\/{rel}","templated":true}]}}