{"id":1048311,"date":"2025-09-21T10:14:12","date_gmt":"2025-09-21T10:14:12","guid":{"rendered":"https:\/\/dimensionturistica.com\/es\/?p=1048311"},"modified":"2025-09-21T10:14:12","modified_gmt":"2025-09-21T10:14:12","slug":"los-deputados-han-realizado-viajes-nacionales-por-un-costo-de-84-millones-de-euros-en-dos-anos-de-su-mandato","status":"publish","type":"post","link":"https:\/\/dimensionturistica.com\/es\/los-deputados-han-realizado-viajes-nacionales-por-un-costo-de-84-millones-de-euros-en-dos-anos-de-su-mandato\/","title":{"rendered":"Los deputados han realizado viajes nacionales por un costo de 8,4 millones de euros en dos a\u00f1os de su mandato."},"content":{"rendered":"<h3>El Viaje de la Pol\u00edtica Espa\u00f1ola: Un Giro Costoso<\/h3>\n<p>En el escenario pol\u00edtico espa\u00f1ol, los viajes de trabajo suelen ser parte del d\u00eda a d\u00eda de nuestros representantes. Sin embargo, un reciente informe ha desenterrado cifras que invitan a la reflexi\u00f3n: m\u00e1s de 84 millones de euros destinados a viajes nacionales por parte de los diputados en lo que va de la legislatura actual. Este notable gasto se convierte en un tema candente que merece ser explorado m\u00e1s all\u00e1 de la mera cifra econ\u00f3mica.<\/p>\n<p>La pol\u00edtica, en su esencia, es un viaje interminable. Las reuniones, los debates y la b\u00fasqueda de consenso requieren de una log\u00edstica que, en ocasiones, remueve la balanza entre la necesidad y el capricho. Al analizar el destino de esos 84 millones de euros, uno no puede evitar preguntarse: \u00bfcu\u00e1nto de eso se traduce en progreso real para los ciudadanos y cu\u00e1nto es simplemente un paseo por las distintas comunidades aut\u00f3nomas?<\/p>\n<p>Los viajes por el pa\u00eds son, te\u00f3ricamente, una oportunidad para que los pol\u00edticos se conecten con la ciudadan\u00eda, escuchen sus preocupaciones y comprendan sus realidades. Sin embargo, la percepci\u00f3n de gasto desmedido puede crear un abismo entre los representantes y sus electores. Un ciudadano promedio podr\u00eda sentirse desconectado al enterarse de que sus representantes, en lugar de gestar pol\u00edticas efectivas, parecen disfrutar de una extensa gira tur\u00edstica pagada con el dinero de todos.<\/p>\n<p>Es crucial que se realice un an\u00e1lisis sobre en qu\u00e9 medida estos desplazamientos generan un impacto positivo tangible. Cada euro invertido deber\u00eda ser justificado con resultados concretos, como la mejora en infraestructuras locales, avances en pol\u00edticas sociales o planes de desarrollo regional. Sin embargo, la sensaci\u00f3n de que este dinero podr\u00eda ser mejor empleado en otras \u00e1reas, como la educaci\u00f3n o la salud, persiste.<\/p>\n<p>Adicionalmente, uno se pregunta si la rendici\u00f3n de cuentas y la transparencia en torno a estos gastos son suficientes. La visibilidad de estos datos no solo es relevante para los ciudadanos, sino tambi\u00e9n para fomentar la confianza en las instituciones. Un enfoque proactivo en la comunicaci\u00f3n de estos gastos podr\u00eda convertir una percepci\u00f3n negativa en una oportunidad para fortalecer la conexi\u00f3n entre la representaci\u00f3n pol\u00edtica y el electorado.<\/p>\n<p>No obstante, m\u00e1s all\u00e1 del an\u00e1lisis de cifras, se trata de un viaje simb\u00f3lico que plantea un debate sobre la relaci\u00f3n entre pol\u00edtica y ciudadan\u00eda. La esencia del servicio p\u00fablico es recordada cuando las acciones reflejan un compromiso real y no una simple narrativa de viajes a\u00e9reos y pernoctaciones en lujosos hoteles.<\/p>\n<p>Todo esto nos lleva a una pregunta a\u00fan m\u00e1s fundamental: \u00bfes el viaje una herramienta efectiva para el cambio social en un pa\u00eds con desaf\u00edos complejos? Mientras los diputados sigan surcando el pa\u00eds, es esencial que sus trayectorias se traduzcan en acciones que fortalezcan y no debiliten la confianza del pueblo. En un mundo que demanda responsabilidad y efectividad, el recorrido pol\u00edtico debe ser, ante todo, un viaje hacia el progreso. <\/p>\n<p>As\u00ed que, al mirar hacia el futuro, la pol\u00edtica espa\u00f1ola debe replantearse la verdadera naturaleza de sus &#8220;viajes&#8221;. Porque, m\u00e1s all\u00e1 de los kil\u00f3metros recorridos, lo que realmente importa es el impacto que estos puedan generar en el d\u00eda a d\u00eda de sus ciudadanos.<\/p>\n<p><em> &#8221; Fuentes www.pressdigital.es &#8221; <\/em><\/p>\n","protected":false},"excerpt":{"rendered":"<p>El Viaje de la Pol\u00edtica Espa\u00f1ola: Un Giro Costoso En el escenario pol\u00edtico espa\u00f1ol, los viajes de trabajo suelen ser parte del d\u00eda a d\u00eda de nuestros representantes. Sin embargo, un reciente informe ha desenterrado cifras que invitan a la reflexi\u00f3n: m\u00e1s de 84 millones de euros destinados a viajes nacionales por parte de los [&hellip;]<\/p>\n","protected":false},"author":4,"featured_media":1048312,"comment_status":"open","ping_status":"closed","sticky":false,"template":"","format":"standard","meta":{"om_disable_all_campaigns":false,"jnews-multi-image_gallery":[],"jnews_single_post":[],"jnews_primary_category":[],"jnews_social_meta":[],"footnotes":""},"categories":[39],"tags":[12506,923,3606,715,770,3721,6095,546,12512,545],"class_list":["post-1048311","post","type-post","status-publish","format-standard","has-post-thumbnail","hentry","category-viajes","tag-administracion-publica","tag-congreso","tag-diputados","tag-economia","tag-espana","tag-gastos","tag-legislatura","tag-politica","tag-transparencia","tag-viajes"],"_links":{"self":[{"href":"https:\/\/dimensionturistica.com\/es\/wp-json\/wp\/v2\/posts\/1048311","targetHints":{"allow":["GET"]}}],"collection":[{"href":"https:\/\/dimensionturistica.com\/es\/wp-json\/wp\/v2\/posts"}],"about":[{"href":"https:\/\/dimensionturistica.com\/es\/wp-json\/wp\/v2\/types\/post"}],"author":[{"embeddable":true,"href":"https:\/\/dimensionturistica.com\/es\/wp-json\/wp\/v2\/users\/4"}],"replies":[{"embeddable":true,"href":"https:\/\/dimensionturistica.com\/es\/wp-json\/wp\/v2\/comments?post=1048311"}],"version-history":[{"count":0,"href":"https:\/\/dimensionturistica.com\/es\/wp-json\/wp\/v2\/posts\/1048311\/revisions"}],"wp:featuredmedia":[{"embeddable":true,"href":"https:\/\/dimensionturistica.com\/es\/wp-json\/wp\/v2\/media\/1048312"}],"wp:attachment":[{"href":"https:\/\/dimensionturistica.com\/es\/wp-json\/wp\/v2\/media?parent=1048311"}],"wp:term":[{"taxonomy":"category","embeddable":true,"href":"https:\/\/dimensionturistica.com\/es\/wp-json\/wp\/v2\/categories?post=1048311"},{"taxonomy":"post_tag","embeddable":true,"href":"https:\/\/dimensionturistica.com\/es\/wp-json\/wp\/v2\/tags?post=1048311"}],"curies":[{"name":"wp","href":"https:\/\/api.w.org\/{rel}","templated":true}]}}