{"id":1048308,"date":"2025-09-21T10:06:10","date_gmt":"2025-09-21T10:06:10","guid":{"rendered":"https:\/\/dimensionturistica.com\/es\/?p=1048308"},"modified":"2025-09-21T10:06:10","modified_gmt":"2025-09-21T10:06:10","slug":"los-viajes-nacionales-de-los-legisladores-alcanzan-un-gasto-de-84-millones-en-la-mitad-de-la-legislatura","status":"publish","type":"post","link":"https:\/\/dimensionturistica.com\/es\/los-viajes-nacionales-de-los-legisladores-alcanzan-un-gasto-de-84-millones-en-la-mitad-de-la-legislatura\/","title":{"rendered":"Los viajes nacionales de los legisladores alcanzan un gasto de 8,4 millones en la mitad de la legislatura."},"content":{"rendered":"<h3>El Turismo Pol\u00edtico: Un Viaje por la Legislatura Ecuatoriana<\/h3>\n<p>En un entornocomo el de Ecuador, donde la pol\u00edtica y el turismo a menudo se entrelazan, se ha revelado recientemente una realidad sorprendente: el significativo gasto en viajes nacionales de los miembros del Congreso. Durante la actual legislatura, estos viajes han acumulado un desembolso de 84 millones de d\u00f3lares, lo que plantea reflexiones sobre el impacto y el significado de estas traves\u00edas.<\/p>\n<p>La cifra puede sonar asombrosa, pero lo que realmente capta la atenci\u00f3n es c\u00f3mo estos viajes se convierten en una especie de balneario legislativo. Los diputados no solo se desplazan por motivos de trabajo; tambi\u00e9n se sumergen en un caleidoscopio de culturas, paisajes y gastronom\u00eda ecuatoriana. Desde la sierra hasta la costa, cada uno de estos viajes es una oportunidad para descubrir la diversidad del pa\u00eds. <\/p>\n<p>Imaginemos, por un momento, a un legislador que, tras una ardua jornada de trabajo, se toma un respiro en la playa de Esmeraldas o se deja seducir por la calidez del mercado de Otavalo. Estas experiencias pueden ser vistas como un contraste a las exigencias del cargo, en donde la pol\u00edtica se mezcla con la tradici\u00f3n, y la labor legislativa se enriquece con la vivencia local.<\/p>\n<p>Sin embargo, la pregunta que surge al analizar este fen\u00f3meno es si el gasto de tales cantidades realmente se justifica en el contexto de las necesidades del pa\u00eds. En tiempos en que muchos ecuatorianos enfrentan desaf\u00edos econ\u00f3micos, es fundamental que la transparencia y la rendici\u00f3n de cuentas tambi\u00e9n se conviertan en destinos prioritarios para nuestros representantes. La idea de realizar viajes que favorezcan el entendimiento cultural y la comunicaci\u00f3n directa con los ciudadanos es valiosa, pero es esencial que estos sean equilibrados y est\u00e9n alineados con el bienestar del pueblo.<\/p>\n<p>Los recursos invertidos en viajes legislativos deben ser objeto de un debate abierto. \u00bfSe est\u00e1n utilizando efectivamente para mejorar la vida de los ciudadanos o se convierten en meros paseos? En este sentido, el di\u00e1logo y la reflexi\u00f3n son herramientas clave para la construcci\u00f3n de un pa\u00eds m\u00e1s justo y equitativo.<\/p>\n<p>Ecuador se caracteriza por su riqueza natural y cultural, que puede servir como un escenario formidable para que los legisladores se conecten con las realidades del pa\u00eds. Un mayor enfoque en la responsabilidad y el compromiso podr\u00eda transformar esas traves\u00edas en iniciativas que verdaderamente beneficien a la sociedad.<\/p>\n<p>En conclusi\u00f3n, el turismo de los diputados no debe ser solo un escape, sino una oportunidad para re conectar con el pueblo al que representan. La promesa de un Ecuador mejor no solo puede surgir de las bancadas del Congreso, sino tambi\u00e9n de la empat\u00eda y la comprensi\u00f3n cultivadas en cada viaje. En un lugar donde cada rinc\u00f3n cuenta una historia, es vital recordar que cada viaje tiene el potencial de ser m\u00e1s que una cifra; puede ser una herramienta para un cambio genuino.<\/p>\n<p><em> &#8221; Fuentes www.europapress.es &#8221; <\/em><\/p>\n","protected":false},"excerpt":{"rendered":"<p>El Turismo Pol\u00edtico: Un Viaje por la Legislatura Ecuatoriana En un entornocomo el de Ecuador, donde la pol\u00edtica y el turismo a menudo se entrelazan, se ha revelado recientemente una realidad sorprendente: el significativo gasto en viajes nacionales de los miembros del Congreso. Durante la actual legislatura, estos viajes han acumulado un desembolso de 84 [&hellip;]<\/p>\n","protected":false},"author":4,"featured_media":1048309,"comment_status":"open","ping_status":"closed","sticky":false,"template":"","format":"standard","meta":{"om_disable_all_campaigns":false,"jnews-multi-image_gallery":[],"jnews_single_post":[],"jnews_primary_category":[],"jnews_social_meta":[],"footnotes":""},"categories":[39],"tags":[923,3606,2143,177114,3721,6095,546,545],"class_list":["post-1048308","post","type-post","status-publish","format-standard","has-post-thumbnail","hentry","category-viajes","tag-congreso","tag-diputados","tag-ecuador","tag-finanzas-publicas","tag-gastos","tag-legislatura","tag-politica","tag-viajes"],"_links":{"self":[{"href":"https:\/\/dimensionturistica.com\/es\/wp-json\/wp\/v2\/posts\/1048308","targetHints":{"allow":["GET"]}}],"collection":[{"href":"https:\/\/dimensionturistica.com\/es\/wp-json\/wp\/v2\/posts"}],"about":[{"href":"https:\/\/dimensionturistica.com\/es\/wp-json\/wp\/v2\/types\/post"}],"author":[{"embeddable":true,"href":"https:\/\/dimensionturistica.com\/es\/wp-json\/wp\/v2\/users\/4"}],"replies":[{"embeddable":true,"href":"https:\/\/dimensionturistica.com\/es\/wp-json\/wp\/v2\/comments?post=1048308"}],"version-history":[{"count":0,"href":"https:\/\/dimensionturistica.com\/es\/wp-json\/wp\/v2\/posts\/1048308\/revisions"}],"wp:featuredmedia":[{"embeddable":true,"href":"https:\/\/dimensionturistica.com\/es\/wp-json\/wp\/v2\/media\/1048309"}],"wp:attachment":[{"href":"https:\/\/dimensionturistica.com\/es\/wp-json\/wp\/v2\/media?parent=1048308"}],"wp:term":[{"taxonomy":"category","embeddable":true,"href":"https:\/\/dimensionturistica.com\/es\/wp-json\/wp\/v2\/categories?post=1048308"},{"taxonomy":"post_tag","embeddable":true,"href":"https:\/\/dimensionturistica.com\/es\/wp-json\/wp\/v2\/tags?post=1048308"}],"curies":[{"name":"wp","href":"https:\/\/api.w.org\/{rel}","templated":true}]}}