{"id":1048246,"date":"2025-09-21T02:31:43","date_gmt":"2025-09-21T02:31:43","guid":{"rendered":"https:\/\/dimensionturistica.com\/es\/?p=1048246"},"modified":"2025-09-21T02:31:43","modified_gmt":"2025-09-21T02:31:43","slug":"ganadores-de-los-premios-ariel-2025-relacion-integral-de-los-premiados","status":"publish","type":"post","link":"https:\/\/dimensionturistica.com\/es\/ganadores-de-los-premios-ariel-2025-relacion-integral-de-los-premiados\/","title":{"rendered":"Ganadores de los Premios Ariel 2025: Relaci\u00f3n integral de los premiados."},"content":{"rendered":"<h3>El Impacto de la Moda en los Premios Ariel 2025<\/h3>\n<p>Los Premios Ariel, una de las celebraciones m\u00e1s esperadas del cine en M\u00e9xico, no solo destacan el talento cinematogr\u00e1fico, sino que tambi\u00e9n se convierten en una pasarela de estilo donde las celebridades muestran lo mejor de la moda. Este evento, que premia la excelencia en diversas categor\u00edas del s\u00e9ptimo arte, resplandece gracias a la elegancia y creatividad de los looks exhibidos por los nominados y asistentes.<\/p>\n<h4>Estilo y Elegancia en la Alfombra Roja<\/h4>\n<p>La alfombra roja del 2025 fue un desfile de glamour, donde cada atuendo contaba una historia \u00fanica. Desde dise\u00f1os atrevidos que rompieron moldes hasta piezas cl\u00e1sicas que evocan la sofisticaci\u00f3n del cine dorado, los artistas mostraron su personalidad a trav\u00e9s de la moda. Los dise\u00f1adores mexicanos brillaron especialmente, evidenciando el talento nacional y su capacidad para fusionar tradici\u00f3n y modernidad en sus creaciones.<\/p>\n<h4>Colores que Cautivan<\/h4>\n<p>Este a\u00f1o, los tonos vibrantes dominaron la escena. Colores como el rojo en\u00e9rgico y el azul el\u00e9ctrico hicieron su aparici\u00f3n en varias personalidades, marcando una tendencia que refleja la fuerza y autenticidad presente en el cine actual. Las prendas en estos tonos no solo destacan en la luz de las c\u00e1maras, sino que tambi\u00e9n transmiten una visi\u00f3n audaz y contempor\u00e1nea que resuena con el p\u00fablico.<\/p>\n<h4>Accesorios que Marcan la Diferencia<\/h4>\n<p>Los detalles hacen la diferencia, y en los Premios Ariel no fue la excepci\u00f3n. Las joyas, los zapatos y los bolsos seleccionados por los asistentes complementaron sus looks de forma espectacular. Dise\u00f1os minimalistas contrastaban con piezas ostentosas, creando un equilibrio perfecto que llamaba la atenci\u00f3n sin desentonar. Este aspecto demuestra la importancia de los accesorios en el dise\u00f1o de un atuendo completo, invitando a la audiencia a prestar m\u00e1s atenci\u00f3n a esos peque\u00f1os, pero significativos, elementos.<\/p>\n<h4>Innovaci\u00f3n en la Moda<\/h4>\n<p>La originalidad fue un tema subyacente a lo largo de la noche. Vimos a creadores que se atrevieron a experimentar con texturas, siluetas y combinaciones inesperadas. La moda, al igual que el cine, se alimenta de la innovaci\u00f3n, y los dise\u00f1adores presentes lo demostraron con atuendos que desafiaban las convenciones. Este enfoque vanguardista no solo honra la creatividad, sino que tambi\u00e9n establece un precedente para futuras galas.<\/p>\n<h4>La Influencia de la Sostenibilidad<\/h4>\n<p>Cada vez m\u00e1s, la sostenibilidad se convierte en un elemento crucial en el mundo de la moda. Durante la celebraci\u00f3n, algunos dise\u00f1adores optaron por piezas confeccionadas con materiales reciclados o procesos \u00e9ticos, enviando un mensaje poderoso sobre la responsabilidad social en esta industria. Este compromiso no solo promueve una conciencia ambiental, sino que tambi\u00e9n refleja una nueva era de pensamiento en la moda contempor\u00e1nea.<\/p>\n<h4>Una Noche para Recordar<\/h4>\n<p>Los Premios Ariel 2025 no solo celebraron logros cinematogr\u00e1ficos, sino que tambi\u00e9n destacaron el indiscutible v\u00ednculo entre la moda y el arte. La influencia mutua entre estas disciplinas es evidente, y el evento se convirti\u00f3 en una plataforma para mostrar c\u00f3mo la vestimenta puede ser tanto una forma de autoexpresi\u00f3n como un reflejo de la cultura actual.<\/p>\n<p>En definitiva, la alfombra roja de este a\u00f1o dej\u00f3 una huella imborrable, invitando a todos a apreciar no solo el cine, sino tambi\u00e9n la moda que lo rodea. La fusi\u00f3n de estas dos esferas invita a reflexionar sobre el papel fundamental que juega la est\u00e9tica en nuestras narrativas cotidianas. La pr\u00f3xima edici\u00f3n promete m\u00e1s sorpresas, y todos estar\u00e1n atentos, tanto a los premios como a la moda que los acompa\u00f1a.<\/p>\n<p><em> &#8221; Fuentes www.vogue.mx &#8221; <\/em><\/p>\n","protected":false},"excerpt":{"rendered":"<p>El Impacto de la Moda en los Premios Ariel 2025 Los Premios Ariel, una de las celebraciones m\u00e1s esperadas del cine en M\u00e9xico, no solo destacan el talento cinematogr\u00e1fico, sino que tambi\u00e9n se convierten en una pasarela de estilo donde las celebridades muestran lo mejor de la moda. Este evento, que premia la excelencia en [&hellip;]<\/p>\n","protected":false},"author":14,"featured_media":1048247,"comment_status":"open","ping_status":"closed","sticky":false,"template":"","format":"standard","meta":{"om_disable_all_campaigns":false,"jnews-multi-image_gallery":[],"jnews_single_post":[],"jnews_primary_category":[],"jnews_social_meta":[],"footnotes":""},"categories":[144872],"tags":[27305,23275,181337,65866,1743,184776,85532,55228,200970,5327,4583],"class_list":["post-1048246","post","type-post","status-publish","format-standard","has-post-thumbnail","hentry","category-fashion","tag-27305","tag-actores","tag-cine-mexicano","tag-directores","tag-ganadores","tag-industria-cinematografica","tag-lista-completa","tag-premios-ariel","tag-premios-de-cine","tag-reconocimiento","tag-talento"],"_links":{"self":[{"href":"https:\/\/dimensionturistica.com\/es\/wp-json\/wp\/v2\/posts\/1048246","targetHints":{"allow":["GET"]}}],"collection":[{"href":"https:\/\/dimensionturistica.com\/es\/wp-json\/wp\/v2\/posts"}],"about":[{"href":"https:\/\/dimensionturistica.com\/es\/wp-json\/wp\/v2\/types\/post"}],"author":[{"embeddable":true,"href":"https:\/\/dimensionturistica.com\/es\/wp-json\/wp\/v2\/users\/14"}],"replies":[{"embeddable":true,"href":"https:\/\/dimensionturistica.com\/es\/wp-json\/wp\/v2\/comments?post=1048246"}],"version-history":[{"count":0,"href":"https:\/\/dimensionturistica.com\/es\/wp-json\/wp\/v2\/posts\/1048246\/revisions"}],"wp:featuredmedia":[{"embeddable":true,"href":"https:\/\/dimensionturistica.com\/es\/wp-json\/wp\/v2\/media\/1048247"}],"wp:attachment":[{"href":"https:\/\/dimensionturistica.com\/es\/wp-json\/wp\/v2\/media?parent=1048246"}],"wp:term":[{"taxonomy":"category","embeddable":true,"href":"https:\/\/dimensionturistica.com\/es\/wp-json\/wp\/v2\/categories?post=1048246"},{"taxonomy":"post_tag","embeddable":true,"href":"https:\/\/dimensionturistica.com\/es\/wp-json\/wp\/v2\/tags?post=1048246"}],"curies":[{"name":"wp","href":"https:\/\/api.w.org\/{rel}","templated":true}]}}