{"id":1048211,"date":"2025-09-20T22:46:11","date_gmt":"2025-09-20T22:46:11","guid":{"rendered":"https:\/\/dimensionturistica.com\/es\/?p=1048211"},"modified":"2025-09-20T22:46:11","modified_gmt":"2025-09-20T22:46:11","slug":"tras-la-verdad-un-cortometraje-documental-nominado-al-ariel-que-refleja-la-lucha-perseverante-de-las-madres-buscadoras","status":"publish","type":"post","link":"https:\/\/dimensionturistica.com\/es\/tras-la-verdad-un-cortometraje-documental-nominado-al-ariel-que-refleja-la-lucha-perseverante-de-las-madres-buscadoras\/","title":{"rendered":"Tras la verdad: Un cortometraje documental nominado al Ariel que refleja la lucha perseverante de las madres buscadoras"},"content":{"rendered":"<h3>La Moda como Reflejo de Identidades: Un Cortometraje que Desaf\u00eda Estereotipos<\/h3>\n<p>La industria de la moda ha sido, desde sus inicios, un espacio de expresi\u00f3n, creatividad y, a menudo, de controversia. En un mundo donde la imagen lo es casi todo, surge un cortometraje que invita a la reflexi\u00f3n sobre el verdadero significado detr\u00e1s de la est\u00e9tica. Esta obra cinematogr\u00e1fica se sumerge en el coraz\u00f3n de una comunidad llena de colores, estilos y, sobre todo, historias que merecen ser contadas.<\/p>\n<p>Adentr\u00e1ndose en la vida de varios protagonistas, el cortometraje nos presenta a individuos que, a trav\u00e9s de la moda, encuentran un refugio y, a la vez, una forma de reivindicaci\u00f3n personal. Este enfoque invita al espectador a cuestionar los c\u00e1nones establecidos de belleza y pertenencia, desafiando la idea de que la moda debe ser homog\u00e9nea. Aqu\u00ed, la diversidad se celebra como el verdadero motor de la creatividad.<\/p>\n<h3>Una Narrativa Visual Impactante<\/h3>\n<p>Las bellas im\u00e1genes que componen este documental son mucho m\u00e1s que un desfile de tendencias; son un reflejo de realidades y vivencias. Cada atuendo, cada accesorio cuenta una historia, y contribuye a la construcci\u00f3n de una identidad propia. El cortometraje enfatiza la importancia de la representaci\u00f3n en un sector que, a menudo, ha dejado de lado a voces fundamentales.<\/p>\n<p>Las entrevistas con los protagonistas destacan la conexi\u00f3n emocional que tienen con su forma de vestir. Para ellos, cada prenda es una declaraci\u00f3n, un s\u00edmbolo de resistencia y autenticidad. Esta narrativa invita al espectador a empatizar y a reconocer la valent\u00eda necesaria para mostrarse al mundo sin filtros.<\/p>\n<h3>Estilos que Rompen Moldes<\/h3>\n<p>Uno de los aspectos m\u00e1s fascinantes de esta obra es la variedad de estilos presentados. Desde lo avant-garde hasta lo cl\u00e1sico, el cortometraje demuestra que no hay un solo camino para expresarse a trav\u00e9s de la moda. Este enfoque inclusivo muestra que la belleza se presenta en m\u00faltiples formas, invitando a la audiencia a abrazar la individualidad en un mundo que a menudo promueve la conformidad.<\/p>\n<p>La historia subraya que la moda no solo se trata de lo que se lleva puesto, sino de c\u00f3mo se siente uno en su propia piel. Cada protagonista pone de manifiesto que el poder de la vestimenta va m\u00e1s all\u00e1 de lo superficial; es un medio para comunicar mensajes m\u00e1s profundos sobre identidad, cultura y pertenencia.<\/p>\n<h3>M\u00e1s All\u00e1 de los Estereotipos<\/h3>\n<p>El cortometraje se convierte en un llamado a la acci\u00f3n. Al hacer visible la diversidad en la moda, se desaf\u00edan los estereotipos que han dominado la escena durante a\u00f1os. La l\u00f3gica convencional de la belleza se desmorona, dando paso a una nueva era de inclusi\u00f3n que resuena con p\u00fablicos variados.<\/p>\n<p>La importancia de este mensaje no puede subestimarse. A medida que m\u00e1s voces se suman a la conversaci\u00f3n sobre la moda como herramienta de cambio social, se abre un espacio para que todos encuentren su lugar. Este cortometraje no solo presenta historias, sino que tambi\u00e9n se convierte en una plataforma de empoderamiento.<\/p>\n<h3>Un Impacto Duradero<\/h3>\n<p>La relevancia de este cortometraje trasciende la simple apreciaci\u00f3n est\u00e9tica. Se convierte en un valioso recurso para aquellos que buscan entender la intersecci\u00f3n entre la moda y la identidad. En un entorno tan cambiante, este tipo de narrativa puede servir de inspiraci\u00f3n para futuras generaciones de dise\u00f1adores, modelos y creativos.<\/p>\n<p>La obra, que resalta las vivencias de una comunidad rica en matices, nos recuerda que la moda es, en \u00faltima instancia, una forma de comunicaci\u00f3n. As\u00ed, se plantea una pregunta fundamental: \u00bfqu\u00e9 historia est\u00e1s listo para contar con tus elecciones de estilo? La respuesta, sin duda, tiene el potencial de inspirar a una revoluci\u00f3n en el mundo de la moda, donde cada voz tiene un espacio y cada historia merece ser escuchada.<\/p>\n<p><em> &#8221; Fuentes www.vogue.mx &#8221; <\/em><\/p>\n","protected":false},"excerpt":{"rendered":"<p>La Moda como Reflejo de Identidades: Un Cortometraje que Desaf\u00eda Estereotipos La industria de la moda ha sido, desde sus inicios, un espacio de expresi\u00f3n, creatividad y, a menudo, de controversia. En un mundo donde la imagen lo es casi todo, surge un cortometraje que invita a la reflexi\u00f3n sobre el verdadero significado detr\u00e1s de [&hellip;]<\/p>\n","protected":false},"author":14,"featured_media":1048212,"comment_status":"open","ping_status":"closed","sticky":false,"template":"","format":"standard","meta":{"om_disable_all_campaigns":false,"jnews-multi-image_gallery":[],"jnews_single_post":[],"jnews_primary_category":[],"jnews_social_meta":[],"footnotes":""},"categories":[144872],"tags":[30888,181337,62380,5008,4693,248718,2163,57296,248719,5544,2363],"class_list":["post-1048211","post","type-post","status-publish","format-standard","has-post-thumbnail","hentry","category-fashion","tag-busqueda","tag-cine-mexicano","tag-cortometraje","tag-derechos-humanos","tag-documental","tag-hasta-encontrarlos","tag-justicia","tag-madres-buscadoras","tag-nominado-al-ariel","tag-resiliencia","tag-testimonio"],"_links":{"self":[{"href":"https:\/\/dimensionturistica.com\/es\/wp-json\/wp\/v2\/posts\/1048211","targetHints":{"allow":["GET"]}}],"collection":[{"href":"https:\/\/dimensionturistica.com\/es\/wp-json\/wp\/v2\/posts"}],"about":[{"href":"https:\/\/dimensionturistica.com\/es\/wp-json\/wp\/v2\/types\/post"}],"author":[{"embeddable":true,"href":"https:\/\/dimensionturistica.com\/es\/wp-json\/wp\/v2\/users\/14"}],"replies":[{"embeddable":true,"href":"https:\/\/dimensionturistica.com\/es\/wp-json\/wp\/v2\/comments?post=1048211"}],"version-history":[{"count":0,"href":"https:\/\/dimensionturistica.com\/es\/wp-json\/wp\/v2\/posts\/1048211\/revisions"}],"wp:featuredmedia":[{"embeddable":true,"href":"https:\/\/dimensionturistica.com\/es\/wp-json\/wp\/v2\/media\/1048212"}],"wp:attachment":[{"href":"https:\/\/dimensionturistica.com\/es\/wp-json\/wp\/v2\/media?parent=1048211"}],"wp:term":[{"taxonomy":"category","embeddable":true,"href":"https:\/\/dimensionturistica.com\/es\/wp-json\/wp\/v2\/categories?post=1048211"},{"taxonomy":"post_tag","embeddable":true,"href":"https:\/\/dimensionturistica.com\/es\/wp-json\/wp\/v2\/tags?post=1048211"}],"curies":[{"name":"wp","href":"https:\/\/api.w.org\/{rel}","templated":true}]}}