{"id":1048009,"date":"2025-09-20T09:26:39","date_gmt":"2025-09-20T09:26:39","guid":{"rendered":"https:\/\/dimensionturistica.com\/es\/?p=1048009"},"modified":"2025-09-20T09:26:39","modified_gmt":"2025-09-20T09:26:39","slug":"imperfecciones-encantadoras-los-mejores-estilos-de-belleza-de-la-semana","status":"publish","type":"post","link":"https:\/\/dimensionturistica.com\/es\/imperfecciones-encantadoras-los-mejores-estilos-de-belleza-de-la-semana\/","title":{"rendered":"Imperfecciones Encantadoras: Los Mejores Estilos de Belleza de la Semana"},"content":{"rendered":"<h3>Belleza Deslumbrante: Tendencias Imperdibles de la Semana<\/h3>\n<p>La moda no solo se viste, se expresa. Este mes de septiembre ha tra\u00eddo consigo un despliegue de creatividad y vanguardia en el \u00e1mbito de la belleza. Desde pasarelas ic\u00f3nicas hasta eventos de alto perfil, los looks m\u00e1s impactantes han capturado la atenci\u00f3n del mundo, convirti\u00e9ndose en verdaderas declaraciones art\u00edsticas. A continuaci\u00f3n, te presentamos una selecci\u00f3n de los estilos que dominan la escena.<\/p>\n<p><strong>1. El Poder del Color<\/strong><br \/>\nLos tonos vibrantes han tomado protagonismo. Maquillajes que juegan con sombras audaces y labios en colores inesperados han marcado la pauta. La combinaci\u00f3n de fucsias y naranjas en ojos y labios, por ejemplo, ha dado lugar a una explosi\u00f3n de energ\u00eda visual. Expertos destacan que estos colores no solo son llamativos, sino que tambi\u00e9n transmiten confianza y personalidad.<\/p>\n<p><strong>2. Delicadeza Natural<\/strong><br \/>\nPor el contrario, la tendencia del &#8220;no makeup&#8221; sigue ganando fuerza. Este enfoque celebra la belleza natural, resaltando caracter\u00edsticas como p\u00f3mulos y labios con toques sutiles. Una piel luminosa y fresca se ha convertido en el lienzo ideal. La utilizaci\u00f3n de iluminadores y b\u00e1lsamos labiales aporta un acabado radiante sin perder la esencia aut\u00e9ntica, ideal para quienes buscan un look fresco y sin esfuerzo.<\/p>\n<p><strong>3. Cejas Definidas<\/strong><br \/>\nLas cejas juegan un papel crucial en la enmarcaci\u00f3n del rostro. Esta semana, se han visto cejas perfectamente definidas, con un estilo que va desde lo natural hasta lo m\u00e1s estructurado. Este rasgo enfatiza la mirada, convirti\u00e9ndose en un punto focal del maquillaje. Las t\u00e9cnicas como el microblading se consolidan como opciones populares para quienes buscan una definici\u00f3n duradera.<\/p>\n<p><strong>4. Delirio por el Glitter<\/strong><br \/>\nEl brillo no se limita solo a las pasarelas de noche. En el look actualizado de esta temporada, el glitter se ha integrado en rutinas diarias. Desde sombras en polvo hasta delineadores glimmer, las opciones son infinitas. Aplicar un toque de brillo en el lagrimal o en el centro del p\u00e1rpado a\u00f1ade un componente inesperado a cualquier look y es perfecto para resaltar en cualquier evento.<\/p>\n<p><strong>5. Estilos de Cabello Innovadores<\/strong><br \/>\nEl cabello tambi\u00e9n ha recibido su dosis de atenci\u00f3n. Coletas pulidas, trenzas multifuncionales y estilos despeinados est\u00e1n en tendencia. Estas opciones no solo son vers\u00e1tiles, sino que tambi\u00e9n permiten un juego divertido con la textura y la forma. La variedad de peinados se adapta a diferentes personalidades y situaciones, consolid\u00e1ndose como un must para esta temporada.<\/p>\n<h3>Conclusi\u00f3n<\/h3>\n<p>La belleza de la semana se presenta como un lienzo en constante evoluci\u00f3n, repleto de posibilidades. Con una rica paleta de colores, tendencias de maquillaje natural y cabello innovador, estas propuestas definen lo que significa ser audaz en el estilo personal. \u00bfListos para inspirarse en estas looks y encontrar el que mejor resuene con tu esencia? La belleza, al fin y al cabo, es una expresi\u00f3n de quien eres. \u00a1Es hora de brillar!<\/p>\n<p><em> &#8221; Fuentes www.vogue.com &#8221; <\/em><\/p>\n","protected":false},"excerpt":{"rendered":"<p>Belleza Deslumbrante: Tendencias Imperdibles de la Semana La moda no solo se viste, se expresa. Este mes de septiembre ha tra\u00eddo consigo un despliegue de creatividad y vanguardia en el \u00e1mbito de la belleza. Desde pasarelas ic\u00f3nicas hasta eventos de alto perfil, los looks m\u00e1s impactantes han capturado la atenci\u00f3n del mundo, convirti\u00e9ndose en verdaderas [&hellip;]<\/p>\n","protected":false},"author":14,"featured_media":1048010,"comment_status":"open","ping_status":"closed","sticky":false,"template":"","format":"standard","meta":{"om_disable_all_campaigns":false,"jnews-multi-image_gallery":[],"jnews_single_post":[],"jnews_primary_category":[],"jnews_social_meta":[],"footnotes":""},"categories":[144872],"tags":[208639,72867,201306,190460,166,30350,198593,120189,217117,372,6194,373,198563],"class_list":["post-1048009","post","type-post","status-publish","format-standard","has-post-thumbnail","hentry","category-fashion","tag-_votingservice_app","tag-beauty","tag-beauty-looks","tag-cosmetics","tag-fashion","tag-inspiration","tag-makeup","tag-skincare","tag-storytypenews-trending","tag-style","tag-trends","tag-web","tag-weekly-roundup"],"_links":{"self":[{"href":"https:\/\/dimensionturistica.com\/es\/wp-json\/wp\/v2\/posts\/1048009","targetHints":{"allow":["GET"]}}],"collection":[{"href":"https:\/\/dimensionturistica.com\/es\/wp-json\/wp\/v2\/posts"}],"about":[{"href":"https:\/\/dimensionturistica.com\/es\/wp-json\/wp\/v2\/types\/post"}],"author":[{"embeddable":true,"href":"https:\/\/dimensionturistica.com\/es\/wp-json\/wp\/v2\/users\/14"}],"replies":[{"embeddable":true,"href":"https:\/\/dimensionturistica.com\/es\/wp-json\/wp\/v2\/comments?post=1048009"}],"version-history":[{"count":0,"href":"https:\/\/dimensionturistica.com\/es\/wp-json\/wp\/v2\/posts\/1048009\/revisions"}],"wp:featuredmedia":[{"embeddable":true,"href":"https:\/\/dimensionturistica.com\/es\/wp-json\/wp\/v2\/media\/1048010"}],"wp:attachment":[{"href":"https:\/\/dimensionturistica.com\/es\/wp-json\/wp\/v2\/media?parent=1048009"}],"wp:term":[{"taxonomy":"category","embeddable":true,"href":"https:\/\/dimensionturistica.com\/es\/wp-json\/wp\/v2\/categories?post=1048009"},{"taxonomy":"post_tag","embeddable":true,"href":"https:\/\/dimensionturistica.com\/es\/wp-json\/wp\/v2\/tags?post=1048009"}],"curies":[{"name":"wp","href":"https:\/\/api.w.org\/{rel}","templated":true}]}}