{"id":1047807,"date":"2025-09-19T20:36:57","date_gmt":"2025-09-19T20:36:57","guid":{"rendered":"https:\/\/dimensionturistica.com\/es\/?p=1047807"},"modified":"2025-09-19T20:36:57","modified_gmt":"2025-09-19T20:36:57","slug":"en-el-palacio-de-hierro-convierte-tu-estilo-legado-en-una-firma-unica","status":"publish","type":"post","link":"https:\/\/dimensionturistica.com\/es\/en-el-palacio-de-hierro-convierte-tu-estilo-legado-en-una-firma-unica\/","title":{"rendered":"En El Palacio de Hierro, convierte tu estilo legado en una firma \u00fanica."},"content":{"rendered":"<p><strong>La Evoluci\u00f3n del Estilo: Un Viaje a Trav\u00e9s de Generaciones<\/strong><\/p>\n<p>El mundo de la moda se encuentra en constante transformaci\u00f3n, y cada temporada nos sorprende con propuestas que despliegan creatividad y originalidad. Sin embargo, hay algo intrigante en las marcas que deciden rendir homenaje a su legado. Este es el caso de una emblem\u00e1tica casa mexicana que ha decidido abrazar su historia para reescribir su narrativa.<\/p>\n<h3>Un Legado que Inspira<\/h3>\n<p>La nueva campa\u00f1a se adentra en el concepto de &#8220;estilo heredado&#8221;, un reflejo de tradiciones y valores que han pasado de generaci\u00f3n en generaci\u00f3n. Este enfoque no solo busca conectar emocionalmente con el consumidor, sino que tambi\u00e9n celebra la riqueza cultural de sus ra\u00edces. Las im\u00e1genes presentadas evocan memorias y sentimientos, un viaje a trav\u00e9s del tiempo que resuena con quienes valoran la autenticidad.<\/p>\n<h3>La Narrativa Visual<\/h3>\n<p>La campa\u00f1a destaca por su narrativa visual impactante, donde la est\u00e9tica y la conexi\u00f3n emocional se entrelazan. Las fotograf\u00edas son un fest\u00edn para los sentidos, con cada composici\u00f3n cuidadosamente elaborada para contar una historia. La elecci\u00f3n de colores, texturas y escenarios no es casual, sino que est\u00e1 \u00edntimamente vinculada a la identidad de la marca y a su herencia cultural.<\/p>\n<h3>Estilo y Sostenibilidad<\/h3>\n<p>En un momento en que la sostenibilidad se convierte en una prioridad, la campa\u00f1a tambi\u00e9n aboga por pr\u00e1cticas responsables. Cada prenda no solo es un s\u00edmbolo de estilo, sino tambi\u00e9n un compromiso con el medio ambiente. Los consumidores buscan cada vez m\u00e1s marcas que no solo se enfoquen en el dise\u00f1o, sino que tambi\u00e9n consideren el impacto de sus procesos de producci\u00f3n.<\/p>\n<h3>La Influencia de la Moda Contempor\u00e1nea<\/h3>\n<p>Lo fascinante de esta propuesta es c\u00f3mo se entrelazan elementos contempor\u00e1neos con legados hist\u00f3ricos. La moda no es est\u00e1tica; evoluciona y se reinventa constantemente. La campa\u00f1a ofrece un equilibrio perfecto entre lo cl\u00e1sico y lo moderno, invitando a las nuevas generaciones a adoptar elementos de un pasado significativo, mientras se expresan a trav\u00e9s de un estilo actual.<\/p>\n<h3>Conexi\u00f3n con la Audiencia<\/h3>\n<p>Para captar la atenci\u00f3n del p\u00fablico moderno, la comunicaci\u00f3n de la marca se ha adaptado a las plataformas digitales. En un mundo donde las redes sociales juegan un papel crucial en la difusi\u00f3n de tendencias, esta campa\u00f1a ha establecido una conexi\u00f3n directa con sus seguidores. Su lenguaje visual y narrativo invita no solo a observar, sino tambi\u00e9n a participar, creando una comunidad apasionada por el estilo heredado.<\/p>\n<h3>Una Celebraci\u00f3n del Patrimonio<\/h3>\n<p>La moda es un arte que trasciende fronteras y tiempos. Al celebrar el patrimonio a trav\u00e9s de la ropa, se fortalece un sentido de pertenencia que une a las personas con sus ra\u00edces. Esta campa\u00f1a es un recordatorio de que cada prenda que usamos tiene una historia detr\u00e1s, una narrativa que merece ser contada y apreciada.<\/p>\n<h3>Un Futuro Prometedor<\/h3>\n<p>A medida que avanzamos hacia un futuro donde el estilo y la sostenibilidad se volver\u00e1n a\u00fan m\u00e1s relevantes, esta iniciativa resalta el camino que muchas marcas deber\u00edan considerar. La combinaci\u00f3n de historia, dise\u00f1o y responsabilidad puede ser la clave para un \u00e9xito perdurable.<\/p>\n<p>Al final, la esencia de esta campa\u00f1a reside en su capacidad para resonar en un p\u00fablico amplio y diverso, desafiando la percepci\u00f3n de la moda moderna. Es un llamado a la reflexi\u00f3n sobre nuestra propia historia y el estilo que elegimos compartir con el mundo.<\/p>\n<p><em> &#8221; Fuentes www.vogue.mx &#8221; <\/em><\/p>\n","protected":false},"excerpt":{"rendered":"<p>La Evoluci\u00f3n del Estilo: Un Viaje a Trav\u00e9s de Generaciones El mundo de la moda se encuentra en constante transformaci\u00f3n, y cada temporada nos sorprende con propuestas que despliegan creatividad y originalidad. Sin embargo, hay algo intrigante en las marcas que deciden rendir homenaje a su legado. Este es el caso de una emblem\u00e1tica casa [&hellip;]<\/p>\n","protected":false},"author":14,"featured_media":1047808,"comment_status":"open","ping_status":"closed","sticky":false,"template":"","format":"standard","meta":{"om_disable_all_campaigns":false,"jnews-multi-image_gallery":[],"jnews_single_post":[],"jnews_primary_category":[],"jnews_social_meta":[],"footnotes":""},"categories":[144872],"tags":[12005,3743,69174,7758,1726,59987,659,185665,248588,2182,10368],"class_list":["post-1047807","post","type-post","status-publish","format-standard","has-post-thumbnail","hentry","category-fashion","tag-creatividad","tag-diseno","tag-el-palacio-de-hierro","tag-estilo","tag-herencia","tag-identidad","tag-moda","tag-palacio-de-hierro","tag-sello-personal","tag-tendencias","tag-transformacion"],"_links":{"self":[{"href":"https:\/\/dimensionturistica.com\/es\/wp-json\/wp\/v2\/posts\/1047807","targetHints":{"allow":["GET"]}}],"collection":[{"href":"https:\/\/dimensionturistica.com\/es\/wp-json\/wp\/v2\/posts"}],"about":[{"href":"https:\/\/dimensionturistica.com\/es\/wp-json\/wp\/v2\/types\/post"}],"author":[{"embeddable":true,"href":"https:\/\/dimensionturistica.com\/es\/wp-json\/wp\/v2\/users\/14"}],"replies":[{"embeddable":true,"href":"https:\/\/dimensionturistica.com\/es\/wp-json\/wp\/v2\/comments?post=1047807"}],"version-history":[{"count":0,"href":"https:\/\/dimensionturistica.com\/es\/wp-json\/wp\/v2\/posts\/1047807\/revisions"}],"wp:featuredmedia":[{"embeddable":true,"href":"https:\/\/dimensionturistica.com\/es\/wp-json\/wp\/v2\/media\/1047808"}],"wp:attachment":[{"href":"https:\/\/dimensionturistica.com\/es\/wp-json\/wp\/v2\/media?parent=1047807"}],"wp:term":[{"taxonomy":"category","embeddable":true,"href":"https:\/\/dimensionturistica.com\/es\/wp-json\/wp\/v2\/categories?post=1047807"},{"taxonomy":"post_tag","embeddable":true,"href":"https:\/\/dimensionturistica.com\/es\/wp-json\/wp\/v2\/tags?post=1047807"}],"curies":[{"name":"wp","href":"https:\/\/api.w.org\/{rel}","templated":true}]}}