{"id":104775,"date":"2021-03-30T18:29:14","date_gmt":"2021-03-30T18:29:14","guid":{"rendered":"https:\/\/dimensionturistica.com\/es\/?p=104775"},"modified":"2021-03-30T18:29:14","modified_gmt":"2021-03-30T18:29:14","slug":"preve-sectur-derrama-de-12-mmdp-en-vacaciones","status":"publish","type":"post","link":"https:\/\/dimensionturistica.com\/es\/preve-sectur-derrama-de-12-mmdp-en-vacaciones\/","title":{"rendered":"Prev\u00e9 Sectur derrama de 12 mmdp en vacaciones"},"content":{"rendered":"<p> <br \/>\n<\/p>\n<div align=\"justify\" style=\"font-size:15px;\">\n<p>Durante las semanas Santa y Pascua se espera en M\u00e9xico una ocupaci\u00f3n hotelera del 58 por ciento, lo que significar\u00e1 una derrama econ\u00f3mica de 12 mil 251 millones de pesos, anticip\u00f3 el secretario de Turismo del gobierno federal, Miguel Torruco Marqu\u00e9s.<\/p>\n<p>Detall\u00f3 que del 29 de marzo al 11 de abril, se contempla un desplazamiento en el pa\u00eds de hasta 5 millones 069 mil turistas, de los cuales 88 por ciento ser\u00e1n nacionales y el resto extranjeros.<\/p>\n<p>En entrevista con Guillermo Ortega Ruiz, el funcionario federal sostuvo que en todos los destinos tur\u00edsticos se aplicar\u00e1n los protocolos sanitarios contra Covid-19, que permitan que M\u00e9xico tenga una recuperaci\u00f3n econ\u00f3mica y se consolide como uno de los principales pa\u00edses en el sector.<\/p>\n<p>\u201cM\u00e9xico no dejar\u00e1 ese valioso s\u00e9ptimo lugar, u octavo, mundial en materia de turismo de internaci\u00f3n, y un decimocuarto o decimoquinto lugar en materia de captaci\u00f3n de divisas; tambi\u00e9n hemos mejorado en el gasto per c\u00e1pita, en el 2018 est\u00e1bamos en el lugar n\u00famero 40, ya avanzamos pr\u00e1cticamente cuatro espacios\u201d.<\/p>\n<p>Adem\u00e1s, Torruco Marqu\u00e9s adelant\u00f3 que a mediados de a\u00f1o se podr\u00eda reactivar el sector de los cruceros en el pa\u00eds, uno de los m\u00e1s golpeados por la pandemia de Covid-19 en el mundo.<\/p>\n<p>\u201cHemos estado en contacto con los m\u00e1ximos dirigentes, con Michelle Paige, presidenta de la Federaci\u00f3n de Cruceros de Estados Unidos y el Caribe, y ya anunciaron que a partir del mes de junio inicia ya la reactivaci\u00f3n de cruceros, llegar\u00e1n los primeros Cozumel, algunos ya programan para Mazatl\u00e1n\u201d.<\/p>\n<p>Sostuvo que \u201cpoco a poco\u201d incrementar\u00e1 el arribo de cruceros al pa\u00eds para que est\u00e9n ya a finales de a\u00f1o y los primeros meses del siguiente \u201cen la normalidad\u201d.<\/p>\n<p>Respecto a la edici\u00f3n digital 2021 del Tianguis Tur\u00edstico, el secretario mencion\u00f3 que fue exitoso pues se logr\u00f3 la participaci\u00f3n de expositores y visitantes de 60 pa\u00edses, y la consolidaci\u00f3n de m\u00e1s de 16 mil citas de negocios.<\/p>\n<p>JB<\/p>\n<p><\/p><\/div>\n<p><script>(function(d, s, id) {\n  var js, fjs = d.getElementsByTagName(s)[0];\n  if (d.getElementById(id)) return;\n  js = d.createElement(s); js.id = id;\n  js.src = \"https:\/\/connect.facebook.net\/es_LA\/sdk.js#xfbml=1&version=v2.4&appId=1152094148153299\";\n  fjs.parentNode.insertBefore(js, fjs);\n}(document, 'script', 'facebook-jssdk'));<\/script><br \/>\n<br \/><\/p>\n<p><em> &#8221; Fuentes www.ntrguadalajara.com &#8221; <\/em><\/p>\n","protected":false},"excerpt":{"rendered":"<p>Durante las semanas Santa y Pascua se espera en M\u00e9xico una ocupaci\u00f3n hotelera del 58 por ciento, lo que significar\u00e1 una derrama econ\u00f3mica de 12 mil 251 millones de pesos, anticip\u00f3 el secretario de Turismo del gobierno federal, Miguel Torruco Marqu\u00e9s. Detall\u00f3 que del 29 de marzo al 11 de abril, se contempla un desplazamiento [&hellip;]<\/p>\n","protected":false},"author":4,"featured_media":104776,"comment_status":"open","ping_status":"closed","sticky":false,"template":"","format":"standard","meta":{"om_disable_all_campaigns":false,"jnews-multi-image_gallery":[],"jnews_single_post":[],"jnews_primary_category":[],"jnews_social_meta":[],"footnotes":""},"categories":[41],"tags":[],"class_list":["post-104775","post","type-post","status-publish","format-standard","has-post-thumbnail","hentry","category-cruceros"],"_links":{"self":[{"href":"https:\/\/dimensionturistica.com\/es\/wp-json\/wp\/v2\/posts\/104775","targetHints":{"allow":["GET"]}}],"collection":[{"href":"https:\/\/dimensionturistica.com\/es\/wp-json\/wp\/v2\/posts"}],"about":[{"href":"https:\/\/dimensionturistica.com\/es\/wp-json\/wp\/v2\/types\/post"}],"author":[{"embeddable":true,"href":"https:\/\/dimensionturistica.com\/es\/wp-json\/wp\/v2\/users\/4"}],"replies":[{"embeddable":true,"href":"https:\/\/dimensionturistica.com\/es\/wp-json\/wp\/v2\/comments?post=104775"}],"version-history":[{"count":0,"href":"https:\/\/dimensionturistica.com\/es\/wp-json\/wp\/v2\/posts\/104775\/revisions"}],"wp:featuredmedia":[{"embeddable":true,"href":"https:\/\/dimensionturistica.com\/es\/wp-json\/wp\/v2\/media\/104776"}],"wp:attachment":[{"href":"https:\/\/dimensionturistica.com\/es\/wp-json\/wp\/v2\/media?parent=104775"}],"wp:term":[{"taxonomy":"category","embeddable":true,"href":"https:\/\/dimensionturistica.com\/es\/wp-json\/wp\/v2\/categories?post=104775"},{"taxonomy":"post_tag","embeddable":true,"href":"https:\/\/dimensionturistica.com\/es\/wp-json\/wp\/v2\/tags?post=104775"}],"curies":[{"name":"wp","href":"https:\/\/api.w.org\/{rel}","templated":true}]}}