{"id":104736,"date":"2021-03-30T17:19:33","date_gmt":"2021-03-30T17:19:33","guid":{"rendered":"https:\/\/dimensionturistica.com\/es\/?p=104736"},"modified":"2021-03-30T17:19:33","modified_gmt":"2021-03-30T17:19:33","slug":"italia-impondra-cuarentena-de-cinco-dias-a-viajeros-procedentes-de-la-union-europea","status":"publish","type":"post","link":"https:\/\/dimensionturistica.com\/es\/italia-impondra-cuarentena-de-cinco-dias-a-viajeros-procedentes-de-la-union-europea\/","title":{"rendered":"Italia impondr\u00e1 cuarentena de cinco d\u00edas a viajeros procedentes de la Uni\u00f3n Europea"},"content":{"rendered":"<p> <br \/>\n<\/p>\n<div>\n<div class=\"lead\">\n<ul>\n<li>\n<h2>Deber\u00e1n someterse a una prueba de covid-19 antes de viajar y, al t\u00e9rmino de la cuarentena, deber\u00e1n de nuevo realizar otro take a look at de diagn\u00f3stico<\/h2>\n<\/li>\n<li>\n<h2>Las asociaciones tur\u00edsticas critican la medida mientras que las regiones con restricciones denunciar poder irse de vacaciones a Espa\u00f1a<\/h2>\n<\/li>\n<\/ul><\/div>\n<p>Italia impondr\u00e1<strong> una cuarentena de cinco d\u00edas <\/strong>para todos los viajeros procedentes de la <strong>Uni\u00f3n Europea<\/strong> (UE). El ministro de la Salud italiano, <strong>Roberto Speranza<\/strong>, ha firmado este martes una orden que establece que, durante y despu\u00e9s del puente de <strong>Pascua<\/strong>, los viajeros europeos deber\u00e1n realizarse una prueba negativa anterior al viaje, cinco d\u00edas de cuarentena y una segunda prueba. Ambas pueden ser moleculares o de ant\u00edgenos. Con el possible objetivo de disuadir los viajes al exterior durante las vacaciones, la orden, v\u00e1lida hasta el seis de abril, est\u00e1 levantando una polvareda nacional.<\/p>\n<p>\u201cNo se pueden cambiar las <strong>reglas<\/strong>, mientras se est\u00e1 jugando&amp;rdquor;, han lamentado la mayor\u00eda de telenoticias del pa\u00eds, aduciendo que el \u00faltimo decreto del Gobierno hab\u00eda previsto solamente \u201csometerse al dictamen del pa\u00eds visitado y una sola prueba para la vuelta&amp;rdquor;. Una cuarentena fiduciaria de 14 d\u00edas exist\u00eda solo para quienes proceden de pa\u00edses de fuera de la <strong>UE <\/strong>y la de cinco d\u00edas que introduce la ordenanza es considerada \u201ccomo \u00fatil solo para complicar los viajes&amp;rdquor;. \u201cAs\u00ed se mata el <strong>turismo<\/strong>&amp;rdquor;, acusa la federaci\u00f3n nacional hotelera (Federalberghi).<\/p>\n<p>\u201c\u00bfCuarentena para la vuelta? Pues, hemos perdido todos&amp;rdquor;, protesta la asociaci\u00f3n nacional de operadores tur\u00edsticos Astoi, a la vista de los miles de turistas que est\u00e1n saliendo desde Tur\u00edn, Mil\u00e1n y de los aeropuertos del sur hacia las <strong>Baleares<\/strong>, <strong>Canarias <\/strong>y el norte de Europa.<\/p>\n<h3>&#8220;Es absurdo poder ir a Espa\u00f1a&#8221;<\/h3>\n<p>\u201cNo es posible que est\u00e9 prohibida la circulaci\u00f3n en Italia y que luego uno, realizada una <strong>PCR<\/strong>, pueda volar como turista a las Canarias&amp;rdquor;, lamenta Luca Zaia, presidente del V\u00e9neto (Venecia), subrayando que por Pascua los italianos \u201cestar\u00e1n todos confinados en sus casas&amp;rdquor;. \u201cEs absurdo que un lombardo (Mil\u00e1n) pueda ir a Fuerteventura y no a Portofino a transcurrir el puente pascual&amp;rdquor;, protesta Federalberghi. <strong>Massimo Garavagli<\/strong>, ministro de Turismo, echa balones fuera y promete que el pr\u00f3ximo verano \u201cser\u00e1 mejor&amp;rdquor; que el pasado. \u201cLas pol\u00e9micas son una demagogia f\u00e1cil ya que las personas que salen de viaje son pocas y no cuentan para el turismo italiano&amp;rdquor;, tranquilizan desde Fiavet, la asociaci\u00f3n nacional de las agencias de viaje.<\/p>\n<p>Los protagonistas del turismo nacional lamentan que \u201c<strong>Espa\u00f1a <\/strong>se haya convertido en la meta privilegiada de muchos turistas, italiano por tambi\u00e9n franceses y alemanes, que se trasladan para evadir de las <strong>restricciones <\/strong>locales&amp;rdquor;.<\/p>\n<h3>La vacunaci\u00f3n se acelera<\/h3>\n<p>\t<span class=\"smallTitle\">Te puede interesar<\/span><\/p>\n<p>Mientras las <strong>vacunaciones <\/strong>empiezan a ponerse en marcha de una manera m\u00e1s r\u00e1pida (10 millones la primera dosis y tres millones con ambas), los <strong>hospitales <\/strong>y las <strong>Ucis <\/strong>est\u00e1n m\u00e1s saturadas que hace un a\u00f1o (m\u00e1s de 3.000 ocupadas) y las defunciones oscilan a diario entre los 300 y los 500.<\/p>\n<p>El nuevo comisario para la emergencia, el common <strong>Francesco Paolo Figliuolo<\/strong>, ha previsto este mi\u00e9rcoles que si la llegada de vacunas se mantiene como prometido por las <strong>farmac\u00e9uticas<\/strong>, la inmunidad de reba\u00f1o se alcanzar\u00e1 en septiembre. Es decir dos meses m\u00e1s tarde de cuanto hab\u00eda sido previsto. Mientras el Gobierno ha aprobado el \u201cescudo penal&amp;rdquor; para los m\u00e9dicos y private que vacune, con el fin de que no puedan ser acusados en el caso de que se produzcan efectos secundarios fatales.<\/p>\n<\/p><\/div>\n\n<p><em> &#8221; Fuentes www.elperiodico.com &#8221; <\/em><\/p>\n","protected":false},"excerpt":{"rendered":"<p>Deber\u00e1n someterse a una prueba de covid-19 antes de viajar y, al t\u00e9rmino de la cuarentena, deber\u00e1n de nuevo realizar otro take a look at de diagn\u00f3stico Las asociaciones tur\u00edsticas critican la medida mientras que las regiones con restricciones denunciar poder irse de vacaciones a Espa\u00f1a Italia impondr\u00e1 una cuarentena de cinco d\u00edas para todos [&hellip;]<\/p>\n","protected":false},"author":4,"featured_media":104737,"comment_status":"open","ping_status":"closed","sticky":false,"template":"","format":"standard","meta":{"om_disable_all_campaigns":false,"jnews-multi-image_gallery":[],"jnews_single_post":[],"jnews_primary_category":[],"jnews_social_meta":[],"footnotes":""},"categories":[40],"tags":[4858,55,1692],"class_list":["post-104736","post","type-post","status-publish","format-standard","has-post-thumbnail","hentry","category-industria","tag-confinamiento","tag-coronavirus","tag-italia"],"_links":{"self":[{"href":"https:\/\/dimensionturistica.com\/es\/wp-json\/wp\/v2\/posts\/104736","targetHints":{"allow":["GET"]}}],"collection":[{"href":"https:\/\/dimensionturistica.com\/es\/wp-json\/wp\/v2\/posts"}],"about":[{"href":"https:\/\/dimensionturistica.com\/es\/wp-json\/wp\/v2\/types\/post"}],"author":[{"embeddable":true,"href":"https:\/\/dimensionturistica.com\/es\/wp-json\/wp\/v2\/users\/4"}],"replies":[{"embeddable":true,"href":"https:\/\/dimensionturistica.com\/es\/wp-json\/wp\/v2\/comments?post=104736"}],"version-history":[{"count":0,"href":"https:\/\/dimensionturistica.com\/es\/wp-json\/wp\/v2\/posts\/104736\/revisions"}],"wp:featuredmedia":[{"embeddable":true,"href":"https:\/\/dimensionturistica.com\/es\/wp-json\/wp\/v2\/media\/104737"}],"wp:attachment":[{"href":"https:\/\/dimensionturistica.com\/es\/wp-json\/wp\/v2\/media?parent=104736"}],"wp:term":[{"taxonomy":"category","embeddable":true,"href":"https:\/\/dimensionturistica.com\/es\/wp-json\/wp\/v2\/categories?post=104736"},{"taxonomy":"post_tag","embeddable":true,"href":"https:\/\/dimensionturistica.com\/es\/wp-json\/wp\/v2\/tags?post=104736"}],"curies":[{"name":"wp","href":"https:\/\/api.w.org\/{rel}","templated":true}]}}