{"id":1047356,"date":"2025-09-18T23:32:55","date_gmt":"2025-09-18T23:32:55","guid":{"rendered":"https:\/\/dimensionturistica.com\/es\/?p=1047356"},"modified":"2025-09-18T23:32:55","modified_gmt":"2025-09-18T23:32:55","slug":"la-soledad-brinda-inusuales-aliados-en-el-camino","status":"publish","type":"post","link":"https:\/\/dimensionturistica.com\/es\/la-soledad-brinda-inusuales-aliados-en-el-camino\/","title":{"rendered":"\u00abLa soledad brinda inusuales aliados en el camino\u00bb"},"content":{"rendered":"<h3>Viajar en Compa\u00f1\u00eda de la Soledad: Una Reflexi\u00f3n sobre el Viaje Interior<\/h3>\n<p>Viajar es una de las experiencias m\u00e1s enriquecedoras que podemos vivir, pero \u00bfqu\u00e9 sucede cuando la soledad se convierte en nuestro acompa\u00f1ante inesperado? En un mundo donde la conexi\u00f3n humana parece ser omnipresente, el viaje en solitario podr\u00eda ofrecernos una mirada introspectiva que a menudo se pasa por alto. <\/p>\n<p>La soledad puede tener un matiz peculiar cuando exploramos un nuevo destino. En lugar de ser una carga, puede convertirse en un espacio propicio para la reflexi\u00f3n, el autoconocimiento y, por qu\u00e9 no, una forma de conectar de manera diferente con el entorno. La traves\u00eda se transforma en un espejo que refleja no solamente los paisajes que encontramos, sino tambi\u00e9n nuestras inquietudes, deseos y sue\u00f1os.<\/p>\n<h3>El Viaje como Exploraci\u00f3n Personal<\/h3>\n<p>Cuando emprendemos un viaje solos, nos vemos obligados a abrirnos a nuevas experiencias. Con cada paso dado en una ciudad desconocida, cada conversaci\u00f3n con un extra\u00f1o y cada plato degustado, la soledad se manifiesta como una compa\u00f1era silenciosa que, lejos de ser un obst\u00e1culo, nos invita a apreciar la belleza de la independencia y el autodescubrimiento. Esta din\u00e1mica sugiere que el verdadero sentido del viaje no radica tan solo en conocer nuevos lugares, sino tambi\u00e9n en sumergirse en el vasto universo interior que cada uno de nosotros lleva consigo.<\/p>\n<p>Al pasear por calles empedradas o al contemplar un amanecer en la playa, la soledad se convierte en un aliada. La ausencia de distracciones nos permite apreciar detalles que pasar\u00edamos por alto en compa\u00f1\u00eda: un graffiti significativo, el sonido del mar acariciando la arena, o el aroma inconfundible de un caf\u00e9 reci\u00e9n hecho. <\/p>\n<h3>Conexiones con el Entorno<\/h3>\n<p>La soledad tambi\u00e9n nos empodera para conectar de maneras m\u00e1s aut\u00e9nticas con nuestro entorno. Sin la carga de conversaciones predecibles, nos convertimos en observadores m\u00e1s atentos. Los detalles de la cultura local, las sonrisas de las personas y las historias que se imbuyen en cada rinc\u00f3n nos tocan de manera diferente. Las experiencias se vuelven memorias imborrables, poemas de un viaje que llevamos en nuestra mente.<\/p>\n<p>Adem\u00e1s, la soledad puede abrir puertas a encuentros inesperados. A menudo, son los momentos solitarios los que conducen a amistades profundas. Un viajero que se sienta en una terraza a compartir un caf\u00e9 puede entablar una conversaci\u00f3n con un local que, de otra forma, no habr\u00eda cruzado su camino. Esto demuestra que, aunque busquemos la soledad, tambi\u00e9n existe un anhelo de conexi\u00f3n que puede florecer incluso en los momentos m\u00e1s introspectivos.<\/p>\n<h3>La Soledad como Compa\u00f1era en la B\u00fasqueda de la Libertad<\/h3>\n<p>Viajar solo tiene el poder de liberarnos, de romper cadenas sociales que a menudo nos atan. Nos permite ser los arquitectos de nuestro propio itinerario, elegir las actividades que realmente nos apasionan y experimentar la verdadera libertad. Sin importar el destino, esta independencia nos invita a dejar de lado la rutina diaria y abrazar lo desconocido, dando paso a un viaje que es tanto exterior como interior.<\/p>\n<p>En conclusi\u00f3n, la soledad no debe ser vista como un vac\u00edo, sino como un lienzo en blanco en el que podemos pintar nuestras propias experiencias. Viajar solo es una invitaci\u00f3n a descubrirnos, a explorar no solo el mundo que nos rodea, sino tambi\u00e9n la intrincada red de emociones y pensamientos que llevamos dentro. Al final, cada viaje nos ense\u00f1a que, a veces, la mejor compa\u00f1\u00eda que podemos tener es la que reside en nuestro propio ser.<\/p>\n<p><em> &#8221; Fuentes www.elcorreo.com &#8221; <\/em><\/p>\n","protected":false},"excerpt":{"rendered":"<p>Viajar en Compa\u00f1\u00eda de la Soledad: Una Reflexi\u00f3n sobre el Viaje Interior Viajar es una de las experiencias m\u00e1s enriquecedoras que podemos vivir, pero \u00bfqu\u00e9 sucede cuando la soledad se convierte en nuestro acompa\u00f1ante inesperado? En un mundo donde la conexi\u00f3n humana parece ser omnipresente, el viaje en solitario podr\u00eda ofrecernos una mirada introspectiva que [&hellip;]<\/p>\n","protected":false},"author":4,"featured_media":1047358,"comment_status":"open","ping_status":"closed","sticky":false,"template":"","format":"standard","meta":{"om_disable_all_campaigns":false,"jnews-multi-image_gallery":[],"jnews_single_post":[],"jnews_primary_category":[],"jnews_social_meta":[],"footnotes":""},"categories":[39],"tags":[1808,229651,173972,248443,126545,4330,13578,28550,17372,248442,80918,681],"class_list":["post-1047356","post","type-post","status-publish","format-standard","has-post-thumbnail","hentry","category-viajes","tag-compania","tag-existencialismo","tag-experiencias-personales","tag-exploracion-emocional","tag-introspeccion","tag-otono","tag-reflexiones","tag-relaciones","tag-soledad","tag-soledad-y-amistad","tag-tardes","tag-viaje"],"_links":{"self":[{"href":"https:\/\/dimensionturistica.com\/es\/wp-json\/wp\/v2\/posts\/1047356","targetHints":{"allow":["GET"]}}],"collection":[{"href":"https:\/\/dimensionturistica.com\/es\/wp-json\/wp\/v2\/posts"}],"about":[{"href":"https:\/\/dimensionturistica.com\/es\/wp-json\/wp\/v2\/types\/post"}],"author":[{"embeddable":true,"href":"https:\/\/dimensionturistica.com\/es\/wp-json\/wp\/v2\/users\/4"}],"replies":[{"embeddable":true,"href":"https:\/\/dimensionturistica.com\/es\/wp-json\/wp\/v2\/comments?post=1047356"}],"version-history":[{"count":0,"href":"https:\/\/dimensionturistica.com\/es\/wp-json\/wp\/v2\/posts\/1047356\/revisions"}],"wp:featuredmedia":[{"embeddable":true,"href":"https:\/\/dimensionturistica.com\/es\/wp-json\/wp\/v2\/media\/1047358"}],"wp:attachment":[{"href":"https:\/\/dimensionturistica.com\/es\/wp-json\/wp\/v2\/media?parent=1047356"}],"wp:term":[{"taxonomy":"category","embeddable":true,"href":"https:\/\/dimensionturistica.com\/es\/wp-json\/wp\/v2\/categories?post=1047356"},{"taxonomy":"post_tag","embeddable":true,"href":"https:\/\/dimensionturistica.com\/es\/wp-json\/wp\/v2\/tags?post=1047356"}],"curies":[{"name":"wp","href":"https:\/\/api.w.org\/{rel}","templated":true}]}}