{"id":1047262,"date":"2025-09-18T20:57:04","date_gmt":"2025-09-18T20:57:04","guid":{"rendered":"https:\/\/dimensionturistica.com\/es\/?p=1047262"},"modified":"2025-09-18T20:57:04","modified_gmt":"2025-09-18T20:57:04","slug":"un-paso-adelante-lo-mejor-de-los-bobs-en-la-semana-de-la-moda-de-nueva-york","status":"publish","type":"post","link":"https:\/\/dimensionturistica.com\/es\/un-paso-adelante-lo-mejor-de-los-bobs-en-la-semana-de-la-moda-de-nueva-york\/","title":{"rendered":"Un Paso Adelante: Lo Mejor de los Bobs en la Semana de la Moda de Nueva York"},"content":{"rendered":"<h3>La Revoluci\u00f3n del Bob: Tendencias Imperdibles en Nueva York<\/h3>\n<p>En el mundo de la moda, el cabello es m\u00e1s que un simple accesorio; es una declaraci\u00f3n de estilo. La tendencia del bob, en particular, ha resurgido con fuerza en las pasarelas de Nueva York, convirti\u00e9ndose en el look favorito de dise\u00f1adores y modelos por igual. Este corte, que evoca una elegancia atemporal, ahora se reinventa con propuestas audaces y frescas que capturan la atenci\u00f3n de todos.<\/p>\n<h4>Un Corte, Mil Estilos<\/h4>\n<p>El bob ha evolucionado de manera significativa, mostrando su versatilidad en diferentes texturas y longitudes. Desde los cl\u00e1sicos bobs hasta los m\u00e1s asim\u00e9tricos, cada versi\u00f3n tiene su propia personalidad. Este a\u00f1o, se observ\u00f3 c\u00f3mo diversas interpretaciones del bob se apoderaron de las pasarelas. Las versiones m\u00e1s cortas, con un acabado pulido y minimalista, contrastaron maravillosamente con los estilos deshechos y texturizados que aportaban un aire m\u00e1s divertido y despreocupado.<\/p>\n<h4>Variaciones Clave<\/h4>\n<p>Entre las principales variaciones del bob, destaca el &#8220;long bob&#8221; o &#8220;lob&#8221;, que ha capturado la esencia femenina en su forma m\u00e1s fluida. Esta longitud intermedia ofrece un equilibrio perfecto entre elegancia y facilidad, permitiendo jugar con diferentes est\u00e9ticas, desde lo chic hasta lo bohemio. Los detalles como las puntas desfalsadas y los flequillos tambi\u00e9n juegan un papel fundamental, aportando frescura y modernidad al corte.<\/p>\n<p>Otra interpretaci\u00f3n notable es el bob con ondas suaves, que a\u00f1ade un toque de movimiento y sensualidad. Este look, ideal para cualquier ocasi\u00f3n, se ha convertido en un favorito en eventos de alto perfil, demostrando que el bob puede ser tanto sofisticado como relajado.<\/p>\n<h4>Colores que Impactan<\/h4>\n<p>No solo el corte ha tomado protagonismo; los colores tambi\u00e9n han llegado para revolucionar el bob. De las tonalidades pasteles a los rubios ceniza, cada elecci\u00f3n de color resalta la belleza del corte y permite expresarse de maneras m\u00e1s art\u00edsticas. Los degradados y balayages a\u00f1aden dimensi\u00f3n y modernidad, elevando a\u00fan m\u00e1s la est\u00e9tica del bob.<\/p>\n<h4>C\u00f3mo Adaptarlo a Cada Estilo<\/h4>\n<p>El truco del bob radica en su adaptabilidad. Se puede combinar con accesorios, como diademas y horquillas, que aportan un toque personal al look. Para aquellos que buscan un acabado m\u00e1s formal, un lacio pulido ser\u00e1 ideal, mientras que un bob ligeramente deshecho puede ser perfecto para un ambiente m\u00e1s relajado.<\/p>\n<p>Adem\u00e1s, el bob se adapta a diferentes tipos de rostro. Los rostros redondeados se benefician de un bob m\u00e1s largo que enmarque la cara, mientras que un bob corto puede aportar frescura a rostros angulares. Esta versatilidad hace que sea un corte inclusivo, apto para cualquier persona.<\/p>\n<h3>Conclusiones<\/h3>\n<p>El bob no es solo una tendencia temporal; es un cl\u00e1sico que se reinventa y se adapta a los tiempos modernos. En cada pasarela, se demuestra la capacidad de este corte para entrelazarse con las corrientes actuales de la moda, ofreciendo m\u00faltiplas opciones de personalizaci\u00f3n. La moda se trata de exploraci\u00f3n y expresi\u00f3n, y el bob es la herramienta perfecta para ello.<\/p>\n<p>Este estilo atemporal sigue cautivando e inspirando, haciendo que tanto dise\u00f1adores como fashionistas se rindan ante su magia. Si se busca un cambio de look o simplemente un toque de renovaci\u00f3n, el bob se presenta como la opci\u00f3n ideal para cualquier amante de la moda. \u00a1Atr\u00e9vete a experimentar!<\/p>\n<p><em> &#8221; Fuentes www.vogue.com &#8221; <\/em><\/p>\n","protected":false},"excerpt":{"rendered":"<p>La Revoluci\u00f3n del Bob: Tendencias Imperdibles en Nueva York En el mundo de la moda, el cabello es m\u00e1s que un simple accesorio; es una declaraci\u00f3n de estilo. La tendencia del bob, en particular, ha resurgido con fuerza en las pasarelas de Nueva York, convirti\u00e9ndose en el look favorito de dise\u00f1adores y modelos por igual. [&hellip;]<\/p>\n","protected":false},"author":14,"featured_media":1047265,"comment_status":"open","ping_status":"closed","sticky":false,"template":"","format":"standard","meta":{"om_disable_all_campaigns":false,"jnews-multi-image_gallery":[],"jnews_single_post":[],"jnews_primary_category":[],"jnews_social_meta":[],"footnotes":""},"categories":[144872],"tags":[72867,248416,204903,207947,218283,166,200442,200437,201088,202965,248417,204902,213553,6194],"class_list":["post-1047262","post","type-post","status-publish","format-standard","has-post-thumbnail","hentry","category-fashion","tag-beauty","tag-bob-haircuts","tag-bobs","tag-celebrity-hairstyles","tag-fall-beauty","tag-fashion","tag-hair-fashion","tag-hair-trends","tag-hairstyles","tag-new-york-fashion-week","tag-runway-styles","tag-short-haircuts","tag-spring-beauty","tag-trends"],"_links":{"self":[{"href":"https:\/\/dimensionturistica.com\/es\/wp-json\/wp\/v2\/posts\/1047262","targetHints":{"allow":["GET"]}}],"collection":[{"href":"https:\/\/dimensionturistica.com\/es\/wp-json\/wp\/v2\/posts"}],"about":[{"href":"https:\/\/dimensionturistica.com\/es\/wp-json\/wp\/v2\/types\/post"}],"author":[{"embeddable":true,"href":"https:\/\/dimensionturistica.com\/es\/wp-json\/wp\/v2\/users\/14"}],"replies":[{"embeddable":true,"href":"https:\/\/dimensionturistica.com\/es\/wp-json\/wp\/v2\/comments?post=1047262"}],"version-history":[{"count":0,"href":"https:\/\/dimensionturistica.com\/es\/wp-json\/wp\/v2\/posts\/1047262\/revisions"}],"wp:featuredmedia":[{"embeddable":true,"href":"https:\/\/dimensionturistica.com\/es\/wp-json\/wp\/v2\/media\/1047265"}],"wp:attachment":[{"href":"https:\/\/dimensionturistica.com\/es\/wp-json\/wp\/v2\/media?parent=1047262"}],"wp:term":[{"taxonomy":"category","embeddable":true,"href":"https:\/\/dimensionturistica.com\/es\/wp-json\/wp\/v2\/categories?post=1047262"},{"taxonomy":"post_tag","embeddable":true,"href":"https:\/\/dimensionturistica.com\/es\/wp-json\/wp\/v2\/tags?post=1047262"}],"curies":[{"name":"wp","href":"https:\/\/api.w.org\/{rel}","templated":true}]}}