{"id":1047109,"date":"2025-09-18T16:41:16","date_gmt":"2025-09-18T16:41:16","guid":{"rendered":"https:\/\/dimensionturistica.com\/es\/?p=1047109"},"modified":"2025-09-18T16:41:16","modified_gmt":"2025-09-18T16:41:16","slug":"el-mensaje-alarmantemente-evidente-tras-la-suspension-de-jimmy-kimmel","status":"publish","type":"post","link":"https:\/\/dimensionturistica.com\/es\/el-mensaje-alarmantemente-evidente-tras-la-suspension-de-jimmy-kimmel\/","title":{"rendered":"El Mensaje Alarmantemente Evidente Tras la Suspensi\u00f3n de Jimmy Kimmel"},"content":{"rendered":"<p><strong>La Moda de la Controversia: C\u00f3mo la Suspensi\u00f3n de Jimmy Kimmel Capt\u00f3 la Atenci\u00f3n de Todos<\/strong><\/p>\n<p>En el siempre cambiante mundo de la moda y el entretenimiento, las decisiones aparentemente impulsivas pueden desencadenar reacciones masivas. Este es el caso reciente de una figura prominente de la televisi\u00f3n estadounidense, cuya suspensi\u00f3n ha encendido debates sobre la responsabilidad en el humor y la cultura popular.<\/p>\n<p>Una charla sobre moda nunca est\u00e1 completa sin considerar el impacto de los personajes que influyen en las tendencias actuales. En este caso, la controversia llega a trav\u00e9s de un conocido presentador que ha reconocido ser una voz de su generaci\u00f3n. La interrupci\u00f3n de su programa no solo subray\u00f3 tensiones dentro del \u00e1mbito del entretenimiento, sino que tambi\u00e9n nos obliga a cuestionar c\u00f3mo los estereotipos y el humor t\u00f3xico se entrelazan con el estilo y la percepci\u00f3n p\u00fablica.<\/p>\n<p>Durante a\u00f1os, el humor ha sido un pilar en la cultura popular, una herramienta potente que puede unir o dividir. Sin embargo, lo que antes podr\u00eda haber pasado desapercibido, ahora asumi\u00f3 una nueva dimensi\u00f3n. La moda, al igual que el humor, evoluciona y se adapta a las sensibilidades del momento. Lo que resulta gracioso para algunos puede ser problem\u00e1tico para otros, y es aqu\u00ed donde reside el doble filo de la expresi\u00f3n.<\/p>\n<p>Con la suspensi\u00f3n de figuras medi\u00e1ticas, emergen cuestiones importantes sobre c\u00f3mo los \u00edconos de la cultura popular moldean nuestras percepciones de la moda y lo que consideramos aceptable. Se hace evidente que el humor y la moda deben ir acompa\u00f1ados de responsabilidad; ambos son reflejos de una sociedad en constante cambio. Este incidente ha puesto de relieve la necesidad de un di\u00e1logo activo en torno a los l\u00edmites del humor y de c\u00f3mo estos interact\u00faan con las tendencias culturales.<\/p>\n<p>La moda no es solo una pasarela; es un escenario donde los valores sociales se exhiben y se cuestionan. Desafiar las nociones preestablecidas a trav\u00e9s de una vestimenta innovadora puede resultar en una conversaci\u00f3n; sin embargo, la l\u00ednea entre el respeto y la ofensa es delgada. De esta forma, la suspensi\u00f3n de un comediante puede ser vista como una chispa que enciende un debate m\u00e1s amplio sobre c\u00f3mo se perciben ciertos estilos y comportamientos en la esfera p\u00fablica.<\/p>\n<p>En el transcurso de los a\u00f1os, la industria de la moda ha aprendido a adoptar la diversidad y la inclusi\u00f3n. Las marcas reconocen que sus consumidores valoran la autenticidad y esperan que sus \u00eddolos encarnen estos valores. La situaci\u00f3n en la que se encuentra este presentador act\u00faa como un recordatorio de que hay un espacio para la cr\u00edtica y el crecimiento dentro de cada campo de la cultura.<\/p>\n<p>A medida que el di\u00e1logo se intensifica y las voces se alzan, es esencial seguir reflexionando sobre el impacto que los \u00edconos de la moda y el entretenimiento tienen en nuestras vidas. Las elecciones de estilo, ya sean en la pasarela o en el escenario, son m\u00e1s que simples decisiones est\u00e9ticas; son declaraciones que cuentan historias, forjan identidades y, a menudo, desaf\u00edan el status quo.<\/p>\n<p>La controversia no solo atrae la atenci\u00f3n hacia el individuo, sino que tambi\u00e9n tiene el poder de cambiar percepciones y generar un impacto duradero. En este punto, el eco de la discusi\u00f3n provocada por la suspensi\u00f3n de una figura medi\u00e1tica se convierte en un llamado a la reflexi\u00f3n en todos los sectores, incluidas la moda y el entretenimiento.<\/p>\n<p>La moda, y todo lo que conlleva, siempre ser\u00e1 un reflejo de nuestra sociedad. Al final, la manera en la que estas historias se entrelazan define nuestro presente y nos invita a imaginar un futuro m\u00e1s consciente y responsable.<\/p>\n<p><em> &#8221; Fuentes www.vogue.com &#8221; <\/em><\/p>\n","protected":false},"excerpt":{"rendered":"<p>La Moda de la Controversia: C\u00f3mo la Suspensi\u00f3n de Jimmy Kimmel Capt\u00f3 la Atenci\u00f3n de Todos En el siempre cambiante mundo de la moda y el entretenimiento, las decisiones aparentemente impulsivas pueden desencadenar reacciones masivas. Este es el caso reciente de una figura prominente de la televisi\u00f3n estadounidense, cuya suspensi\u00f3n ha encendido debates sobre la [&hellip;]<\/p>\n","protected":false},"author":14,"featured_media":1047110,"comment_status":"open","ping_status":"closed","sticky":false,"template":"","format":"standard","meta":{"om_disable_all_campaigns":false,"jnews-multi-image_gallery":[],"jnews_single_post":[],"jnews_primary_category":[],"jnews_social_meta":[],"footnotes":""},"categories":[144872],"tags":[248359,190],"class_list":["post-1047109","post","type-post","status-publish","format-standard","has-post-thumbnail","hentry","category-fashion","tag-jimmy-kimmel-suspension-comedy-television-media-criticism-public-reaction-cancel-culture-satire-celebrity-news-entertainment-industry","tag-politics"],"_links":{"self":[{"href":"https:\/\/dimensionturistica.com\/es\/wp-json\/wp\/v2\/posts\/1047109","targetHints":{"allow":["GET"]}}],"collection":[{"href":"https:\/\/dimensionturistica.com\/es\/wp-json\/wp\/v2\/posts"}],"about":[{"href":"https:\/\/dimensionturistica.com\/es\/wp-json\/wp\/v2\/types\/post"}],"author":[{"embeddable":true,"href":"https:\/\/dimensionturistica.com\/es\/wp-json\/wp\/v2\/users\/14"}],"replies":[{"embeddable":true,"href":"https:\/\/dimensionturistica.com\/es\/wp-json\/wp\/v2\/comments?post=1047109"}],"version-history":[{"count":0,"href":"https:\/\/dimensionturistica.com\/es\/wp-json\/wp\/v2\/posts\/1047109\/revisions"}],"wp:featuredmedia":[{"embeddable":true,"href":"https:\/\/dimensionturistica.com\/es\/wp-json\/wp\/v2\/media\/1047110"}],"wp:attachment":[{"href":"https:\/\/dimensionturistica.com\/es\/wp-json\/wp\/v2\/media?parent=1047109"}],"wp:term":[{"taxonomy":"category","embeddable":true,"href":"https:\/\/dimensionturistica.com\/es\/wp-json\/wp\/v2\/categories?post=1047109"},{"taxonomy":"post_tag","embeddable":true,"href":"https:\/\/dimensionturistica.com\/es\/wp-json\/wp\/v2\/tags?post=1047109"}],"curies":[{"name":"wp","href":"https:\/\/api.w.org\/{rel}","templated":true}]}}