{"id":1046525,"date":"2025-09-17T17:32:46","date_gmt":"2025-09-17T17:32:46","guid":{"rendered":"https:\/\/dimensionturistica.com\/es\/?p=1046525"},"modified":"2025-09-17T17:32:46","modified_gmt":"2025-09-17T17:32:46","slug":"prohibicion-de-transporte-turistico-a-traves-de-la-ruta-amazonica","status":"publish","type":"post","link":"https:\/\/dimensionturistica.com\/es\/prohibicion-de-transporte-turistico-a-traves-de-la-ruta-amazonica\/","title":{"rendered":"Prohibici\u00f3n de Transporte Tur\u00edstico a Trav\u00e9s de la Ruta Amaz\u00f3nica"},"content":{"rendered":"<h3>Ofrenda de la Amazon\u00eda: Un Llamado a la Responsabilidad Tur\u00edstica<\/h3>\n<p>La Amazon\u00eda, ese vasto pulm\u00f3n del mundo, no solo es un lugar de incomparable belleza, sino tambi\u00e9n un ecosistema fr\u00e1gil que necesita cuidados especiales. En este contexto, un reciente pronunciamiento ha puesto de relieve la importancia de protegerlo frente a la creciente presi\u00f3n del turismo. Grupos ind\u00edgenas y organizaciones ambientalistas est\u00e1n alzando la voz, instando a los operadores tur\u00edsticos a reconsiderar sus rutas y pr\u00e1cticas en esta regi\u00f3n rica en biodiversidad y cultura.<\/p>\n<p>La llamada a la acci\u00f3n no es un simple capricho, sino una respuesta fundamentada en el deseo de preservar la herencia natural y cultural que la Amazon\u00eda ofrece. Las comunidades nativas que habitan en estas tierras han entendido desde hace siglos la importancia de una coexistencia armoniosa con el entorno. Sin embargo, la afluencia masiva de turistas puede alterar esta relaci\u00f3n sutil y perjudicar tanto a la flora y fauna como a las tradiciones ancestrales que a\u00fan perduran.<\/p>\n<p>Uno de los puntos cr\u00edticos es la reciente preferencia por rutas menos convencionales que atraviesan \u00e1reas delicadas. Estas decisiones, motivadas por el deseo de desviar el flujo tur\u00edstico a localidades menos exploradas, pueden tener impactos adversos si no se manejan con conciencia. Si bien es tentador buscar una experiencia aut\u00e9ntica y alejada de los circuitos tradicionales, es vital que los viajeros y emprendedores tur\u00edsticos se cuestionen: \u00bfQu\u00e9 se est\u00e1 sacrificando en el proceso?<\/p>\n<p>Las comunidades amaz\u00f3nicas han vivido en armon\u00eda con su entorno por generaciones, conservando no solo su cultura, sino tambi\u00e9n el equilibrio ecol\u00f3gico de su h\u00e1bitat. Sin embargo, la introducci\u00f3n de nuevas din\u00e1micas tur\u00edsticas puede amenazar la sustentabilidad que han cultivado. Los pueblos nativos imploran a los turistas y operadores que elijan pr\u00e1cticas responsables que respeten su estilo de vida y su entorno.<\/p>\n<p>Ante esta realidad, surge la necesidad de una mayor educaci\u00f3n y concienciaci\u00f3n dentro del sector tur\u00edstico. La adopci\u00f3n de un enfoque sostenible puede brindar a los viajeros la oportunidad de sumergirse en la autenticidad de la Amazon\u00eda sin comprometer su esencia. Actividades como el ecoturismo responsable, la inversi\u00f3n en gu\u00edas locales y el apoyo a iniciativas culturales aut\u00e9nticas son algunas de las alternativas que pueden transformar el turismo en un poder impulsor de conservaci\u00f3n.<\/p>\n<p>Invitar a explorar la Amazon\u00eda no debe convertirse en una invitaci\u00f3n a la explotaci\u00f3n, sino en una celebraci\u00f3n de su belleza y riqueza. Los viajeros tienen la opci\u00f3n de convertirse en embajadores de conservaci\u00f3n, eligiendo rutas que respeten el entorno y las comunidades, y fomentando un turismo que enriquezca tanto a los visitantes como a los anfitriones.<\/p>\n<p>As\u00ed, a medida que nos aventuramos por estas majestuosas tierras, recordemos que cada sendero recorrido, cada r\u00edo navegado, y cada encuentro compartido son parte de un delicado equilibrio. La Amazon\u00eda no es s\u00f3lo un destino tur\u00edstico; es un legado que debemos proteger y celebrar. Atra\u00eddos por el misterio de su selva, hagamos un compromiso: disfrutar de su belleza, pero siempre con un profundo respeto y consideraci\u00f3n hacia su inigualable riqueza cultural y natural.<\/p>\n<p><em> &#8221; Sources tnews.com.pe &#8221; <\/em><\/p>\n","protected":false},"excerpt":{"rendered":"<p>Ofrenda de la Amazon\u00eda: Un Llamado a la Responsabilidad Tur\u00edstica La Amazon\u00eda, ese vasto pulm\u00f3n del mundo, no solo es un lugar de incomparable belleza, sino tambi\u00e9n un ecosistema fr\u00e1gil que necesita cuidados especiales. En este contexto, un reciente pronunciamiento ha puesto de relieve la importancia de protegerlo frente a la creciente presi\u00f3n del turismo. [&hellip;]<\/p>\n","protected":false},"author":4,"featured_media":1046526,"comment_status":"open","ping_status":"closed","sticky":false,"template":"","format":"standard","meta":{"om_disable_all_campaigns":false,"jnews-multi-image_gallery":[],"jnews_single_post":[],"jnews_primary_category":[],"jnews_social_meta":[],"footnotes":""},"categories":[40],"tags":[15690,194803,17782,5751,208417,991,49949,600,544,188925],"class_list":["post-1046525","post","type-post","status-publish","format-standard","has-post-thumbnail","hentry","category-industria","tag-biodiversidad","tag-comunidades-locales","tag-conservacion","tag-ecoturismo","tag-mapi","tag-medio-ambiente","tag-ruta-amazonica","tag-sostenibilidad","tag-turismo","tag-viaje-responsable"],"_links":{"self":[{"href":"https:\/\/dimensionturistica.com\/es\/wp-json\/wp\/v2\/posts\/1046525","targetHints":{"allow":["GET"]}}],"collection":[{"href":"https:\/\/dimensionturistica.com\/es\/wp-json\/wp\/v2\/posts"}],"about":[{"href":"https:\/\/dimensionturistica.com\/es\/wp-json\/wp\/v2\/types\/post"}],"author":[{"embeddable":true,"href":"https:\/\/dimensionturistica.com\/es\/wp-json\/wp\/v2\/users\/4"}],"replies":[{"embeddable":true,"href":"https:\/\/dimensionturistica.com\/es\/wp-json\/wp\/v2\/comments?post=1046525"}],"version-history":[{"count":0,"href":"https:\/\/dimensionturistica.com\/es\/wp-json\/wp\/v2\/posts\/1046525\/revisions"}],"wp:featuredmedia":[{"embeddable":true,"href":"https:\/\/dimensionturistica.com\/es\/wp-json\/wp\/v2\/media\/1046526"}],"wp:attachment":[{"href":"https:\/\/dimensionturistica.com\/es\/wp-json\/wp\/v2\/media?parent=1046525"}],"wp:term":[{"taxonomy":"category","embeddable":true,"href":"https:\/\/dimensionturistica.com\/es\/wp-json\/wp\/v2\/categories?post=1046525"},{"taxonomy":"post_tag","embeddable":true,"href":"https:\/\/dimensionturistica.com\/es\/wp-json\/wp\/v2\/tags?post=1046525"}],"curies":[{"name":"wp","href":"https:\/\/api.w.org\/{rel}","templated":true}]}}