{"id":1046192,"date":"2025-09-17T03:52:48","date_gmt":"2025-09-17T03:52:48","guid":{"rendered":"https:\/\/dimensionturistica.com\/es\/?p=1046192"},"modified":"2025-09-17T03:52:48","modified_gmt":"2025-09-17T03:52:48","slug":"sabores-tradiciones-aventuras-y-ofertas-descubre-nuevos-destinos","status":"publish","type":"post","link":"https:\/\/dimensionturistica.com\/es\/sabores-tradiciones-aventuras-y-ofertas-descubre-nuevos-destinos\/","title":{"rendered":"Sabores, Tradiciones, Aventuras y Ofertas: \u00a1Descubre Nuevos Destinos!"},"content":{"rendered":"<h3>Descubre la Magia de Per\u00fa: Una Oportunidad \u00danica en Colombia<\/h3>\n<p>Si hay un pa\u00eds que en los \u00faltimos a\u00f1os ha cautivado a los viajeros con su rica cultura, su impresionante biodiversidad y, sobre todo, su exquisita gastronom\u00eda, ese es Per\u00fa. Ahora, gracias a un evento especial que tiene lugar en Colombia, los colombianos tienen la oportunidad perfecta para sumergirse en la esencia peruana sin dejar su patria.<\/p>\n<p><strong>Una Ventana a la Cultura Peruana<\/strong><\/p>\n<p>El evento ofrecido se titula &#8220;Per\u00fa Week&#8221; y se convierte en una aut\u00e9ntica ventana a la cultura peruana. Durante esta semana, se celebrar\u00e1n m\u00faltiples actividades que no solo incluyen la deliciosa gastronom\u00eda del pa\u00eds inca, sino tambi\u00e9n un sinf\u00edn de propuestas culturales y de viaje. Los asistentes podr\u00e1n disfrutar de exposiciones de arte, presentaciones de danza y espect\u00e1culos que reflejan las ra\u00edces profundas de una naci\u00f3n rica en tradiciones.<\/p>\n<p><strong>Gastronom\u00eda: Un Viaje de Sabores<\/strong><\/p>\n<p>La gastronom\u00eda peruana es, sin lugar a dudas, uno de sus mayores atractivos. \u00bfQui\u00e9n no ha o\u00eddo hablar del ceviche, la causa rellena o el famoso lomo saltado? Durante &#8220;Per\u00fa Week&#8221;, los participantes tendr\u00e1n la oportunidad de degustar estos platos emblem\u00e1ticos y descubrir nuevos sabores que los dejar\u00e1n deseando m\u00e1s. Varias restaurantes en Colombia se sumar\u00e1n a esta celebraci\u00f3n, ofreciendo men\u00fas especiales, promociones irresistibles y experiencias culinarias que prometen transportar a los comensales directamente a las calles de Lima.<\/p>\n<p><strong>Promociones para Viajar a Per\u00fa<\/strong><\/p>\n<p>Adem\u00e1s del deleite gastron\u00f3mico, este evento es tambi\u00e9n un escaparate de las maravillas tur\u00edsticas que Per\u00fa tiene para ofrecer. Con promociones exclusivas para quienes sue\u00f1an con asistir a destinos ic\u00f3nicos como Machu Picchu, Cusco o el Lago Titicaca, &#8220;Per\u00fa Week&#8221; promete ser el trampol\u00edn perfecto para que los colombianos planifiquen su pr\u00f3xima aventura.<\/p>\n<p>Cada d\u00eda del evento se prev\u00e9 una colaboraci\u00f3n con agencias de viajes locales que ofrecer\u00e1n itinerarios accesibles, consejos y todo lo necesario para realizar un viaje inolvidable. Esta es la ocasi\u00f3n perfecta para dejarse llevar por la magia de un pa\u00eds que combina lo antiguo y lo contempor\u00e1neo en una sinfon\u00eda perfecta.<\/p>\n<p><strong>Un Encuentro de Hermanos Andinos<\/strong><\/p>\n<p>El evento tambi\u00e9n destaca la relaci\u00f3n cultural y comercial que une a Colombia y Per\u00fa, dos pa\u00edses hermanos en la regi\u00f3n andina. Las actividades prometen no solo resaltar lo mejor de Per\u00fa, sino tambi\u00e9n fomentar un intercambio cultural enriquecedor. Este tipo de iniciativas son fundamentales para fortalecer los lazos entre naciones vecinas y promover un turismo m\u00e1s consciente y colaborativo.<\/p>\n<p><strong>Conclusi\u00f3n: Una Experiencia que No Te Querr\u00e1s Perder<\/strong><\/p>\n<p>&#8220;Per\u00fa Week&#8221; en Colombia representa una excelente oportunidad para los amantes de la buena comida, la cultura vibrante y la aventura de descubrir nuevos horizontes. Si te encuentras en Colombia durante esta semana tem\u00e1tica, no dejes pasar la ocasi\u00f3n de experimentar la riqueza de un pa\u00eds que ha sido nombrado varias veces como el mejor destino culinario del mundo.<\/p>\n<p>Sum\u00e9rgete en un viaje sin salir de casa y deja que Per\u00fa te seduzca. \u00a1No te arrepentir\u00e1s!<\/p>\n<p><em> &#8221; Fuentes caracol.com.co &#8221; <\/em><\/p>\n","protected":false},"excerpt":{"rendered":"<p>Descubre la Magia de Per\u00fa: Una Oportunidad \u00danica en Colombia Si hay un pa\u00eds que en los \u00faltimos a\u00f1os ha cautivado a los viajeros con su rica cultura, su impresionante biodiversidad y, sobre todo, su exquisita gastronom\u00eda, ese es Per\u00fa. Ahora, gracias a un evento especial que tiene lugar en Colombia, los colombianos tienen la [&hellip;]<\/p>\n","protected":false},"author":4,"featured_media":1046193,"comment_status":"open","ping_status":"closed","sticky":false,"template":"","format":"standard","meta":{"om_disable_all_campaigns":false,"jnews-multi-image_gallery":[],"jnews_single_post":[],"jnews_primary_category":[],"jnews_social_meta":[],"footnotes":""},"categories":[39],"tags":[248013,210795,40493,248014,55181,248015,248016,662,3196,248017,743,248018,248019,248020,192683,23628,248021,1373,4870,248022,248023,5617,222329,248024,545],"class_list":["post-1046192","post","type-post","status-publish","format-standard","has-post-thumbnail","hentry","category-viajes","tag-aimara","tag-altiplano","tag-andes","tag-aymara","tag-balsa","tag-balsa-de-totora","tag-bote-de-totora","tag-cultura","tag-embarcacion","tag-embarcacion-de-totora","tag-gastronomia","tag-isla-de-totora","tag-isla-de-uros","tag-islas-de-uros","tag-islas-flotantes","tag-lago-titicaca","tag-press-tour-francia","tag-promociones","tag-puno","tag-recorrido-por-el-lago-titicaca","tag-registro2023","tag-sierra","tag-totora","tag-uros","tag-viajes"],"_links":{"self":[{"href":"https:\/\/dimensionturistica.com\/es\/wp-json\/wp\/v2\/posts\/1046192","targetHints":{"allow":["GET"]}}],"collection":[{"href":"https:\/\/dimensionturistica.com\/es\/wp-json\/wp\/v2\/posts"}],"about":[{"href":"https:\/\/dimensionturistica.com\/es\/wp-json\/wp\/v2\/types\/post"}],"author":[{"embeddable":true,"href":"https:\/\/dimensionturistica.com\/es\/wp-json\/wp\/v2\/users\/4"}],"replies":[{"embeddable":true,"href":"https:\/\/dimensionturistica.com\/es\/wp-json\/wp\/v2\/comments?post=1046192"}],"version-history":[{"count":0,"href":"https:\/\/dimensionturistica.com\/es\/wp-json\/wp\/v2\/posts\/1046192\/revisions"}],"wp:featuredmedia":[{"embeddable":true,"href":"https:\/\/dimensionturistica.com\/es\/wp-json\/wp\/v2\/media\/1046193"}],"wp:attachment":[{"href":"https:\/\/dimensionturistica.com\/es\/wp-json\/wp\/v2\/media?parent=1046192"}],"wp:term":[{"taxonomy":"category","embeddable":true,"href":"https:\/\/dimensionturistica.com\/es\/wp-json\/wp\/v2\/categories?post=1046192"},{"taxonomy":"post_tag","embeddable":true,"href":"https:\/\/dimensionturistica.com\/es\/wp-json\/wp\/v2\/tags?post=1046192"}],"curies":[{"name":"wp","href":"https:\/\/api.w.org\/{rel}","templated":true}]}}