{"id":1045534,"date":"2025-09-16T07:29:51","date_gmt":"2025-09-16T07:29:51","guid":{"rendered":"https:\/\/dimensionturistica.com\/es\/?p=1045534"},"modified":"2025-09-16T07:29:51","modified_gmt":"2025-09-16T07:29:51","slug":"hombre-obsequia-una-patineta-a-un-empleado-con-discapacidad","status":"publish","type":"post","link":"https:\/\/dimensionturistica.com\/es\/hombre-obsequia-una-patineta-a-un-empleado-con-discapacidad\/","title":{"rendered":"Hombre obsequia una patineta a un empleado con discapacidad"},"content":{"rendered":"<h3>Un Acto de Bondad en el Coraz\u00f3n de Torre\u00f3n: La Historia que Nos Inspira<\/h3>\n<p>En una ciudad donde la rutina y el ajetreo del d\u00eda a d\u00eda pueden hacer que algunas historias de esperanza pasen desapercibidas, un gesto c\u00e1lido ha capturado la atenci\u00f3n y el coraz\u00f3n de los habitantes de Torre\u00f3n. Este relato comienza en un entorno cotidiano, en el que la solidaridad y la empat\u00eda se entrelazan para transformarlo todo.<\/p>\n<p>Un trabajador de la ciudad, cuya historia personal incluye la superaci\u00f3n de una discapacidad, se encontraba realizando su labor con entusiasmo y determinaci\u00f3n. La vida laboral puede ser desafiante para muchas personas, pero para este joven, cada d\u00eda representa una nueva oportunidad de demostrar que no hay l\u00edmites en lo que se puede lograr. Fue en este contexto donde un extra\u00f1o, movido por un sentimiento de compasi\u00f3n, decidi\u00f3 hacer algo inesperado.<\/p>\n<p>Sin que se lo esperara, este hombre se acerc\u00f3 y le ofreci\u00f3 una patineta, un regalo que iba mucho m\u00e1s all\u00e1 de un simple objeto. Para el trabajador, este gesto simbolizaba libertad y aventura, una invitaci\u00f3n a explorar el mundo de una manera diferente. Fue un momento que capt\u00f3 la atenci\u00f3n de quienes presenciaron el intercambio, creando un eco de afecto y autenticidad que reson\u00f3 en el entorno.<\/p>\n<p>Este acto desinteresado no solo representa un peque\u00f1o milagro en las vidas de quienes lo vivieron, sino que tambi\u00e9n resalta una importante lecci\u00f3n sobre la humanidad en tiempos en que parece escasear. En un mundo marcado por la prisa y la desconexi\u00f3n, recordamos que cada peque\u00f1o gesto puede tener un impacto significativo.<\/p>\n<p>La historia ha dado la vuelta al pa\u00eds, inspirando a muchos a reflexionar sobre la importancia de la bondad y la posibilidad de mejorar la vida de aquellos que nos rodean. En un viaje por Torre\u00f3n, ya no solo se disfrutar\u00e1n sus paisajes y sabores, sino que tambi\u00e9n se contar\u00e1 con una narrativa de generosidad que invita a ser parte de esta transformaci\u00f3n social.<\/p>\n<p>La comunidad se ha unido, brindando apoyo y reconocimiento al trabajador y a su nuevo compa\u00f1ero de aventuras. Epidermis de amor y solidaridad, Torre\u00f3n se levanta como un ejemplo de c\u00f3mo un simple acto puede inspirar a muchos. As\u00ed, nos recordamos que en cada esquina, cada historia y cada persona, existe un potencial ilimitado para crear un legado de bondad.<\/p>\n<p>Si est\u00e1s planeando visitar esta regi\u00f3n, no solo disfrutar\u00e1s de sus atracciones tur\u00edsticas, sino que tambi\u00e9n podr\u00e1s ser parte de este nuevo renacer de empat\u00eda y esperanza. Las historias como esta son las que marcan la diferencia y enriquecen la experiencia de conocer un lugar. A veces, la mayor aventura no se encuentra en los destinos, sino en las personas que los habitan. <\/p>\n<p>Definitivamente, un viaje a Torre\u00f3n no solo es una oportunidad de explorar su cultura e historia, sino tambi\u00e9n una invitaci\u00f3n a sumarte a una corriente de buen coraz\u00f3n que, como la patineta, nos lleva m\u00e1s all\u00e1 de lo imaginado.<\/p>\n<p><em> &#8221; Fuentes www.milenio.com &#8221; <\/em><\/p>\n","protected":false},"excerpt":{"rendered":"<p>Un Acto de Bondad en el Coraz\u00f3n de Torre\u00f3n: La Historia que Nos Inspira En una ciudad donde la rutina y el ajetreo del d\u00eda a d\u00eda pueden hacer que algunas historias de esperanza pasen desapercibidas, un gesto c\u00e1lido ha capturado la atenci\u00f3n y el coraz\u00f3n de los habitantes de Torre\u00f3n. Este relato comienza en [&hellip;]<\/p>\n","protected":false},"author":4,"featured_media":1045535,"comment_status":"open","ping_status":"closed","sticky":false,"template":"","format":"standard","meta":{"om_disable_all_campaigns":false,"jnews-multi-image_gallery":[],"jnews_single_post":[],"jnews_primary_category":[],"jnews_social_meta":[],"footnotes":""},"categories":[41],"tags":[247819,247822,136951,247816,2626,3240,8956,247821,247812,247820,245829,2262,247813,20607,247817,144946,247814,247818,2007,8883,9796,3983,3708,247815],"class_list":["post-1045534","post","type-post","status-publish","format-standard","has-post-thumbnail","hentry","category-cruceros","tag-acto-viral-tiktok","tag-buen-samaritano-torreon","tag-bulevar-independencia","tag-calzada-abastos","tag-coahuila","tag-comunidad","tag-discapacidad","tag-ejemplo-de-empatia","tag-gesto-solidario","tag-hija-orgullosa","tag-historia-emotiva","tag-hombre","tag-hombre-regala-patineta","tag-inspiracion","tag-martin-gonzalez","tag-patineta","tag-persona-con-discapacidad","tag-profesor-y-abogado","tag-redes-sociales","tag-regalo","tag-solidaridad","tag-torreon","tag-trabajador","tag-trabajador-limpiaparabrisas"],"_links":{"self":[{"href":"https:\/\/dimensionturistica.com\/es\/wp-json\/wp\/v2\/posts\/1045534","targetHints":{"allow":["GET"]}}],"collection":[{"href":"https:\/\/dimensionturistica.com\/es\/wp-json\/wp\/v2\/posts"}],"about":[{"href":"https:\/\/dimensionturistica.com\/es\/wp-json\/wp\/v2\/types\/post"}],"author":[{"embeddable":true,"href":"https:\/\/dimensionturistica.com\/es\/wp-json\/wp\/v2\/users\/4"}],"replies":[{"embeddable":true,"href":"https:\/\/dimensionturistica.com\/es\/wp-json\/wp\/v2\/comments?post=1045534"}],"version-history":[{"count":0,"href":"https:\/\/dimensionturistica.com\/es\/wp-json\/wp\/v2\/posts\/1045534\/revisions"}],"wp:featuredmedia":[{"embeddable":true,"href":"https:\/\/dimensionturistica.com\/es\/wp-json\/wp\/v2\/media\/1045535"}],"wp:attachment":[{"href":"https:\/\/dimensionturistica.com\/es\/wp-json\/wp\/v2\/media?parent=1045534"}],"wp:term":[{"taxonomy":"category","embeddable":true,"href":"https:\/\/dimensionturistica.com\/es\/wp-json\/wp\/v2\/categories?post=1045534"},{"taxonomy":"post_tag","embeddable":true,"href":"https:\/\/dimensionturistica.com\/es\/wp-json\/wp\/v2\/tags?post=1045534"}],"curies":[{"name":"wp","href":"https:\/\/api.w.org\/{rel}","templated":true}]}}