{"id":104549,"date":"2021-03-30T12:09:37","date_gmt":"2021-03-30T12:09:37","guid":{"rendered":"https:\/\/dimensionturistica.com\/es\/?p=104549"},"modified":"2021-03-30T12:09:37","modified_gmt":"2021-03-30T12:09:37","slug":"medidas-para-hacer-frente-al-coronavirus-el-derecho","status":"publish","type":"post","link":"https:\/\/dimensionturistica.com\/es\/medidas-para-hacer-frente-al-coronavirus-el-derecho\/","title":{"rendered":"Medidas para hacer frente al coronavirus &#8211; El Derecho"},"content":{"rendered":"<p> <br \/>\n<\/p>\n<p>Esta Ley, con vigencia common a partir de 31 de marzo de 2021, responde a la necesidad de establecer, una vez superado el estado de alarma, una serie de medidas urgentes de prevenci\u00f3n, contenci\u00f3n y coordinaci\u00f3n, dirigidas a garantizar el derecho a la vida y a la protecci\u00f3n de salud mientras perdure la disaster sanitaria ocasionada por el COVID-19, y una vez expirada la vigencia del estado de alarma y de las medidas extraordinarias de contenci\u00f3n, incluidas las limitativas de la libertad de circulaci\u00f3n, establecidas al amparo de aquel.<\/p>\n<div id=\"\"><a rel=\"nofollow noopener\" target=\"_blank\" class=\"infographics-block\"><\/p>\n<figure class=\"img-extended\">\n<img decoding=\"async\" data-src=\"https:\/\/elderecho.com\/wp-content\/uploads\/2021\/03\/Medidas-anticovid-p311437-m958537-768x334_w100.jpg\" class=\"img-responsive lazyload\" itemprop=\"image\"  alt=\"Medidas anticovid\" src=\"https:\/\/dimensionturistica.com\/es\/wp-content\/uploads\/2020\/12\/El-Gobierno-aprueba-nuevas-ayudas-para-la-hosteleria-el-turismo.gif\"\/>\t\t<\/figure>\n<hr\/>\n<p><\/a><\/p>\n<p><strong>Disposiciones generales<br \/><\/strong>Fija el objeto y \u00e1mbito de aplicaci\u00f3n, los \u00f3rganos competentes, as\u00ed como las medidas que se deben adoptar para evitar la generaci\u00f3n de riesgos de propagaci\u00f3n de la enfermedad COVID-19. Tambi\u00e9n prev\u00e9 la adopci\u00f3n de planes y estrategias de actuaci\u00f3n para afrontar emergencias sanitarias, mediante actuaciones coordinadas en salud p\u00fablica, para el desarrollo de las distintas actividades que se contemplan en los cap\u00edtulos siguientes.<\/p>\n<p>\u00a0<\/p>\n<p><strong>Medidas de prevenci\u00f3n e higiene<br \/><\/strong>Recoge el mantenimiento de determinadas medidas de prevenci\u00f3n e higiene, como son el uso obligatorio de mascarillas en la v\u00eda p\u00fablica, en espacios al aire libre y en espacios cerrados de uso p\u00fablico o que se encuentren abiertos al p\u00fablico, as\u00ed como en los transportes.<\/p>\n<p>Contempla la adopci\u00f3n de determinadas medidas de prevenci\u00f3n en el entorno de trabajo, tales como la ordenaci\u00f3n de los puestos de trabajo o la organizaci\u00f3n de los turnos para evitar aglomeraciones, as\u00ed como el mantenimiento de medidas de prevenci\u00f3n e higiene b\u00e1sicas en los establecimientos comerciales, en los centros residenciales de car\u00e1cter social, en los hoteles y alojamientos tur\u00edsticos o en las actividades de hosteler\u00eda y restauraci\u00f3n, entre otras.<\/p>\n<p><strong>Medidas en materia de transportes<br \/><\/strong>Regula la oferta de plazas y el volumen de ocupaci\u00f3n en los servicios de transporte de viajeros por v\u00eda mar\u00edtima, por ferrocarril y por carretera, todos ellos de competencia estatal. Los operadores de transporte con n\u00famero de asiento preasignado deber\u00e1n conservar, a disposici\u00f3n de las autoridades de salud p\u00fablica, la informaci\u00f3n de contacto de los pasajeros durante un m\u00ednimo de cuatro semanas, con la finalidad de realizar la trazabilidad de los contactos.<\/p>\n<p>Asimismo, se habilita al titular de la Direcci\u00f3n Basic de la Marina Mercante para ordenar, a propuesta del Ministerio de Sanidad, la adopci\u00f3n de medidas sanitarias para el management de buques, incluidos los de tipo crucero, que realicen viajes internacionales y naveguen por aguas del mar territorial con objeto de entrar en puertos espa\u00f1oles.<\/p>\n<p>\u00a0<\/p>\n<p><strong>Medidas relativas a medicamentos y productos sanitarios<br \/><\/strong>Por lo que respecta a los productos sanitarios y a los biocidas, se incorporan las medidas imprescindibles para garantizar la fabricaci\u00f3n y puesta a disposici\u00f3n de mascarillas quir\u00fargicas, batas quir\u00fargicas, soluciones y geles hidroalcoh\u00f3licos para la desinfecci\u00f3n de manos y antis\u00e9pticos de piel sana a un ritmo adecuado para atender el appreciable volumen de demanda existente.<\/p>\n<p>\u00a0<\/p>\n<p><strong>Medidas para detecci\u00f3n precoz de la enfermedad y management de fuentes de infecci\u00f3n<br \/><\/strong>Se\u00f1ala que el COVID-19 es una enfermedad de declaraci\u00f3n obligatoria urgente. Asimismo, se da continuidad a una serie de obligaciones de recogida, tratamiento y remisi\u00f3n de informaci\u00f3n, de los datos de relevancia epidemiol\u00f3gica y sanitaria que sean pertinentes, siempre salvaguardando los derechos de protecci\u00f3n de datos personales, as\u00ed como al sistema establecido para la recogida y remisi\u00f3n de informaci\u00f3n con el resultado de pruebas diagn\u00f3sticas COVID-19 mediante PCR u otras pruebas de diagn\u00f3stico de COVID-19 realizadas por los laboratorios, p\u00fablicos y privados, as\u00ed como por los centros, servicios y establecimientos sanitarios que realicen dichas pruebas en Espa\u00f1a, como complemento al sistema de vigilancia individualizada de los casos de COVID-19.<\/p>\n<p>\u00a0<\/p>\n<p><strong>Medidas en otras materias<br \/><\/strong>La norma dispone medidas para garantizar las capacidades del sistema sanitario en materia de recursos humanos, planes de contingencia y obligaciones de informaci\u00f3n.<\/p>\n<p>Se regula el r\u00e9gimen sancionador aplicable al incumplimiento de las medidas de prevenci\u00f3n y de las obligaciones establecidas en esta Ley.<\/p>\n<p>Asimismo, las disposiciones adicionales contienen previsiones espec\u00edficas en relaci\u00f3n con los controles sanitarios y operativos en aeropuertos gestionados por AENA, e incorporan las previsiones en materia de sanidad exterior en puertos de inter\u00e9s common.<\/p>\n<p>\u00a0<\/p>\n<p><strong>Modificaciones Legislativas<br \/><\/strong>Se modifica <em>la Ley 48\/1960, de 21 de julio, sobre Navegaci\u00f3n A\u00e9rea<\/em>, introduciendo una nueva disposici\u00f3n adicional sexta, que habilita al Director de la Agencia Estatal de Seguridad A\u00e9rea para conceder exenciones espec\u00edficas cuando se produzcan circunstancias urgentes imprevistas o necesidades operativas urgentes.<\/p>\n<p>Tambi\u00e9n se modifica la <em>Ley 16\/2003, de 28 de mayo, de cohesi\u00f3n y calidad del Sistema Nacional de Salud<\/em>, en relaci\u00f3n con las actuaciones coordinadas en salud p\u00fablica y el deber de suministro de informaci\u00f3n por parte de las comunidades aut\u00f3nomas en situaciones de emergencia para la salud p\u00fablica.<\/p>\n<p>Asimismo, se da nueva redacci\u00f3n al <em>texto refundido de la Ley de garant\u00edas y uso racional de los medicamentos y productos sanitarios<\/em>, en el sentido de completar el poder fijar el precio de aquellos productos necesarios para la protecci\u00f3n de la salud poblacional.<\/p>\n<p>En relaci\u00f3n con las empresas se modifica el art\u00edculo 40 del <em>Actual Decreto-ley 8\/2020, de 17 de marzo, de medidas urgentes extraordinarias para hacer frente al impacto econ\u00f3mico y social del COVID-19<\/em>, con la finalidad de extender hasta el 31 de diciembre de 2020, la posibilidad de que, aunque los estatutos no lo hubieran previsto, las sesiones de los \u00f3rganos de gobierno y de administraci\u00f3n de las asociaciones, de las sociedades civiles y mercantiles, del consejo rector de las sociedades cooperativas y del patronato de las fundaciones, puedan celebrarse por videoconferencia o por conferencia telef\u00f3nica m\u00faltiple. Durante 2021 extiende tambi\u00e9n esa posibilidad.<\/p>\n<p>Se deroga el artwork. 37, sobre limitaciones del juego y se modifica el artwork. 36 <em>Actual Decreto-ley 11\/2020, de 31 de marzo, por el que se adoptan medidas urgentes complementarias en el \u00e1mbito social y econ\u00f3mico para hacer frente al COVID-19<\/em>, relativo al derecho de resoluci\u00f3n de determinados contratos sin penalizaci\u00f3n por parte de los consumidores y usuarios, se modifica con el fin de extender la aplicaci\u00f3n a aquellos contratos que puedan resultar de imposible ejecuci\u00f3n como consecuencia de las medidas impuestas por las diferentes administraciones durante las fases de desescalada o nueva normalidad. Tambi\u00e9n se modifica este art\u00edculo para circunscribir la posibilidad de emisi\u00f3n de los bonos de las compa\u00f1\u00edas a\u00e9reas a la aceptaci\u00f3n voluntaria y para establecer el plazo autom\u00e1tico de 14 d\u00edas para el reembolso del importe del bono a la finalizaci\u00f3n de su periodo de validez, si este no ha sido canjeado.<\/p>\n<p><a rel=\"nofollow noopener\" target=\"_blank\" href=\"https:\/\/online.elderecho.com\/?producto_inicial=*&amp;nref=2021\/8967\"><strong>Ley 2\/2021, de 29 de marzo, de medidas urgentes de prevenci\u00f3n, contenci\u00f3n y coordinaci\u00f3n para hacer frente a la crisis sanitaria ocasionada por el COVID-19 (EDL 2021\/8967).<\/strong><\/a><\/p>\n<div class=\"row download-content  no-register-for-content changeColorBorder col-xs-12\" style=\"display:none;\">\n<div class=\"row download-center BBBB\">\n<div id=\"non-exlcusive-thanks\" class=\"col-xs-12\" style=\"display: none;\">\n<p>Muchas gracias<\/p>\n<p>Tu solicitud ha sido registrada correctamente, revisa tu e mail para acceder al contenido solicitado<\/p>\n<p>\n<span class=\"input-group-btn\"><br \/>\n<button class=\"btn button-close-no-exclusive\" type=\"button\">CERRAR<\/button><br \/>\n<\/span><\/p>\n<\/div>\n<div id=\"non-exlcusive-fail\" class=\"col-xs-12\" style=\"display: none;\">\n<p>Lo sentimos mucho.<\/p>\n<p>Has excedido el n\u00famero de peticiones de informaci\u00f3n disponibles.<\/p>\n<p>\n<span class=\"input-group-btn\"><br \/>\n<button class=\"btn button-close-no-exclusive\" type=\"button\">CERRAR<\/button><br \/>\n<\/span><\/p>\n<\/div>\n<div id=\"non-exlcusive-sending\" class=\"col-xs-12\" style=\"display: none; text-align: center;\">\n<img decoding=\"async\" src=\"https:\/\/dimensionturistica.com\/es\/wp-content\/uploads\/2021\/03\/Medidas-para-hacer-frente-al-coronavirus-El-Derecho.gif\" width=\"64\"\/><\/p>\n<h3>Enviando<\/h3>\n<\/div>\n<\/div>\n<\/div>\n<div class=\"row download-content  no-register-for-content-demo changeColorBorder col-xs-12\" style=\"display:none;\">\n<div class=\"row download-center BBBB\">\n<div id=\"non-exlcusive-thanks-demo\" class=\"col-xs-12\" style=\"display: none;\">\n<p>Muchas gracias<\/p>\n<p>Tu solicitud ha sido registrada correctamente, revisa tu e mail para acceder al contenido solicitado<\/p>\n<p>\n<span class=\"input-group-btn\"><br \/>\n<button class=\"btn button-close-no-exclusive\" type=\"button\">CERRAR<\/button><br \/>\n<\/span><\/p>\n<\/div>\n<div id=\"non-exlcusive-fail-demo\" class=\"col-xs-12\" style=\"display: none;\">\n<p>Lo sentimos mucho.<\/p>\n<p>Has excedido el n\u00famero de peticiones de informaci\u00f3n disponibles.<\/p>\n<p>\n<span class=\"input-group-btn\"><br \/>\n<button class=\"btn button-close-no-exclusive\" type=\"button\">CERRAR<\/button><br \/>\n<\/span><\/p>\n<\/div>\n<div id=\"non-exlcusive-sending-demo\" class=\"col-xs-12\" style=\"display: none; text-align: center;\">\n<img decoding=\"async\" src=\"https:\/\/dimensionturistica.com\/es\/wp-content\/uploads\/2021\/03\/Medidas-para-hacer-frente-al-coronavirus-El-Derecho.gif\" width=\"64\"\/><\/p>\n<h3>Enviando<\/h3>\n<\/div>\n<\/div>\n<\/div>\n<hr\/><\/div>\n<p><script type=\"text\/javascript\">!function(f,b,e,v,n,t,s){if(f.fbq)return;n=f.fbq=function(){n.callMethod?n.callMethod.apply(n,arguments):n.queue.push(arguments)};if(!f._fbq)f._fbq=n;n.push=n;n.loaded=!0;n.version='2.0';n.queue=[];t=b.createElement(e);t.async=!0;t.src=v;s=b.getElementsByTagName(e)[0];s.parentNode.insertBefore(t,s)}(window,document,'script','https:\/\/connect.facebook.net\/en_US\/fbevents.js');<\/script><br \/>\n<br \/><\/p>\n<p><em> &#8221; Fuentes elderecho.com &#8221; <\/em><\/p>\n","protected":false},"excerpt":{"rendered":"<p>Esta Ley, con vigencia common a partir de 31 de marzo de 2021, responde a la necesidad de establecer, una vez superado el estado de alarma, una serie de medidas urgentes de prevenci\u00f3n, contenci\u00f3n y coordinaci\u00f3n, dirigidas a garantizar el derecho a la vida y a la protecci\u00f3n de salud mientras perdure la disaster sanitaria [&hellip;]<\/p>\n","protected":false},"author":4,"featured_media":104550,"comment_status":"open","ping_status":"closed","sticky":false,"template":"","format":"standard","meta":{"om_disable_all_campaigns":false,"jnews-multi-image_gallery":[],"jnews_single_post":[],"jnews_primary_category":[],"jnews_social_meta":[],"footnotes":""},"categories":[41],"tags":[],"class_list":["post-104549","post","type-post","status-publish","format-standard","has-post-thumbnail","hentry","category-cruceros"],"_links":{"self":[{"href":"https:\/\/dimensionturistica.com\/es\/wp-json\/wp\/v2\/posts\/104549","targetHints":{"allow":["GET"]}}],"collection":[{"href":"https:\/\/dimensionturistica.com\/es\/wp-json\/wp\/v2\/posts"}],"about":[{"href":"https:\/\/dimensionturistica.com\/es\/wp-json\/wp\/v2\/types\/post"}],"author":[{"embeddable":true,"href":"https:\/\/dimensionturistica.com\/es\/wp-json\/wp\/v2\/users\/4"}],"replies":[{"embeddable":true,"href":"https:\/\/dimensionturistica.com\/es\/wp-json\/wp\/v2\/comments?post=104549"}],"version-history":[{"count":0,"href":"https:\/\/dimensionturistica.com\/es\/wp-json\/wp\/v2\/posts\/104549\/revisions"}],"wp:featuredmedia":[{"embeddable":true,"href":"https:\/\/dimensionturistica.com\/es\/wp-json\/wp\/v2\/media\/104550"}],"wp:attachment":[{"href":"https:\/\/dimensionturistica.com\/es\/wp-json\/wp\/v2\/media?parent=104549"}],"wp:term":[{"taxonomy":"category","embeddable":true,"href":"https:\/\/dimensionturistica.com\/es\/wp-json\/wp\/v2\/categories?post=104549"},{"taxonomy":"post_tag","embeddable":true,"href":"https:\/\/dimensionturistica.com\/es\/wp-json\/wp\/v2\/tags?post=104549"}],"curies":[{"name":"wp","href":"https:\/\/api.w.org\/{rel}","templated":true}]}}