{"id":104488,"date":"2021-03-30T09:08:25","date_gmt":"2021-03-30T09:08:25","guid":{"rendered":"https:\/\/dimensionturistica.com\/es\/?p=104488"},"modified":"2021-03-30T09:08:25","modified_gmt":"2021-03-30T09:08:25","slug":"crucero-con-plantel-completo-el-territorio-noticias-de-misiones","status":"publish","type":"post","link":"https:\/\/dimensionturistica.com\/es\/crucero-con-plantel-completo-el-territorio-noticias-de-misiones\/","title":{"rendered":"Crucero, con plantel completo | EL TERRITORIO noticias de Misiones."},"content":{"rendered":"<p> <br \/>\n<\/p>\n<p>\n<span class=\"fecha\">martes 30 de marzo de 2021 | 6:01hs.<\/span>\n<\/p>\n<div>\n<p>La dirigencia de Crucero fue paciente y termin\u00f3 por abrochar ayer el \u00faltimo refuerzo del equipo que afrontar\u00e1 el torneo Federal A. Se trata del zaguero central Rodrigo Acosta Ferreira.<\/p>\n<p>Como lo hab\u00eda anticipado El Territorio hace unas semanas atr\u00e1s, el cuerpo t\u00e9cnico aguardaba por el arribo de un zaguero central experimentado para salir definitivamente del mercado y el elegido period el paraguayo Acosta Ferreira, hombre que, al igual que muchos del plantel, form\u00f3 parte de la temporada anterior antes de quedar libre por el parate obligado a mitad del 2020. <\/p>\n<p>Los problemas de traslado generados por el cierre de frontera y las posibles ofertas en el mercado guaran\u00ed, hicieron que Rodrigo agote cada instancia antes de pegarse la vuelta. Pero el d\u00eda l\u00edmite lleg\u00f3 y el defensor de 24 a\u00f1os tom\u00f3 la decisi\u00f3n.<\/p>\n<p>As\u00ed, despu\u00e9s de hacer escala en aeropuertos de Encarnaci\u00f3n y Buenos Aires, Acosta Ferreira rubric\u00f3 su firma para convertirse en el \u00faltimo pasajero del colectivo. <\/p>\n<p>Esta pieza de recambio le permite a Crucero contar con caudillos en cada sector del campo, una premisa muy anhelada por Carlos Marczuk antes de empezar la pretemporada: \u201cCon un plantel totalmente juvenil, la participaci\u00f3n no ser\u00e1 la adecuada. Entonces necesitamos gente de experiencia que gu\u00ede a los chicos y les ense\u00f1e el camino&#8230;el cuerpo t\u00e9cnico est\u00e1 en el d\u00eda a d\u00eda, pero en la competencia ser\u00eda bueno contar con ellos\u201d, fundament\u00f3 el DT a finales de enero.<\/p>\n<p>\u201cQueremos tener recambio y que el sector defensivo sea fuerte\u201d, hab\u00eda insistido el obere\u00f1o hace casi 15 d\u00edas atr\u00e1s.<\/p>\n<p>Ahora Acosta Ferreira disputar\u00e1 un puesto con Lucas Navarro, zaguero de 29 a\u00f1os, y los j\u00f3venes Esteban Valenzuela y Benjam\u00edn Ben\u00edtez.<\/p>\n<p>\u201cEn el resto de las l\u00edneas estamos bien. Se puede decir que el objetivo es lograr una buena rotaci\u00f3n y el funcionamiento correcto para que el equipo sea protagonista\u201d, presagi\u00f3 Marczuk.<\/p>\n<p>Si hablamos de experiencia hay que se\u00f1alar a los referentes que ser\u00e1n pilares de los j\u00f3venes esta temporada: Guillermo Bachke (arquero); Alejandro \u201cTarrito\u201d P\u00e9rez (lateral), Navarro (defensor), H\u00e9ctor Mill\u00e1n (lateral) Ferreira (defensor), Rodrigo Cerdan (volante), Pablo Motta (mediocampista), Abel M\u00e9ndez (mediocampista), Cristian Campozano (delantero), Axel Vallejos (delantero) y \u00c1lvaro Klusener (delantero). El Crucero 2021 ya tiene a toda su flota, s\u00f3lo falta por el pitazo que d\u00e9 inicio al sue\u00f1o de ascenso. <\/p>\n<p><strong>D\u00eda se\u00f1alado<\/strong><br \/>El equipo afrontar\u00e1 ma\u00f1ana el \u00faltimo amistoso de pretemporada. Ser\u00e1 ante Chaco For Ever, en Santa In\u00e9s y en dos partidos de 70 minutos.<\/p>\n<p>Por otra parte, el debut en el Federal A ser\u00e1 el s\u00e1bado 10 de abril, en principio desde las 16, cuando reciba a Juventud Unida de Gualeguaych\u00fa.<\/p>\n<\/div>\n<p><script async type=\"7204e05478ef90e2d12f7e03-text\/javascript\">\n         function toogleSeachBar() {\n            if ($('#searchBar').is(\":visible\")) {\n               hideSearchBar();\n            } else {\n               showSearchBar();\n            }\n         }\n         function showSearchBar() {\n            $('#searchBar').show();\n            $('#menu, .header-scrolled-container, .header-scrolled-container2').hide();\n         }\n         function hideSearchBar() {\n            $('#searchBar').hide();\n            $('#menu, .header-scrolled-container, .header-scrolled-container2').show();\n         }\n            $(document).ready(function () {\n               setTimeout(() => {\n                  window.fbAsyncInit = function () {\n                     FB.init({\n                        appId: '345424459172777',\n                        autoLogAppEvents: true,\n                        xfbml: true,\n                        version: 'v8.0'\n                     });\n                  };\n                  (function (d, s, id) {\n                     var js, fjs = d.getElementsByTagName(s)[0];\n                     if (d.getElementById(id)) { return; }\n                     js = d.createElement(s); js.id = id;\n                     js.src = \"https:\/\/connect.facebook.net\/es_LA\/sdk.js\";\n                     fjs.parentNode.insertBefore(js, fjs);\n                  }(document, 'script', 'facebook-jssdk'));\n               }, 3000);\n            });\n      <\/script><br \/>\n<br \/><\/p>\n<p><em> &#8221; Fuentes www.elterritorio.com.ar &#8221; <\/em><\/p>\n","protected":false},"excerpt":{"rendered":"<p>martes 30 de marzo de 2021 | 6:01hs. La dirigencia de Crucero fue paciente y termin\u00f3 por abrochar ayer el \u00faltimo refuerzo del equipo que afrontar\u00e1 el torneo Federal A. Se trata del zaguero central Rodrigo Acosta Ferreira. Como lo hab\u00eda anticipado El Territorio hace unas semanas atr\u00e1s, el cuerpo t\u00e9cnico aguardaba por el arribo [&hellip;]<\/p>\n","protected":false},"author":4,"featured_media":104489,"comment_status":"open","ping_status":"closed","sticky":false,"template":"","format":"standard","meta":{"om_disable_all_campaigns":false,"jnews-multi-image_gallery":[],"jnews_single_post":[],"jnews_primary_category":[],"jnews_social_meta":[],"footnotes":""},"categories":[41],"tags":[],"class_list":["post-104488","post","type-post","status-publish","format-standard","has-post-thumbnail","hentry","category-cruceros"],"_links":{"self":[{"href":"https:\/\/dimensionturistica.com\/es\/wp-json\/wp\/v2\/posts\/104488","targetHints":{"allow":["GET"]}}],"collection":[{"href":"https:\/\/dimensionturistica.com\/es\/wp-json\/wp\/v2\/posts"}],"about":[{"href":"https:\/\/dimensionturistica.com\/es\/wp-json\/wp\/v2\/types\/post"}],"author":[{"embeddable":true,"href":"https:\/\/dimensionturistica.com\/es\/wp-json\/wp\/v2\/users\/4"}],"replies":[{"embeddable":true,"href":"https:\/\/dimensionturistica.com\/es\/wp-json\/wp\/v2\/comments?post=104488"}],"version-history":[{"count":0,"href":"https:\/\/dimensionturistica.com\/es\/wp-json\/wp\/v2\/posts\/104488\/revisions"}],"wp:featuredmedia":[{"embeddable":true,"href":"https:\/\/dimensionturistica.com\/es\/wp-json\/wp\/v2\/media\/104489"}],"wp:attachment":[{"href":"https:\/\/dimensionturistica.com\/es\/wp-json\/wp\/v2\/media?parent=104488"}],"wp:term":[{"taxonomy":"category","embeddable":true,"href":"https:\/\/dimensionturistica.com\/es\/wp-json\/wp\/v2\/categories?post=104488"},{"taxonomy":"post_tag","embeddable":true,"href":"https:\/\/dimensionturistica.com\/es\/wp-json\/wp\/v2\/tags?post=104488"}],"curies":[{"name":"wp","href":"https:\/\/api.w.org\/{rel}","templated":true}]}}