{"id":1044467,"date":"2025-09-13T18:17:47","date_gmt":"2025-09-13T18:17:47","guid":{"rendered":"https:\/\/dimensionturistica.com\/es\/?p=1044467"},"modified":"2025-09-13T18:17:47","modified_gmt":"2025-09-13T18:17:47","slug":"despedida-del-verano-italiano-10-millones-de-viajeros-turismos-y-destinos","status":"publish","type":"post","link":"https:\/\/dimensionturistica.com\/es\/despedida-del-verano-italiano-10-millones-de-viajeros-turismos-y-destinos\/","title":{"rendered":"Despedida del Verano Italiano: 10 Millones de Viajeros &#8211; Turismos y Destinos"},"content":{"rendered":"<h3>Septiembre en Italia: Un Mes de Oportunidades Tur\u00edsticas<\/h3>\n<p>Italia, un pa\u00eds que nunca deja de maravillar, se prepara para recibir a m\u00e1s de 10 millones de turistas en este mes de septiembre. Con la llegada del oto\u00f1o, las multitudes de verano comienzan a disminuir, ofreciendo una experiencia m\u00e1s relajada y aut\u00e9ntica en cada rinc\u00f3n del pa\u00eds. Aqu\u00ed, exploramos las razones que convierten a septiembre en un mes ideal para disfrutar de las maravillas italianas.<\/p>\n<h4>Clima Ideal<\/h4>\n<p>Septiembre marca la transici\u00f3n del calor abrasador del verano a temperaturas m\u00e1s suaves y agradables. Las ciudades y los paisajes italianos se visten con tonos c\u00e1lidos mientras la luz del sol se hace m\u00e1s tenue. Con d\u00edas m\u00e1s frescos y noches frescas, es el momento perfecto para pasear sin sufrir las altas temperaturas de julio y agosto.<\/p>\n<h4>Festividades y Eventos Culturales<\/h4>\n<p>A lo largo de septiembre, diversas ciudades italianas celebran festivales que invitan a los visitantes a sumergirse en la cultura local. Desde las famosas vendimias en la regi\u00f3n vin\u00edcola de la Toscana hasta coloridos eventos en Venecia, hay abundancia de actividades que destacan la rica herencia cultural de Italia. Los mercados de artesan\u00edas y las ferias gastron\u00f3micas se multiplican, ofreciendo una experiencia \u00fanica llena de sabores y tradiciones.<\/p>\n<h4>Menos Multitudes<\/h4>\n<p>Uno de los encantos de viajar a Italia en septiembre es la posibilidad de disfrutar de los principales puntos tur\u00edsticos sin las aglomeraciones que caracterizan los meses estivales. Lugares emblem\u00e1ticos como el Coliseo en Roma, la Torre de Pisa y los canales de Venecia se pueden explorar con mayor tranquilidad, lo que permite una conexi\u00f3n m\u00e1s \u00edntima con el arte y la historia que estos monumentos representan.<\/p>\n<h4>Gastronom\u00eda de Temporada<\/h4>\n<p>La cocina italiana es famosa por aprovechar los ingredientes frescos de cada estaci\u00f3n, y septiembre no es la excepci\u00f3n. Es el mes ideal para degustar platos a base de trufas, higos y uvas. Muchos restaurantes en regiones como Emilia-Roma\u00f1a y Toscana presentan men\u00fas especiales que homenajean la cosecha local, permitiendo a los comensales disfrutar de la calidad y diversidad que caracteriza la gastronom\u00eda del pa\u00eds.<\/p>\n<h4>Escapadas por el Pa\u00eds<\/h4>\n<p>Con el flujo tur\u00edstico m\u00e1s manejable, septiembre ofrece la oportunidad de explorar tambi\u00e9n destinos menos conocidos. Desde los pueblos encantadores de Cinque Terre hasta los bellos lagos del norte, cada rinc\u00f3n de Italia tiene su propio encanto que merece ser descubierto. Las escapadas de fin de semana a localidades como Matera o los pueblos de la Costiera Amalfitana se vuelven experiencias memorables.<\/p>\n<h3>Conclusi\u00f3n<\/h3>\n<p>Septiembre en Italia es una invitaci\u00f3n a dejarse llevar por la belleza, la historia y la cultura del pa\u00eds. Con un clima ideal, festividades vibrantes y la posibilidad de explorar sin el bullicio del turismo masivo, este mes se convierte en un aut\u00e9ntico para\u00edso para quienes buscan una experiencia inolvidable. As\u00ed que, si est\u00e1s planeando tu pr\u00f3ximo viaje, considera septiembre como el momento perfecto para descubrir las joyas de Italia.<\/p>\n<p><em> &#8221; Fuentes www.ansalatina.com &#8221; <\/em><\/p>\n","protected":false},"excerpt":{"rendered":"<p>Septiembre en Italia: Un Mes de Oportunidades Tur\u00edsticas Italia, un pa\u00eds que nunca deja de maravillar, se prepara para recibir a m\u00e1s de 10 millones de turistas en este mes de septiembre. Con la llegada del oto\u00f1o, las multitudes de verano comienzan a disminuir, ofreciendo una experiencia m\u00e1s relajada y aut\u00e9ntica en cada rinc\u00f3n del [&hellip;]<\/p>\n","protected":false},"author":4,"featured_media":1044468,"comment_status":"open","ping_status":"closed","sticky":false,"template":"","format":"standard","meta":{"om_disable_all_campaigns":false,"jnews-multi-image_gallery":[],"jnews_single_post":[],"jnews_primary_category":[],"jnews_social_meta":[],"footnotes":""},"categories":[39],"tags":[37381,247537,3747,247536,1521,12375,1692,35140,64540,35138,22334,544,13389,2873,681,545],"class_list":["post-1044467","post","type-post","status-publish","format-standard","has-post-thumbnail","hentry","category-viajes","tag-10-millones","tag-cierre-del-verano","tag-como","tag-confcommercio","tag-es","tag-esto","tag-italia","tag-italiano","tag-liguria","tag-sicilia","tag-toscana","tag-turismo","tag-turismo-en-italia","tag-verano","tag-viaje","tag-viajes"],"_links":{"self":[{"href":"https:\/\/dimensionturistica.com\/es\/wp-json\/wp\/v2\/posts\/1044467","targetHints":{"allow":["GET"]}}],"collection":[{"href":"https:\/\/dimensionturistica.com\/es\/wp-json\/wp\/v2\/posts"}],"about":[{"href":"https:\/\/dimensionturistica.com\/es\/wp-json\/wp\/v2\/types\/post"}],"author":[{"embeddable":true,"href":"https:\/\/dimensionturistica.com\/es\/wp-json\/wp\/v2\/users\/4"}],"replies":[{"embeddable":true,"href":"https:\/\/dimensionturistica.com\/es\/wp-json\/wp\/v2\/comments?post=1044467"}],"version-history":[{"count":0,"href":"https:\/\/dimensionturistica.com\/es\/wp-json\/wp\/v2\/posts\/1044467\/revisions"}],"wp:featuredmedia":[{"embeddable":true,"href":"https:\/\/dimensionturistica.com\/es\/wp-json\/wp\/v2\/media\/1044468"}],"wp:attachment":[{"href":"https:\/\/dimensionturistica.com\/es\/wp-json\/wp\/v2\/media?parent=1044467"}],"wp:term":[{"taxonomy":"category","embeddable":true,"href":"https:\/\/dimensionturistica.com\/es\/wp-json\/wp\/v2\/categories?post=1044467"},{"taxonomy":"post_tag","embeddable":true,"href":"https:\/\/dimensionturistica.com\/es\/wp-json\/wp\/v2\/tags?post=1044467"}],"curies":[{"name":"wp","href":"https:\/\/api.w.org\/{rel}","templated":true}]}}