{"id":104432,"date":"2021-03-30T06:23:34","date_gmt":"2021-03-30T06:23:34","guid":{"rendered":"https:\/\/dimensionturistica.com\/es\/?p=104432"},"modified":"2021-03-30T06:23:34","modified_gmt":"2021-03-30T06:23:34","slug":"reinicio-de-la-temporada-de-cruceros-se-posterga-hasta-noviembre","status":"publish","type":"post","link":"https:\/\/dimensionturistica.com\/es\/reinicio-de-la-temporada-de-cruceros-se-posterga-hasta-noviembre\/","title":{"rendered":"Reinicio de la temporada de cruceros se posterga hasta noviembre"},"content":{"rendered":"<p> <br \/>\n<\/p>\n<div>\n<p>No hay buenas noticias para quienes viven de la <a rel=\"nofollow noopener\" target=\"_blank\" href=\"https:\/\/www.larepublica.net\/noticia\/costa-rica-elegido-como-mejor-destino-para-cruceros-en-centroamerica?fbclid=IwAR0ADbtA4msz-h77Cq7tcSi0iDLM_K_f4_FthKNuTV2zw5UjNsXAr0456co\">industria de los cruceros en Costa Rica<\/a>, ya que estos buques lujosos no regresar\u00edan al pa\u00eds sino hasta noviembre.<\/p>\n<p>As\u00ed lo prev\u00e9 Wagner Lor\u00eda, presidente de la Asociaci\u00f3n Costarricense de la Industria de Cruceros, analizando varios factores que podr\u00edan incluso provocar otra \u201ctemporada cero\u201d en Costa Rica, despu\u00e9s de lo vivido en 2020.<\/p>\n<p>El regreso de los cruceros para finales de a\u00f1o est\u00e1 sujeto a lo que pueda pasar con la pandemia en Estados Unidos, pues la disaster por la <a rel=\"nofollow noopener\" target=\"_blank\" href=\"https:\/\/www.larepublica.net\/noticia\/ya-estan-confirmado-el-primer-caso-de-coronavirus-en-costa-rica\">Covid-19<\/a> es lo que ha provocado que este pa\u00eds impida el zarpe de los buques hacia el centro y sur del continente, estim\u00f3 Gustavo Alvarado, director de Gesti\u00f3n Tur\u00edstica del Instituto Costarricense de Turismo (ICT).<\/p>\n<p>\u201cLos cruceros se mantienen sujetos a los Centros de Control de Enfermedades de los Estados Unidos y otros lineamientos en Europa y en diferentes destinos, mientras tanto, las l\u00edneas siguen prepar\u00e1ndose para cumplir con las disposiciones y retomar sus operaciones en el segundo semestre del presente a\u00f1o\u201d, explic\u00f3 Alvarado.<\/p>\n<p>\n<a rel=\"nofollow noopener\" target=\"_blank\" class=\"leemas\" href=\"https:\/\/www.larepublica.net\/noticia\/royal-caribbean-aplaza-para-junio-regreso-de-sus-cruceros\"><br \/>\nLea m\u00e1s: Royal Caribbean aplaza para junio regreso de sus cruceros<br \/>\n<\/a>\n<\/p>\n<p>Se proyecta que las primeras rutas saliendo de Estados Unidos sean cortas, hacia islas privadas propiedad de las l\u00edneas de cruceros ubicadas en el Caribe, situaci\u00f3n que le permitir\u00eda a las empresas un mejor management de alg\u00fan brote de Covid-19, si lo hubiera.<\/p>\n<p>\u201cIr\u00e1n bajando paulatinamente, quiz\u00e1 hasta la isla de Roat\u00e1n en Honduras, pero veo poco probable que Lim\u00f3n y Puntarenas sean incluidos en esas primeras rutas\u201d, estim\u00f3 Lor\u00eda.<\/p>\n<p>Preocupa que Costa Rica no sea incluido, ya que la temporada de cruceros t\u00edpicamente inicia en septiembre y cada retraso en los itinerarios podr\u00eda convertirse en otro periodo tur\u00edstico sin cruceros para el pa\u00eds.<\/p>\n<p>\n<a rel=\"nofollow noopener\" target=\"_blank\" class=\"leemas\" href=\"https:\/\/www.larepublica.net\/noticia\/prohibicion-para-cruceros-en-estados-unidos-aumenta-la-incertidumbre-sobre-la-industria\"><br \/>\nLea m\u00e1s: Prohibici\u00f3n para cruceros en Estados Unidos aumenta la incertidumbre sobre la industria<br \/>\n<\/a>\n<\/p>\n<p>Mientras tanto, los gu\u00edas tur\u00edsticos de los puertos se mueven hacia otros sectores y los transportistas han devuelto sus busetas, al tiempo que la industria de las navieras se sostiene con los ingresos de su divisi\u00f3n log\u00edstica y aduanal, cont\u00f3 Lor\u00eda.<\/p>\n<p>Por otra parte, las fronteras mar\u00edtimas contin\u00faan cerradas para el ingreso de cruceros a Costa Rica, a la espera de la aprobaci\u00f3n de un protocolo sanitario para los buques que ya fue presentado por el ICT y el MOPT al Ministerio de Salud.<\/p>\n<p>Antes de la \u201ctemporada cero\u201d reportada entre septiembre de 2020 y marzo de este a\u00f1o, el pa\u00eds registr\u00f3 la llegada de 197 cruceros en la temporada 2019-2020, una ca\u00edda de un 24,8% con respecto al periodo precedente, <a rel=\"nofollow noopener\" target=\"_blank\" href=\"https:\/\/www.ict.go.cr\/es\/documentos-institucionales\/estad%C3%ADsticas\/cifras-tur%C3%ADsticas\/cruceros.html\">seg\u00fan datos del ICT<\/a>.<\/p>\n<p>Sin embargo, si se comparan ambos periodos, la ca\u00edda en la llegada de cruceristas no fue tan dram\u00e1tica, pues de una temporada a otra solo se perdieron 157 visitantes.<\/p>\n<div class=\"recuadro full t0\">\n<div>\n<hr\/>\n<p class=\"titular\">DE PICADA<\/p>\n<hr\/>\n<p class=\"descripcion\">De concretarse otra \u201ctemporada cero\u201d de cruceros en el pa\u00eds, ser\u00eda el cuarto periodo en<br \/>\ncinco a\u00f1os en el que cae la visitaci\u00f3n tur\u00edstica por este medio o desciende la llegada de cruceros a puertos<br \/>\ncostarricenses (datos del ICT de la variaci\u00f3n porcentual con respecto a la temporada anterior).<\/p>\n<\/div>\n<table>\n<tr class=\"s_celeste\">\n<th>Temporada<\/th>\n<th style=\"text-align: right;\">Cruceros<\/th>\n<th style=\"text-align: right; padding-right: 10px;\">Cruceristas<\/th>\n<\/tr>\n<tr>\n<td>2017-2018<\/td>\n<td style=\"text-align: right;\">-8,8<\/td>\n<td style=\"text-align: right; padding-right: 10px;\">15,7<\/td>\n<\/tr>\n<tr>\n<td>2018-2019<\/td>\n<td style=\"text-align: right;\">14,9<\/td>\n<td style=\"text-align: right; padding-right: 10px;\">-26,2<\/td>\n<\/tr>\n<tr>\n<td>2019-2020<\/td>\n<td style=\"text-align: right;\">-24,8<\/td>\n<td style=\"text-align: right; padding-right: 10px;\">-0,1<\/td>\n<\/tr>\n<tr>\n<td>2020-2021*<\/td>\n<td style=\"text-align: right;\">&#8211;<\/td>\n<td style=\"text-align: right; padding-right: 10px;\">&#8211;<\/td>\n<\/tr>\n<\/table>\n<p class=\"descripcion\">*Temporada sin datos porque no se report\u00f3 la llegada de cruceros. Periodo se extiende de septiembre a marzo de cada a\u00f1o.<\/p>\n<\/div>\n<\/div>\n<p><script>\n!function(f,b,e,v,n,t,s){if(f.fbq)return;n=f.fbq=function(){n.callMethod?\nn.callMethod.apply(n,arguments):n.queue.push(arguments)};if(!f._fbq)f._fbq=n;\nn.push=n;n.loaded=!0;n.version='2.0';n.queue=[];t=b.createElement(e);t.async=!0;\nt.src=v;s=b.getElementsByTagName(e)[0];s.parentNode.insertBefore(t,s)}(window,\ndocument,'script','https:\/\/connect.facebook.net\/en_US\/fbevents.js');\nfbq('init', '143267720877988');\nfbq('track', \"PageView\");\n<\/script><script async defer src=\"https:\/\/connect.facebook.net\/en_US\/sdk.js\"><\/script><br \/>\n<br \/><\/p>\n<p><em> &#8221; Fuentes www.larepublica.net &#8221; <\/em><\/p>\n","protected":false},"excerpt":{"rendered":"<p>No hay buenas noticias para quienes viven de la industria de los cruceros en Costa Rica, ya que estos buques lujosos no regresar\u00edan al pa\u00eds sino hasta noviembre. As\u00ed lo prev\u00e9 Wagner Lor\u00eda, presidente de la Asociaci\u00f3n Costarricense de la Industria de Cruceros, analizando varios factores que podr\u00edan incluso provocar otra \u201ctemporada cero\u201d en Costa [&hellip;]<\/p>\n","protected":false},"author":4,"featured_media":104433,"comment_status":"open","ping_status":"closed","sticky":false,"template":"","format":"standard","meta":{"om_disable_all_campaigns":false,"jnews-multi-image_gallery":[],"jnews_single_post":[],"jnews_primary_category":[],"jnews_social_meta":[],"footnotes":""},"categories":[41],"tags":[],"class_list":["post-104432","post","type-post","status-publish","format-standard","has-post-thumbnail","hentry","category-cruceros"],"_links":{"self":[{"href":"https:\/\/dimensionturistica.com\/es\/wp-json\/wp\/v2\/posts\/104432","targetHints":{"allow":["GET"]}}],"collection":[{"href":"https:\/\/dimensionturistica.com\/es\/wp-json\/wp\/v2\/posts"}],"about":[{"href":"https:\/\/dimensionturistica.com\/es\/wp-json\/wp\/v2\/types\/post"}],"author":[{"embeddable":true,"href":"https:\/\/dimensionturistica.com\/es\/wp-json\/wp\/v2\/users\/4"}],"replies":[{"embeddable":true,"href":"https:\/\/dimensionturistica.com\/es\/wp-json\/wp\/v2\/comments?post=104432"}],"version-history":[{"count":0,"href":"https:\/\/dimensionturistica.com\/es\/wp-json\/wp\/v2\/posts\/104432\/revisions"}],"wp:featuredmedia":[{"embeddable":true,"href":"https:\/\/dimensionturistica.com\/es\/wp-json\/wp\/v2\/media\/104433"}],"wp:attachment":[{"href":"https:\/\/dimensionturistica.com\/es\/wp-json\/wp\/v2\/media?parent=104432"}],"wp:term":[{"taxonomy":"category","embeddable":true,"href":"https:\/\/dimensionturistica.com\/es\/wp-json\/wp\/v2\/categories?post=104432"},{"taxonomy":"post_tag","embeddable":true,"href":"https:\/\/dimensionturistica.com\/es\/wp-json\/wp\/v2\/tags?post=104432"}],"curies":[{"name":"wp","href":"https:\/\/api.w.org\/{rel}","templated":true}]}}