{"id":104405,"date":"2021-03-30T04:38:08","date_gmt":"2021-03-30T04:38:08","guid":{"rendered":"https:\/\/dimensionturistica.com\/es\/?p=104405"},"modified":"2021-03-30T04:38:08","modified_gmt":"2021-03-30T04:38:08","slug":"los-cruceros-regresan-a-dominicana-a-partir-de-julio","status":"publish","type":"post","link":"https:\/\/dimensionturistica.com\/es\/los-cruceros-regresan-a-dominicana-a-partir-de-julio\/","title":{"rendered":"Los cruceros regresan a Dominicana a partir de julio"},"content":{"rendered":"<p> <br \/>\n<\/p>\n<div>\n<p>El presidente de <strong>Rep\u00fablica Dominicana<\/strong>, <strong>Luis Abinader<\/strong>, inform\u00f3 desde Puerto Plata que a partir del pr\u00f3ximo mes de julio se reanuda la llegada de cruceros por las diferentes terminales tur\u00edsticas del pa\u00eds.<\/p>\n<p>De acuerdo a una informaci\u00f3n publicada por el diario dominicano <a rel=\"nofollow noopener\" target=\"_blank\" href=\"https:\/\/eldia.com.do\/abinader-anuncia-retorno-cruceros-a-partir-de-julio\/\">El D\u00eda<\/a>, el retorno de los cruceros ser\u00e1 posible gracias a la s\u00f3lida recuperaci\u00f3n de ese sector debido a \u201clas oportunas y exitosas medidas adoptadas por el gobierno para contener el contagio de la ciudadan\u00eda y los visitantes con la pandemia de la Covid\u201d.<\/p>\n<p>En consonancia con el lanzamiento del <strong>Plan de Recuperaci\u00f3n Responsable del Turismo<\/strong>, los viajeros que arriben a Dominicana ya no necesitan proporcionar una prueba PCR o de COVID-19 negativa a su llegada. En cambio, los aeropuertos y otros puertos de entrada realizar\u00e1n una prueba de aliento r\u00e1pida y aleatoria a entre el 3% y el 15% de los pasajeros y todos aquellos que presenten s\u00edntomas a su llegada. Los pasajeros menores de cinco a\u00f1os y miembros de tripulaciones est\u00e1n exentos de este procedimiento.<\/p>\n<p>La nota de <a rel=\"nofollow noopener\" target=\"_blank\" href=\"https:\/\/eldia.com.do\/abinader-anuncia-retorno-cruceros-a-partir-de-julio\/\">El D\u00eda<\/a> indica adem\u00e1s que a partir del pr\u00f3ximo mes de abril, los pasajeros que viajen desde <strong>Reino Unido<\/strong> a Rep\u00fablica Dominicana deben presentar un certificado de prueba de COVID-19 PCR negativo tomado dentro de las 72 horas previas al viaje.<\/p>\n<\/div>\n<p><script>!function(f,b,e,v,n,t,s){if(f.fbq)return;n=f.fbq=function(){n.callMethod?n.callMethod.apply(n,arguments):n.queue.push(arguments)};if(!f._fbq)f._fbq=n;n.push=n;n.loaded=!0;n.version='2.0';n.queue=[];t=b.createElement(e);t.async=!0;t.src=v;s=b.getElementsByTagName(e)[0];s.parentNode.insertBefore(t,s)}(window,document,'script','https:\/\/connect.facebook.net\/en_US\/fbevents.js');fbq('init','1464046990282831',[],{\"agent\":\"pldrupal-8-8.8.6\"});fbq('track','PageView',[]);<\/script><script>!function(f,b,e,v,n,t,s){if(f.fbq)return;n=f.fbq=function(){n.callMethod?n.callMethod.apply(n,arguments):n.queue.push(arguments)};if(!f._fbq)f._fbq=n;n.push=n;n.loaded=!0;n.version='2.0';n.queue=[];t=b.createElement(e);t.async=!0;t.src=v;s=b.getElementsByTagName(e)[0];s.parentNode.insertBefore(t,s)}(window,document,'script','https:\/\/connect.facebook.net\/en_US\/fbevents.js');fbq('init','1464046990282831');fbq('track','PageView');<\/script><br \/>\n<br \/><\/p>\n<p><em> &#8221; Fuentes www.caribbeannewsdigital.com &#8221; <\/em><\/p>\n","protected":false},"excerpt":{"rendered":"<p>El presidente de Rep\u00fablica Dominicana, Luis Abinader, inform\u00f3 desde Puerto Plata que a partir del pr\u00f3ximo mes de julio se reanuda la llegada de cruceros por las diferentes terminales tur\u00edsticas del pa\u00eds. De acuerdo a una informaci\u00f3n publicada por el diario dominicano El D\u00eda, el retorno de los cruceros ser\u00e1 posible gracias a la s\u00f3lida [&hellip;]<\/p>\n","protected":false},"author":4,"featured_media":0,"comment_status":"open","ping_status":"closed","sticky":false,"template":"","format":"standard","meta":{"om_disable_all_campaigns":false,"jnews-multi-image_gallery":[],"jnews_single_post":[],"jnews_primary_category":[],"jnews_social_meta":[],"footnotes":""},"categories":[41],"tags":[],"class_list":["post-104405","post","type-post","status-publish","format-standard","hentry","category-cruceros"],"_links":{"self":[{"href":"https:\/\/dimensionturistica.com\/es\/wp-json\/wp\/v2\/posts\/104405","targetHints":{"allow":["GET"]}}],"collection":[{"href":"https:\/\/dimensionturistica.com\/es\/wp-json\/wp\/v2\/posts"}],"about":[{"href":"https:\/\/dimensionturistica.com\/es\/wp-json\/wp\/v2\/types\/post"}],"author":[{"embeddable":true,"href":"https:\/\/dimensionturistica.com\/es\/wp-json\/wp\/v2\/users\/4"}],"replies":[{"embeddable":true,"href":"https:\/\/dimensionturistica.com\/es\/wp-json\/wp\/v2\/comments?post=104405"}],"version-history":[{"count":0,"href":"https:\/\/dimensionturistica.com\/es\/wp-json\/wp\/v2\/posts\/104405\/revisions"}],"wp:attachment":[{"href":"https:\/\/dimensionturistica.com\/es\/wp-json\/wp\/v2\/media?parent=104405"}],"wp:term":[{"taxonomy":"category","embeddable":true,"href":"https:\/\/dimensionturistica.com\/es\/wp-json\/wp\/v2\/categories?post=104405"},{"taxonomy":"post_tag","embeddable":true,"href":"https:\/\/dimensionturistica.com\/es\/wp-json\/wp\/v2\/tags?post=104405"}],"curies":[{"name":"wp","href":"https:\/\/api.w.org\/{rel}","templated":true}]}}