{"id":1043691,"date":"2025-09-12T08:11:45","date_gmt":"2025-09-12T08:11:45","guid":{"rendered":"https:\/\/dimensionturistica.com\/es\/?p=1043691"},"modified":"2025-09-12T08:11:45","modified_gmt":"2025-09-12T08:11:45","slug":"paris-acogera-el-encuentro-un-planeta-para-los-viajeros","status":"publish","type":"post","link":"https:\/\/dimensionturistica.com\/es\/paris-acogera-el-encuentro-un-planeta-para-los-viajeros\/","title":{"rendered":"Par\u00eds acoger\u00e1 el Encuentro \u2018Un Planeta para los Viajeros\u2019"},"content":{"rendered":"<h3>Par\u00eds se Prepara para una Cumbre Global de Viajes<\/h3>\n<p>Par\u00eds, la ciudad del amor y la luz, se vestir\u00e1 de gala para recibir un evento trascendental que promete marcar un nuevo rumbo en la industria tur\u00edstica mundial. Con el tel\u00f3n de fondo de su emblem\u00e1tica Torre Eiffel y el arte de sus museos, la capital francesa ser\u00e1 el escenario de una cumbre que reunir\u00e1 a l\u00edderes del sector, expertos y visionarios, todos con un mismo objetivo: revitalizar el turismo en un mundo post-pand\u00e9mico.<\/p>\n<p>En los \u00faltimos a\u00f1os, la industria de los viajes ha enfrentado desaf\u00edos sin precedentes. Desde restricciones de movilidad hasta cambios dr\u00e1sticos en las preferencias de los viajeros, las lecciones aprendidas son muchas. Es en este contexto que la cumbre se erige como una plataforma de di\u00e1logo y propuestas innovadoras, con el fin de reimaginar la manera en que exploramos y disfrutamos del mundo.<\/p>\n<p>Los organizadores han previsto un programa lleno de conferencias magistrales, paneles de discusi\u00f3n y talleres interactivos. Destacados l\u00edderes de opini\u00f3n compartir\u00e1n sus visiones sobre la sostenibilidad, la transformaci\u00f3n digital y la importancia de la movilidad segura. Los asistentes tendr\u00e1n la oportunidad de participar activamente en la construcci\u00f3n de un futuro m\u00e1s resiliente, donde el turismo no s\u00f3lo se traduzca en cifras econ\u00f3micas, sino tambi\u00e9n en conexiones culturales y experiencias enriquecedoras.<\/p>\n<p>Adem\u00e1s del di\u00e1logo profesional, la cumbre tambi\u00e9n har\u00e1 hincapi\u00e9 en la promoci\u00f3n de destinos menos conocidos. Se busca no solo reactivar los cl\u00e1sicos, sino tambi\u00e9n fomentar un enfoque m\u00e1s inclusivo y diversificado, abriendo las puertas a rincones que, a menudo, pasan desapercibidos. Esto beneficiar\u00e1 no solo a los viajeros, sino tambi\u00e9n a las comunidades locales que dependen del turismo para su crecimiento y desarrollo.<\/p>\n<p>Los participantes tendr\u00e1n la oportunidad de explorar c\u00f3mo las tecnolog\u00edas emergentes pueden facilitar una experiencia de viaje m\u00e1s conectada y personalizada. Desde aplicaciones m\u00f3viles que optimizan el itinerario hasta soluciones de inteligencia artificial que ofrecen recomendaciones personalizadas, la innovaci\u00f3n ser\u00e1 un tema central.<\/p>\n<p>El evento no solo ser\u00e1 una oportunidad para el intercambio de ideas, sino tambi\u00e9n un llamado a la acci\u00f3n. Al poner en com\u00fan experiencias, desde las m\u00e1s exitosas hasta las que han enfrentado retos significativos, se abrir\u00e1 el espacio para la colaboraci\u00f3n entre pa\u00edses, empresas y profesionales de todos los sectores.<\/p>\n<p>Par\u00eds, con su rica historia y cultura vibrante, a\u00f1ade un atractivo adicional a esta cumbre. Los asistentes no solo asistir\u00e1n a conferencias, sino que tambi\u00e9n tendr\u00e1n la oportunidad de disfrutar de la gastronom\u00eda francesa, explorar sus calles empedradas y perderse en sus jardines y plazas, convirtiendo el evento en una experiencia monumental.<\/p>\n<p>As\u00ed, la cumbre representa un hito en el camino hacia la recuperaci\u00f3n del turismo, invitando a todos a reflexionar, innovar y comprometerse con un futuro que celebre la diversidad y la magia de viajar. En un mundo donde la conexi\u00f3n humana es m\u00e1s importante que nunca, Par\u00eds promete ser el puente hacia un nuevo comienzo en el arte de viajar.<\/p>\n<p><em> &#8221; Fuentes www.expreso.info &#8221; <\/em><\/p>\n","protected":false},"excerpt":{"rendered":"<p>Par\u00eds se Prepara para una Cumbre Global de Viajes Par\u00eds, la ciudad del amor y la luz, se vestir\u00e1 de gala para recibir un evento trascendental que promete marcar un nuevo rumbo en la industria tur\u00edstica mundial. Con el tel\u00f3n de fondo de su emblem\u00e1tica Torre Eiffel y el arte de sus museos, la capital [&hellip;]<\/p>\n","protected":false},"author":4,"featured_media":1043692,"comment_status":"open","ping_status":"closed","sticky":false,"template":"","format":"standard","meta":{"om_disable_all_campaigns":false,"jnews-multi-image_gallery":[],"jnews_single_post":[],"jnews_primary_category":[],"jnews_social_meta":[],"footnotes":""},"categories":[39],"tags":[662,9056,1607,247335,724,1296,2289,600,544,545],"class_list":["post-1043691","post","type-post","status-publish","format-standard","has-post-thumbnail","hentry","category-viajes","tag-cultura","tag-cumbre","tag-desarrollo","tag-encuentros-internacionales","tag-eventos","tag-industria-turistica","tag-paris","tag-sostenibilidad","tag-turismo","tag-viajes"],"_links":{"self":[{"href":"https:\/\/dimensionturistica.com\/es\/wp-json\/wp\/v2\/posts\/1043691","targetHints":{"allow":["GET"]}}],"collection":[{"href":"https:\/\/dimensionturistica.com\/es\/wp-json\/wp\/v2\/posts"}],"about":[{"href":"https:\/\/dimensionturistica.com\/es\/wp-json\/wp\/v2\/types\/post"}],"author":[{"embeddable":true,"href":"https:\/\/dimensionturistica.com\/es\/wp-json\/wp\/v2\/users\/4"}],"replies":[{"embeddable":true,"href":"https:\/\/dimensionturistica.com\/es\/wp-json\/wp\/v2\/comments?post=1043691"}],"version-history":[{"count":0,"href":"https:\/\/dimensionturistica.com\/es\/wp-json\/wp\/v2\/posts\/1043691\/revisions"}],"wp:featuredmedia":[{"embeddable":true,"href":"https:\/\/dimensionturistica.com\/es\/wp-json\/wp\/v2\/media\/1043692"}],"wp:attachment":[{"href":"https:\/\/dimensionturistica.com\/es\/wp-json\/wp\/v2\/media?parent=1043691"}],"wp:term":[{"taxonomy":"category","embeddable":true,"href":"https:\/\/dimensionturistica.com\/es\/wp-json\/wp\/v2\/categories?post=1043691"},{"taxonomy":"post_tag","embeddable":true,"href":"https:\/\/dimensionturistica.com\/es\/wp-json\/wp\/v2\/tags?post=1043691"}],"curies":[{"name":"wp","href":"https:\/\/api.w.org\/{rel}","templated":true}]}}