{"id":1043670,"date":"2025-09-12T07:05:34","date_gmt":"2025-09-12T07:05:34","guid":{"rendered":"https:\/\/dimensionturistica.com\/es\/?p=1043670"},"modified":"2025-09-12T07:05:34","modified_gmt":"2025-09-12T07:05:34","slug":"actualidad-para-el-profesional-del-turismo-noticias-y-tendencias-del-sector-7","status":"publish","type":"post","link":"https:\/\/dimensionturistica.com\/es\/actualidad-para-el-profesional-del-turismo-noticias-y-tendencias-del-sector-7\/","title":{"rendered":"Actualidad para el Profesional del Turismo: Noticias y Tendencias del Sector"},"content":{"rendered":"<p><strong>Cuba: Un Encuentro de Viajeros y Oportunidades<\/strong><\/p>\n<p>Cuba, la joya del Caribe, se convirti\u00f3 en el escenario perfecto para un importante evento que reuni\u00f3 a m\u00e1s de 400 agentes de viajes de Espa\u00f1a y Portugal. Esta cita, organizada por Travelplan, no solo es un homenaje a la belleza y cultura de la isla, sino tambi\u00e9n una plataforma de intercambio y aprendizaje entre los profesionales del turismo.<\/p>\n<p>El puerto de La Habana, con su vibrante mezcla de historia y modernidad, fue el tel\u00f3n de fondo ideal para esta gran convocatoria. Con una agenda repleta de actividades, los agentes tuvieron la oportunidad de conocer de primera mano las propuestas tur\u00edsticas m\u00e1s innovadoras y atractivas para los viajeros que buscan descubrir la esencia cubana.<\/p>\n<p>La jornada se inici\u00f3 con ponencias y talleres donde se abordaron temas de gran relevancia para el sector, como las tendencias actuales en viajes, la sostenibilidad y la importancia de personalizar la experiencia del cliente. Los expertos compartieron valiosos conocimientos sobre c\u00f3mo adaptarse a un mercado en constante evoluci\u00f3n, un aspecto crucial en un mundo post-pandemia donde las expectativas de los viajeros han cambiado.<\/p>\n<p>Adem\u00e1s, los asistentes disfrutaron de la hospitalidad cubana a trav\u00e9s de degustaciones gastron\u00f3micas y espect\u00e1culos culturales. Con cada plato t\u00edpico y cada nota de m\u00fasica sonando en el aire, los agentes se sumergieron en la riqueza de la cultura cubana, algo que sin duda podr\u00e1n transmitir a sus futuros clientes.<\/p>\n<p>Las presentaciones de los distintos destinos, desde las playas de Varadero hasta la atm\u00f3sfera m\u00e1gica de Trinidad, capturaron la atenci\u00f3n de todos. Se enfatiz\u00f3 la importancia de la diversificaci\u00f3n en la oferta tur\u00edstica cubana, que abarca desde el ecoturismo hasta el turismo de aventura, pasando por el turismo cultural y de sol y playa. <\/p>\n<p>Este encuentro tambi\u00e9n resalt\u00f3 el papel esencial que juegan los agentes de viajes en el proceso de toma de decisiones de los turistas. Su experiencia y conocimiento son fundamentales para guiar a los viajeros en un mundo saturado de informaci\u00f3n. Cuba, con su belleza cautivadora y su rica historia, no solo necesita ser promovida, sino que tambi\u00e9n debe ser entendida en su complejidad.<\/p>\n<p>Al concluir el evento, los participantes se fueron con una renovada energ\u00eda y un compromiso reforzado hacia la promoci\u00f3n de Cuba como un destino de ensue\u00f1o. La isla, con su gente c\u00e1lida y sus paisajes deslumbrantes, promete seguir siendo un lugar privilegiado para aquellos que buscan experiencias inolvidables.<\/p>\n<p>Cuba no es solo un destino; es una experiencia que despierta los sentidos y toca el coraz\u00f3n. La uni\u00f3n de agentes de viajes en esta ocasi\u00f3n es un testimonio del poder del turismo para conectar personas y culturas. Sin duda, esta isla caribe\u00f1a seguir\u00e1 brillando en el mapa tur\u00edstico mundial gracias al esfuerzo conjunto de todos aquellos que aman y valoran su esencia.<\/p>\n<p><em> &#8221; Sources www.agenttravel.es &#8221; <\/em><\/p>\n","protected":false},"excerpt":{"rendered":"<p>Cuba: Un Encuentro de Viajeros y Oportunidades Cuba, la joya del Caribe, se convirti\u00f3 en el escenario perfecto para un importante evento que reuni\u00f3 a m\u00e1s de 400 agentes de viajes de Espa\u00f1a y Portugal. Esta cita, organizada por Travelplan, no solo es un homenaje a la belleza y cultura de la isla, sino tambi\u00e9n [&hellip;]<\/p>\n","protected":false},"author":4,"featured_media":1043671,"comment_status":"open","ping_status":"closed","sticky":false,"template":"","format":"standard","meta":{"om_disable_all_campaigns":false,"jnews-multi-image_gallery":[],"jnews_single_post":[],"jnews_primary_category":[],"jnews_social_meta":[],"footnotes":""},"categories":[40],"tags":[569,21191,69404,2962,9288,47338,47339,715,1289,169476,47340,39936,6942,229,21552,47337,773,69804,26265,5794,18737,2182,6765,176028,685,73284,69717,1488],"class_list":["post-1043670","post","type-post","status-publish","format-standard","has-post-thumbnail","hentry","category-industria","tag-agencias-de-viajes","tag-agente-de-viajes","tag-agenttravel","tag-business-travel","tag-companias-aereas","tag-diario-de-turismo","tag-diario-turistico","tag-economia","tag-hoteles","tag-industry-updates","tag-informacion-de-turismo","tag-informacion-turistica","tag-mayoristas","tag-news","tag-noticias-de-turismo","tag-noticias-turisticas","tag-opinion","tag-professionals","tag-rent-a-car","tag-sector-aereo","tag-seguros-de-viaje","tag-tendencias","tag-tourism","tag-tourism-trends","tag-travel","tag-travel-agency","tag-travel-tips","tag-turoperadores"],"_links":{"self":[{"href":"https:\/\/dimensionturistica.com\/es\/wp-json\/wp\/v2\/posts\/1043670","targetHints":{"allow":["GET"]}}],"collection":[{"href":"https:\/\/dimensionturistica.com\/es\/wp-json\/wp\/v2\/posts"}],"about":[{"href":"https:\/\/dimensionturistica.com\/es\/wp-json\/wp\/v2\/types\/post"}],"author":[{"embeddable":true,"href":"https:\/\/dimensionturistica.com\/es\/wp-json\/wp\/v2\/users\/4"}],"replies":[{"embeddable":true,"href":"https:\/\/dimensionturistica.com\/es\/wp-json\/wp\/v2\/comments?post=1043670"}],"version-history":[{"count":0,"href":"https:\/\/dimensionturistica.com\/es\/wp-json\/wp\/v2\/posts\/1043670\/revisions"}],"wp:featuredmedia":[{"embeddable":true,"href":"https:\/\/dimensionturistica.com\/es\/wp-json\/wp\/v2\/media\/1043671"}],"wp:attachment":[{"href":"https:\/\/dimensionturistica.com\/es\/wp-json\/wp\/v2\/media?parent=1043670"}],"wp:term":[{"taxonomy":"category","embeddable":true,"href":"https:\/\/dimensionturistica.com\/es\/wp-json\/wp\/v2\/categories?post=1043670"},{"taxonomy":"post_tag","embeddable":true,"href":"https:\/\/dimensionturistica.com\/es\/wp-json\/wp\/v2\/tags?post=1043670"}],"curies":[{"name":"wp","href":"https:\/\/api.w.org\/{rel}","templated":true}]}}