{"id":1043442,"date":"2025-09-11T21:07:03","date_gmt":"2025-09-11T21:07:03","guid":{"rendered":"https:\/\/dimensionturistica.com\/es\/?p=1043442"},"modified":"2025-09-11T21:07:03","modified_gmt":"2025-09-11T21:07:03","slug":"inspiracion-de-moda-destacados-del-estilo-urbano-en-nueva-york-para-primavera-verano-2026","status":"publish","type":"post","link":"https:\/\/dimensionturistica.com\/es\/inspiracion-de-moda-destacados-del-estilo-urbano-en-nueva-york-para-primavera-verano-2026\/","title":{"rendered":"Inspiraci\u00f3n de Moda: Destacados del Estilo Urbano en Nueva York para Primavera-Verano 2026"},"content":{"rendered":"<h3>El Estilo Urbano que Define la Pasarela: Tendencias de Nueva York Primavera-Verano 2026<\/h3>\n<p>La Semana de la Moda de Nueva York se ha consolidado como el epicentro del estilo, donde las tendencias se entrelazan con la autenticidad del street style. La edici\u00f3n Primavera-Verano 2026 no ha decepcionado, arrojando una explosi\u00f3n de creatividad y expresi\u00f3n personal. Desde las avenidas bulliciosas hasta los ic\u00f3nicos escaparates, las calles de Nueva York se han transformado en una pasarela abierta, donde se capturan los momentos m\u00e1s ic\u00f3nicos del estilo urbano.<\/p>\n<h4>Colores Vibrantes y Texturas Innovadoras<\/h4>\n<p>En cada rinc\u00f3n, los tonos vibrantes han creado un lienzo visual asombroso. Los amarillos neones y rosas chicle han tomado protagonismo, contrastando con las paletas m\u00e1s neutras. Este juego de colores no solo evoca la llegada de la primavera, sino que tambi\u00e9n desaf\u00eda las convenciones, alimentando una narrativa visual cargada de energ\u00eda. Las texturas juegan un papel fundamental: telas transparentes, denim desgastado y acabados met\u00e1licos se combinan para dar una dimensi\u00f3n \u00fanica a cada conjunto.<\/p>\n<h4>Siluetas XL y Estilismo Transgresor<\/h4>\n<p>Las siluetas oversized est\u00e1n marcando una tendencia clara. Los atuendos holgados no solo aportan comodidad, sino que tambi\u00e9n ofrecen un aire de desenfado a los looks. Los abrigos de gran tama\u00f1o y los pantalones anchos han encontrado su lugar en el coraz\u00f3n de los asistentes, proporcionando una comodidad que combina con el estilo contempor\u00e1neo. Este enfoque al estilismo es una respuesta poderosa a la rigidez de la moda tradicional, abrazando la libertad de expresi\u00f3n y la inclusividad en la vestimenta.<\/p>\n<h4>Accesorios que Hablan<\/h4>\n<p>Los accesorios han adquirido un papel esencial en la narrativa del street style. Desde gafas de sol oversized hasta joyer\u00eda audaz, cada pieza es un punto focal que complementa el look general. Bolsos de formas inusuales, con texturas provocativas, no solo sirven como elementos funcionales, sino que tambi\u00e9n elevan el estilo personal, convirti\u00e9ndose en declaraciones de moda por derecho propio. La atenci\u00f3n a los detalles es fundamental, donde cada elecci\u00f3n de accesorio cuenta una historia.<\/p>\n<h4>El Regreso de los Cl\u00e1sicos<\/h4>\n<p>A pesar de la renovaci\u00f3n continua, algunos cl\u00e1sicos han regresado para reafirmar su lugar. Las chaquetas de cuero, las camisetas gr\u00e1ficas y los zapatos de inspiraci\u00f3n retro se han amalgamado con elementos m\u00e1s vanguardistas, creando un di\u00e1logo entre lo antiguo y lo nuevo. Esta fusi\u00f3n permite que los fashionistas se reencuentren con sus bases mientras se aventuran hacia el futuro.<\/p>\n<h4>Influencias Culturales y Est\u00e9ticas Diversas<\/h4>\n<p>La multiculturalidad de Nueva York se refleja en la variedad de estilos presentes. Influencias de diferentes culturas se entrelazan, creando una amalgama rica y diversa. Desde el arte callejero hasta la m\u00fasica y la danza, cada elemento de la vida urbana se traduce en moda, convirtiendo la calle en un espacio de innovaci\u00f3n donde no hay l\u00edmites.<\/p>\n<h4>Una Celebraci\u00f3n del Individualismo<\/h4>\n<p>Este a\u00f1o, el mensaje m\u00e1s fuerte que resuena entre los asistentes es la celebraci\u00f3n del individualismo. Cada look es un reflejo de la personalidad de quien lo lleva, un manifiesto de autenticidad en un mundo donde la homogeneidad a menudo predomina. Las elecciones estil\u00edsticas audaces, los patrones combinados y los estilos ecl\u00e9cticos son un testimonio de que la moda es, ante todo, una forma de autoexpresi\u00f3n.<\/p>\n<p>La Semana de la Moda de Nueva York Primavera-Verano 2026 ha sido, sin duda, un espect\u00e1culo donde la moda trasciende m\u00e1s all\u00e1 de las tendencias. En este entorno vibrante, cada outfit cuenta una historia y cada paso en la acera es una afirmaci\u00f3n de creatividad y libertad. La ciudad nunca duerme, y su estilo urbano sigue inspirando a una generaci\u00f3n impaciente por innovar y expresarse.<\/p>\n<p><em> &#8221; Fuentes www.vogue.mx &#8221; <\/em><\/p>\n","protected":false},"excerpt":{"rendered":"<p>El Estilo Urbano que Define la Pasarela: Tendencias de Nueva York Primavera-Verano 2026 La Semana de la Moda de Nueva York se ha consolidado como el epicentro del estilo, donde las tendencias se entrelazan con la autenticidad del street style. La edici\u00f3n Primavera-Verano 2026 no ha decepcionado, arrojando una explosi\u00f3n de creatividad y expresi\u00f3n personal. [&hellip;]<\/p>\n","protected":false},"author":14,"featured_media":1043443,"comment_status":"open","ping_status":"closed","sticky":false,"template":"","format":"standard","meta":{"om_disable_all_campaigns":false,"jnews-multi-image_gallery":[],"jnews_single_post":[],"jnews_primary_category":[],"jnews_social_meta":[],"footnotes":""},"categories":[144872],"tags":[13061,160411,204753,14971,231673,202965,25060,230504,46066,22873,201099],"class_list":["post-1043442","post","type-post","status-publish","format-standard","has-post-thumbnail","hentry","category-fashion","tag-estilos","tag-fashion-week","tag-fashionista","tag-looks","tag-moda-urbana","tag-new-york-fashion-week","tag-outfit","tag-primavera-verano-2026","tag-street-style","tag-tendencias-de-moda","tag-tendencias-de-primavera"],"_links":{"self":[{"href":"https:\/\/dimensionturistica.com\/es\/wp-json\/wp\/v2\/posts\/1043442","targetHints":{"allow":["GET"]}}],"collection":[{"href":"https:\/\/dimensionturistica.com\/es\/wp-json\/wp\/v2\/posts"}],"about":[{"href":"https:\/\/dimensionturistica.com\/es\/wp-json\/wp\/v2\/types\/post"}],"author":[{"embeddable":true,"href":"https:\/\/dimensionturistica.com\/es\/wp-json\/wp\/v2\/users\/14"}],"replies":[{"embeddable":true,"href":"https:\/\/dimensionturistica.com\/es\/wp-json\/wp\/v2\/comments?post=1043442"}],"version-history":[{"count":0,"href":"https:\/\/dimensionturistica.com\/es\/wp-json\/wp\/v2\/posts\/1043442\/revisions"}],"wp:featuredmedia":[{"embeddable":true,"href":"https:\/\/dimensionturistica.com\/es\/wp-json\/wp\/v2\/media\/1043443"}],"wp:attachment":[{"href":"https:\/\/dimensionturistica.com\/es\/wp-json\/wp\/v2\/media?parent=1043442"}],"wp:term":[{"taxonomy":"category","embeddable":true,"href":"https:\/\/dimensionturistica.com\/es\/wp-json\/wp\/v2\/categories?post=1043442"},{"taxonomy":"post_tag","embeddable":true,"href":"https:\/\/dimensionturistica.com\/es\/wp-json\/wp\/v2\/tags?post=1043442"}],"curies":[{"name":"wp","href":"https:\/\/api.w.org\/{rel}","templated":true}]}}