{"id":1042781,"date":"2025-09-10T21:39:17","date_gmt":"2025-09-10T21:39:17","guid":{"rendered":"https:\/\/dimensionturistica.com\/es\/?p=1042781"},"modified":"2025-09-10T21:39:17","modified_gmt":"2025-09-10T21:39:17","slug":"esto-es-lo-que-implica-la-prohibicion-del-tpo-para-tu-manicura-de-gel","status":"publish","type":"post","link":"https:\/\/dimensionturistica.com\/es\/esto-es-lo-que-implica-la-prohibicion-del-tpo-para-tu-manicura-de-gel\/","title":{"rendered":"Esto es lo que implica la prohibici\u00f3n del TPO para tu manicura de gel."},"content":{"rendered":"<p><strong>La Impactante Decisi\u00f3n de la UE sobre la Moda Sostenible: \u00bfUn Nuevo Amanecer o un Obst\u00e1culo?<\/strong><\/p>\n<p>En un movimiento que ha sacudido el mundo de la moda, la Uni\u00f3n Europea ha propuesto un nuevo reglamento que podr\u00eda transformar radicalmente la industria textil. Este avance busca prohibir la importaci\u00f3n de productos textiles que no cumplan con est\u00e1ndares sostenibles espec\u00edficos, generando un torrente de opiniones entre dise\u00f1adores, marcas y consumidores.<\/p>\n<p><strong>Un Cambio Radical en el Horizonte<\/strong><\/p>\n<p>La propuesta se centra en un objetivo claro: reducir el impacto ambiental del sector textil, uno de los m\u00e1s contaminantes a nivel global. En un momento donde la sostenibilidad se ha consolidado como un imperativo en todos los \u00e1mbitos, la acci\u00f3n de la UE parece ser una respuesta directa a la presi\u00f3n creciente de activistas y consumidores que exigen un cambio inmediato. La ilusi\u00f3n de la \u201cmoda r\u00e1pida\u201d podr\u00eda estar llegando a su fin, llev\u00e1ndonos hacia un futuro donde la calidad y la sostenibilidad brillen por encima de la cantidad.<\/p>\n<p><strong>\u00bfQui\u00e9nes se Benefician de esta Iniciativa?<\/strong><\/p>\n<p>Las grandes marcas ya est\u00e1n comenzando a ajustar sus estrategias, y muchas est\u00e1n explorando maneras de adaptar sus cadenas de producci\u00f3n a estos posibles nuevos requisitos. El enfoque en la sostenibilidad podr\u00eda dar a las marcas que adopten pr\u00e1cticas responsables una ventaja competitiva en un mercado cada vez m\u00e1s consciente. Dise\u00f1adores emergentes, que valoran el uso de materiales ecol\u00f3gicos y pr\u00e1cticas \u00e9ticas, podr\u00edan encontrar una gran oportunidad para destacar en un espacio que a menudo ha estado dominado por grandes conglomerados.<\/p>\n<p><strong>Desaf\u00edos por Delante<\/strong><\/p>\n<p>Sin embargo, los retos no son menores. La implementaci\u00f3n de esta norma requerir\u00e1 una revisi\u00f3n exhaustiva de las cadenas de suministro globales. Desde la producci\u00f3n hasta la distribuci\u00f3n, cada etapa del proceso deber\u00e1 ajustarse a las nuevas regulaciones. Esto podr\u00eda llevar a un aumento temporal en los costos, que podr\u00eda ser traspasado a los consumidores.<\/p>\n<p>Las marcas que no logren adaptarse podr\u00edan enfrentarse a sanciones severas, lo que plantea preocupaciones sobre el equilibrio entre la necesidad de evoluci\u00f3n y el riesgo de p\u00e9rdidas econ\u00f3micas. La incertidumbre podr\u00eda crear un efecto domin\u00f3, afectando a proveedores, minoristas y finalmente a los consumidores.<\/p>\n<p><strong>La Respuesta de los Consumidores: El Nuevo Poder del Comprador<\/strong><\/p>\n<p>Los consumidores tambi\u00e9n tendr\u00e1n un papel crucial en la implementaci\u00f3n de esta nueva normativa. Al ser cada vez m\u00e1s exigentes con la procedencia y sostenibilidad de sus prendas, su influencia podr\u00eda guiar la direcci\u00f3n de la industria. Las redes sociales contin\u00faan siendo plataformas clave donde se discuten no solo las \u00faltimas tendencias, sino tambi\u00e9n los valores que respaldan las marcas.<\/p>\n<p>La conciencia colectiva est\u00e1 en aumento y, con ella, la capacidad de los consumidores para promover el cambio. Las marcas que se alineen con estas expectativas est\u00e1n destinando recursos para educar a su clientela sobre sus pr\u00e1cticas sostenibles, generando un c\u00edrculo virtuoso donde el conocimiento se traduce en preferencia de compra.<\/p>\n<p><strong>Mirando Hacia el Futuro<\/strong><\/p>\n<p>La posible prohibici\u00f3n y los nuevos est\u00e1ndares tienen el potencial de forjar un camino hacia una moda m\u00e1s \u00e9tica y sostenible. Lo que est\u00e1 en juego es el futuro de la industria textil, cuya transformaci\u00f3n puede ser el catalizador de un cambio cultural significativo.<\/p>\n<p>Mientras la fecha de implementaci\u00f3n se acerca, el mundo de la moda observa con atenci\u00f3n. Este momento puede ser una oportunidad dorada para redefinir lo que significa vestir con estilo en un mundo que cada vez m\u00e1s prioriza el bienestar del planeta. La pregunta es: \u00bfest\u00e1 la industria lista para este impresionante desmantelamiento de viejas pr\u00e1cticas en nombre de un futuro m\u00e1s verde? La respuesta se revelar\u00e1 en los pr\u00f3ximos meses, y la moda, como siempre, estar\u00e1 en el centro de la conversaci\u00f3n.<\/p>\n<p><em> &#8221; Fuentes www.vogue.com &#8221; <\/em><\/p>\n","protected":false},"excerpt":{"rendered":"<p>La Impactante Decisi\u00f3n de la UE sobre la Moda Sostenible: \u00bfUn Nuevo Amanecer o un Obst\u00e1culo? En un movimiento que ha sacudido el mundo de la moda, la Uni\u00f3n Europea ha propuesto un nuevo reglamento que podr\u00eda transformar radicalmente la industria textil. Este avance busca prohibir la importaci\u00f3n de productos textiles que no cumplan con [&hellip;]<\/p>\n","protected":false},"author":14,"featured_media":1042782,"comment_status":"open","ping_status":"closed","sticky":false,"template":"","format":"standard","meta":{"om_disable_all_campaigns":false,"jnews-multi-image_gallery":[],"jnews_single_post":[],"jnews_primary_category":[],"jnews_social_meta":[],"footnotes":""},"categories":[144872],"tags":[202126,138563,247070,71877,218301,204542,144558,214181,209306,247069],"class_list":["post-1042781","post","type-post","status-publish","format-standard","has-post-thumbnail","hentry","category-fashion","tag-beauty-industry","tag-consumer-awareness","tag-cosmetic-regulations","tag-environmental-impact","tag-gel-manicure","tag-gel-nails","tag-health-and-safety","tag-manicure-trends","tag-nail-care","tag-tpo-ban"],"_links":{"self":[{"href":"https:\/\/dimensionturistica.com\/es\/wp-json\/wp\/v2\/posts\/1042781","targetHints":{"allow":["GET"]}}],"collection":[{"href":"https:\/\/dimensionturistica.com\/es\/wp-json\/wp\/v2\/posts"}],"about":[{"href":"https:\/\/dimensionturistica.com\/es\/wp-json\/wp\/v2\/types\/post"}],"author":[{"embeddable":true,"href":"https:\/\/dimensionturistica.com\/es\/wp-json\/wp\/v2\/users\/14"}],"replies":[{"embeddable":true,"href":"https:\/\/dimensionturistica.com\/es\/wp-json\/wp\/v2\/comments?post=1042781"}],"version-history":[{"count":0,"href":"https:\/\/dimensionturistica.com\/es\/wp-json\/wp\/v2\/posts\/1042781\/revisions"}],"wp:featuredmedia":[{"embeddable":true,"href":"https:\/\/dimensionturistica.com\/es\/wp-json\/wp\/v2\/media\/1042782"}],"wp:attachment":[{"href":"https:\/\/dimensionturistica.com\/es\/wp-json\/wp\/v2\/media?parent=1042781"}],"wp:term":[{"taxonomy":"category","embeddable":true,"href":"https:\/\/dimensionturistica.com\/es\/wp-json\/wp\/v2\/categories?post=1042781"},{"taxonomy":"post_tag","embeddable":true,"href":"https:\/\/dimensionturistica.com\/es\/wp-json\/wp\/v2\/tags?post=1042781"}],"curies":[{"name":"wp","href":"https:\/\/api.w.org\/{rel}","templated":true}]}}