{"id":104266,"date":"2021-03-29T22:14:22","date_gmt":"2021-03-29T22:14:22","guid":{"rendered":"https:\/\/dimensionturistica.com\/es\/?p=104266"},"modified":"2021-03-29T22:14:22","modified_gmt":"2021-03-29T22:14:22","slug":"cozumel-apuntala-su-recuperacion-economica-se-trabaja-con-otras-navieras-para-el-retorno-de-mas-cruceros","status":"publish","type":"post","link":"https:\/\/dimensionturistica.com\/es\/cozumel-apuntala-su-recuperacion-economica-se-trabaja-con-otras-navieras-para-el-retorno-de-mas-cruceros\/","title":{"rendered":"Cozumel apuntala su recuperaci\u00f3n econ\u00f3mica; se trabaja con otras navieras para el retorno de m\u00e1s cruceros"},"content":{"rendered":"<p> <br \/>\n<\/p>\n<div>\n<p class=\"first\" id=\"contenido\">&lt;p fashion=&#8221;text-align: justify;&#8221;&gt;&lt;robust&gt;Noticias canal 10.-&amp;nbsp;&lt;\/robust&gt;El Presidente Municipal, Pedro Joaqu&amp;iacute;n Delbouis, destac&amp;oacute; que, a fin de apuntalar la reactivaci&amp;oacute;n econ&amp;oacute;mica y tur&amp;iacute;stica del municipio, bajo la garant&amp;iacute;a de un destino confiable y seguro para habitantes y visitantes, se consolida la &amp;ldquo;Isla del Deporte&amp;rdquo; con el &amp;ldquo;Marat&amp;oacute;n Cozumel&amp;rdquo; y se trabaja con otras navieras para tener m&amp;aacute;s cruceros pr&amp;oacute;ximamente.&lt;\/p&gt;&#13;<br \/>\n&#13;<br \/>\n&lt;p fashion=&#8221;text-align: justify;&#8221;&gt;&amp;nbsp;Durante el programa En Vivo &amp;ldquo;Platiquemos Juntos&amp;rdquo;, el Presidente Municipal, Pedro Joaqu&amp;iacute;n Delbouis, inform&amp;oacute; que se reuni&amp;oacute; con Jes&amp;uacute;s M&amp;eacute;ndez, representante de la naviera &amp;ldquo;Carnival Cruises Strains&amp;rdquo;, tambi&amp;eacute;n gerente de la terminal Puerta Maya, sobre sus planes de reactivaci&amp;oacute;n de las rutas que pasan por Cozumel.&lt;\/p&gt;&#13;<br \/>\n&#13;<br \/>\n&lt;p fashion=&#8221;text-align: justify;&#8221;&gt;&amp;nbsp;&amp;ldquo;Puerta Maya es muy importante para Cozumel y viendo cu&amp;aacute;ndo se pueda dar esto, Carnival cube que no tienen pensado abandonar los puertos de Estados Unidos y que, si zarpan, lo har&amp;aacute;n desde la Florida, Miami, Cabo Ca&amp;ntilde;averal, y que, al igual que otras l&amp;iacute;neas de cruceros, esto se podr&amp;iacute;a dar a m&amp;aacute;s tardar en agosto&amp;rdquo;, explic&amp;oacute;.&lt;\/p&gt;&#13;<br \/>\n&#13;<br \/>\n&lt;p fashion=&#8221;text-align: justify;&#8221;&gt;&amp;nbsp;Asimismo, asegur&amp;oacute; que sigue en contacto con las dem&amp;aacute;s l&amp;iacute;neas de cruceros, &amp;ldquo;para que no s&amp;oacute;lo tengamos una l&amp;iacute;nea en junio, sino tambi&amp;eacute;n tener otras e ir reactivando el turismo en Cozumel y que se recuperar las fuentes de empleo que tanta falta hacen en nuestra querida isla&amp;rdquo;, dijo Pedro Joaqu&amp;iacute;n Delbouis.&lt;\/p&gt;&#13;<br \/>\n&#13;<br \/>\n&lt;p fashion=&#8221;text-align: justify;&#8221;&gt;&amp;nbsp;En otro tema de &amp;ldquo;Platiquemos Juntos&amp;rdquo;, Pedro Joaqu&amp;iacute;n Delbouis tambi&amp;eacute;n asever&amp;oacute; que, como parte de su compromiso con la comunidad deportiva y la poblaci&amp;oacute;n de la isla, avanzan las inscripciones del primer Marat&amp;oacute;n Cozumel 2021, con fecha l&amp;iacute;mite hasta el 12 de mayo, y est&amp;aacute; pr&amp;oacute;ximo el cierre de participantes para el Ironman 70.3, sin duda un beneficio directo para la gente.&lt;\/p&gt;&#13;<br \/>\n&#13;<br \/>\n&lt;p fashion=&#8221;text-align: justify;&#8221;&gt;&amp;nbsp;Sobre el periodo vacacional de Semana Santa, agradeci&amp;oacute; el trabajo coordinado y la voluntad de las navieras para extender los horarios de cruce, ya que el destino reporta mayor flujo tur&amp;iacute;stico, hasta ahora con una ocupaci&amp;oacute;n superior a los 50 puntos porcentuales.&lt;\/p&gt;&#13;<br \/>\n&#13;<br \/>\n&lt;p fashion=&#8221;text-align: justify;&#8221;&gt;&amp;nbsp;Respecto al Covid-19, inform&amp;oacute; que Quintana Roo sigue en Sem&amp;aacute;foro Amarillo, del 29 de marzo al 4 de abril, con una velocidad de contagio en 0.15; ocupaci&amp;oacute;n hospitalaria por debajo del 10 por ciento, todo el mes de marzo con tres defunciones, entre casos confirmados y posibles casos, los n&amp;uacute;meros m&amp;aacute;s bajos desde el inicio del 2021.&lt;\/p&gt;&#13;<br \/>\n&#13;<br \/>\n&lt;p fashion=&#8221;text-align: justify;&#8221;&gt;&amp;nbsp;&amp;ldquo;Por eso, debemos seguir con las medidas de seguridad sanitaria para evitar contagios de COVID-19; no debemos bajar la guardia para continuar con una reactivaci&amp;oacute;n exitosa&amp;rdquo;, se&amp;ntilde;al&amp;oacute; Pedro Joaqu&amp;iacute;n Delbouis.&lt;\/p&gt;&#13;<br \/>\n&#13;<br \/>\n&lt;p fashion=&#8221;text-align: justify;&#8221;&gt;&amp;nbsp;Enfatiz&amp;oacute; las buenas noticias, como la primera fase del proyecto de electrificaci&amp;oacute;n en Las Fincas, que considera la instalaci&amp;oacute;n de 15 transformadores, actualmente s&amp;oacute;lo tiene tres, en beneficio de m&amp;aacute;s de mil 300 personas, y adem&amp;aacute;s, CFE Divisi&amp;oacute;n Peninsular ya tiene avanzado el proyecto para modernizar la L&amp;iacute;nea Submarina Playa del Carmen-Cozumel, en tanto que Telmex contin&amp;uacute;a con la instalaci&amp;oacute;n de fibra &amp;oacute;ptica, que permitir&amp;aacute; mejorar principalmente el servicio de web.&lt;\/p&gt;&#13;<br \/>\n&#13;<br \/>\n&lt;p fashion=&#8221;text-align: justify;&#8221;&gt;&amp;nbsp;En respuesta a preguntas ciudadanas, el Presidente Municipal resalt&amp;oacute; que el fin de semana se aplicaron 150 dosis de la vacuna contra el Covid-19 a private m&amp;eacute;dico, sin embargo, se suma al llamado para complementar la inmunizaci&amp;oacute;n del private de salud, y summary&amp;oacute; que hasta ahora han vacunado a 7 mil 312 personas en la isla. As&amp;iacute; tambi&amp;eacute;n, contin&amp;uacute;a el llamado a la responsabilidad social, de 1 a 5 de la ma&amp;ntilde;ana.&lt;\/p&gt;&#13;\n<\/p>\n<\/p><\/div>\n<p><script type=\"text\/javascript\">\n    \/*adbutler*\/if (!window.AdButler){(function(){var s = document.createElement(\"script\");\n    s.async = true; s.type = \"text\/javascript\"; s.src=\"https:\/\/noticias.canal10.tv\/dist\/js\/adbutler.js\";\n    var n = document.getElementsByTagName(\"script\")[0];\n    n.parentNode.insertBefore(s, n);}());}\n    \/**\/setTimeout(function(){var a=document.createElement(\"script\");\n    var b=document.getElementsByTagName(\"script\")[0];\n    \/\/a.src=document.location.protocol+\"\/\/script.crazyegg.com\/pages\/scripts\/0041\/7743.js?\"+Math.floor(new Date().getTime()\/3600000);\n    a.src=\"https:\/\/noticias.canal10.tv\/dist\/js\/crazyegg.js\";\n    a.async=true;a.type=\"text\/javascript\";b.parentNode.insertBefore(a,b)}, 1);\n    (function(i,s,o,g,r,a,m)function()[]).push(arguments),i[r].l=1*new Date();a=s.createElement(o),\n    m=s.getElementsByTagName(o)[0];a.async=1;a.src=g;m.parentNode.insertBefore(a,m)\n  )(window,document,'script','\/\/noticias.canal10.tv\/dist\/js\/analytics.js','ga');\n    ga('create', 'UA-87596943-1', 'auto'); ga('send', 'pageview');\n    (function(d, s, id) {var js, fjs = d.getElementsByTagName(s)[0];\n    if (d.getElementById(id)) return;js = d.createElement(s); js.id = id;\n    js.src=\"https:\/\/connect.facebook.net\/es_LA\/sdk.js#xfbml=1&version=v2.9\";\n    \/\/js.src=\"\/dist\/js\/facebookSdk.js\";\n    fjs.parentNode.insertBefore(js, fjs);}(document, 'script', 'facebook-jssdk'));\n    \/*Google Tag Manager*\/ (function(w,d,s,l,i){w[l]=w[l]||[];w[l].push({'gtm.start':\n    new Date().getTime(),event:'gtm.js'});var f=d.getElementsByTagName(s)[0],\n    j=d.createElement(s),dl=l!='dataLayer'?'&l=\"+l:\"';j.async=true;j.src=\"https:\/\/www.googletagmanager.com\/gtm.js?id=\"+i+dl;f.parentNode.insertBefore(j,f);\n    })(window,document,'script','dataLayer','GTM-NR9KPHB');\n<\/script><br \/>\n<br \/><\/p>\n<p><em> &#8221; Fuentes noticias.canal10.tv &#8221; <\/em><\/p>\n","protected":false},"excerpt":{"rendered":"<p>&lt;p fashion=&#8221;text-align: justify;&#8221;&gt;&lt;robust&gt;Noticias canal 10.-&amp;nbsp;&lt;\/robust&gt;El Presidente Municipal, Pedro Joaqu&amp;iacute;n Delbouis, destac&amp;oacute; que, a fin de apuntalar la reactivaci&amp;oacute;n econ&amp;oacute;mica y tur&amp;iacute;stica del municipio, bajo la garant&amp;iacute;a de un destino confiable y seguro para habitantes y visitantes, se consolida la &amp;ldquo;Isla del Deporte&amp;rdquo; con el &amp;ldquo;Marat&amp;oacute;n Cozumel&amp;rdquo; y se trabaja con otras navieras para tener m&amp;aacute;s [&hellip;]<\/p>\n","protected":false},"author":4,"featured_media":104267,"comment_status":"open","ping_status":"closed","sticky":false,"template":"","format":"standard","meta":{"om_disable_all_campaigns":false,"jnews-multi-image_gallery":[],"jnews_single_post":[],"jnews_primary_category":[],"jnews_social_meta":[],"footnotes":""},"categories":[41],"tags":[],"class_list":["post-104266","post","type-post","status-publish","format-standard","has-post-thumbnail","hentry","category-cruceros"],"_links":{"self":[{"href":"https:\/\/dimensionturistica.com\/es\/wp-json\/wp\/v2\/posts\/104266","targetHints":{"allow":["GET"]}}],"collection":[{"href":"https:\/\/dimensionturistica.com\/es\/wp-json\/wp\/v2\/posts"}],"about":[{"href":"https:\/\/dimensionturistica.com\/es\/wp-json\/wp\/v2\/types\/post"}],"author":[{"embeddable":true,"href":"https:\/\/dimensionturistica.com\/es\/wp-json\/wp\/v2\/users\/4"}],"replies":[{"embeddable":true,"href":"https:\/\/dimensionturistica.com\/es\/wp-json\/wp\/v2\/comments?post=104266"}],"version-history":[{"count":0,"href":"https:\/\/dimensionturistica.com\/es\/wp-json\/wp\/v2\/posts\/104266\/revisions"}],"wp:featuredmedia":[{"embeddable":true,"href":"https:\/\/dimensionturistica.com\/es\/wp-json\/wp\/v2\/media\/104267"}],"wp:attachment":[{"href":"https:\/\/dimensionturistica.com\/es\/wp-json\/wp\/v2\/media?parent=104266"}],"wp:term":[{"taxonomy":"category","embeddable":true,"href":"https:\/\/dimensionturistica.com\/es\/wp-json\/wp\/v2\/categories?post=104266"},{"taxonomy":"post_tag","embeddable":true,"href":"https:\/\/dimensionturistica.com\/es\/wp-json\/wp\/v2\/tags?post=104266"}],"curies":[{"name":"wp","href":"https:\/\/api.w.org\/{rel}","templated":true}]}}