{"id":1042473,"date":"2025-09-10T12:22:23","date_gmt":"2025-09-10T12:22:23","guid":{"rendered":"https:\/\/dimensionturistica.com\/es\/?p=1042473"},"modified":"2025-09-10T12:22:23","modified_gmt":"2025-09-10T12:22:23","slug":"exposicion-exploraciones-ineditas-en-una-galeria-de-madrid","status":"publish","type":"post","link":"https:\/\/dimensionturistica.com\/es\/exposicion-exploraciones-ineditas-en-una-galeria-de-madrid\/","title":{"rendered":"Exposici\u00f3n &#8216;Exploraciones In\u00e9ditas&#8217; en una Galer\u00eda de Madrid"},"content":{"rendered":"<h3>Un viaje al coraz\u00f3n de las culturas: Una exposici\u00f3n que no puedes perderte en Madrid<\/h3>\n<p>Madrid, una de las ciudades m\u00e1s vibrantes de Europa, se convierte en el escenario perfecto para una exposici\u00f3n que promete llevar a los visitantes a un viaje de descubrimiento sin necesidad de salir de la capital espa\u00f1ola. Este evento, que invita a explorar diversas culturas y paisajes a trav\u00e9s de la fotograf\u00eda, es una excelente oportunidad para los amantes del arte y del turismo por igual.<\/p>\n<p>La muestra, que se presenta en una de las salas m\u00e1s emblem\u00e1ticas de la ciudad, re\u00fane una colecci\u00f3n impresionante de im\u00e1genes que capturan momentos \u00fanicos en destinos lejanos. Cada fotograf\u00eda es m\u00e1s que una simple imagen; es una ventana a tradiciones, costumbres y estilos de vida que, aunque est\u00e9n a miles de kil\u00f3metros, resuenan con la esencia humana compartida.<\/p>\n<p>Los visitantes podr\u00e1n experimentar de cerca la belleza de paisajes que van desde monta\u00f1as majestuosas hasta bulliciosas calles metropolitanas, pasando por coloridos mercados y serenidades rurales. La diversidad presentada en esta exposici\u00f3n no solo es un fest\u00edn visual, sino que tambi\u00e9n sirve como un recordatorio del profundo impacto que los viajes pueden tener en nuestra perspectiva del mundo.<\/p>\n<p>Asimismo, la exposici\u00f3n aborda temas de vital importancia, como la sostenibilidad en el turismo y la necesidad de respetar y preservar las culturas que se visitan. Con un enfoque en la responsabilidad del viajero, esta experiencia resalta la importancia de un turismo consciente que busca conectar y aprender en lugar de consumir.<\/p>\n<p>Participar en este evento no solo enriquece el conocimiento personal, sino que tambi\u00e9n proporciona una plataforma para el di\u00e1logo intercultural. Los organizadores han previsto diversas actividades complementarias, como charlas y talleres, donde los asistentes pueden compartir sus propias historias de viajes y aprender de las vivencias de otros. Esto crea un espacio de interacci\u00f3n y conexi\u00f3n, muy necesario en tiempos donde el distanciamiento parec\u00eda ser la norma.<\/p>\n<p>Para aquellos que buscan nuevas inspiraciones para su pr\u00f3ximo viaje, la exposici\u00f3n es un punto de partida perfecto. Las fotograf\u00edas, cargadas de emociones y relatos, son un impulso para hacer las maletas y explorar esos lugares que siempre hab\u00edamos so\u00f1ado. La beleza del mundo est\u00e1 a la espera de ser descubierta y, quiz\u00e1s, sea Madrid el lugar donde tu pr\u00f3xima aventura comience.<\/p>\n<p>No te pierdas esta oportunidad \u00fanica de sumergirte en un viaje visual que no solo deleita, sino que tambi\u00e9n invita a la reflexi\u00f3n. En un mundo donde la diversidad y la conexi\u00f3n son m\u00e1s importantes que nunca, esta exposici\u00f3n se erige como un faro de comprensi\u00f3n y admiraci\u00f3n por lo diferente. Este evento en Madrid es una invitaci\u00f3n a so\u00f1ar y a descubrir, un recordatorio de que el mundo est\u00e1 lleno de maravillas a solo un paso de distancia.<\/p>\n<p><em> &#8221; Fuentes www.fundacionantoniogala.org &#8221; <\/em><\/p>\n","protected":false},"excerpt":{"rendered":"<p>Un viaje al coraz\u00f3n de las culturas: Una exposici\u00f3n que no puedes perderte en Madrid Madrid, una de las ciudades m\u00e1s vibrantes de Europa, se convierte en el escenario perfecto para una exposici\u00f3n que promete llevar a los visitantes a un viaje de descubrimiento sin necesidad de salir de la capital espa\u00f1ola. Este evento, que [&hellip;]<\/p>\n","protected":false},"author":4,"featured_media":1042474,"comment_status":"open","ping_status":"closed","sticky":false,"template":"","format":"standard","meta":{"om_disable_all_campaigns":false,"jnews-multi-image_gallery":[],"jnews_single_post":[],"jnews_primary_category":[],"jnews_social_meta":[],"footnotes":""},"categories":[39],"tags":[246916,2185,662,23724,724,9609,700,246917,545],"class_list":["post-1042473","post","type-post","status-publish","format-standard","has-post-thumbnail","hentry","category-viajes","tag-alejandro-co","tag-arte","tag-cultura","tag-descubrimiento","tag-eventos","tag-exposicion","tag-madrid","tag-sala-de-exposiciones","tag-viajes"],"_links":{"self":[{"href":"https:\/\/dimensionturistica.com\/es\/wp-json\/wp\/v2\/posts\/1042473","targetHints":{"allow":["GET"]}}],"collection":[{"href":"https:\/\/dimensionturistica.com\/es\/wp-json\/wp\/v2\/posts"}],"about":[{"href":"https:\/\/dimensionturistica.com\/es\/wp-json\/wp\/v2\/types\/post"}],"author":[{"embeddable":true,"href":"https:\/\/dimensionturistica.com\/es\/wp-json\/wp\/v2\/users\/4"}],"replies":[{"embeddable":true,"href":"https:\/\/dimensionturistica.com\/es\/wp-json\/wp\/v2\/comments?post=1042473"}],"version-history":[{"count":0,"href":"https:\/\/dimensionturistica.com\/es\/wp-json\/wp\/v2\/posts\/1042473\/revisions"}],"wp:featuredmedia":[{"embeddable":true,"href":"https:\/\/dimensionturistica.com\/es\/wp-json\/wp\/v2\/media\/1042474"}],"wp:attachment":[{"href":"https:\/\/dimensionturistica.com\/es\/wp-json\/wp\/v2\/media?parent=1042473"}],"wp:term":[{"taxonomy":"category","embeddable":true,"href":"https:\/\/dimensionturistica.com\/es\/wp-json\/wp\/v2\/categories?post=1042473"},{"taxonomy":"post_tag","embeddable":true,"href":"https:\/\/dimensionturistica.com\/es\/wp-json\/wp\/v2\/tags?post=1042473"}],"curies":[{"name":"wp","href":"https:\/\/api.w.org\/{rel}","templated":true}]}}