{"id":1041955,"date":"2025-09-09T15:04:55","date_gmt":"2025-09-09T15:04:55","guid":{"rendered":"https:\/\/dimensionturistica.com\/es\/?p=1041955"},"modified":"2025-09-09T15:04:55","modified_gmt":"2025-09-09T15:04:55","slug":"en-una-gira-de-promocion-para-capacitar-agentes-de-viajes-en-el-centro-y-oeste-del-pais-de-la-hoja-de-maple","status":"publish","type":"post","link":"https:\/\/dimensionturistica.com\/es\/en-una-gira-de-promocion-para-capacitar-agentes-de-viajes-en-el-centro-y-oeste-del-pais-de-la-hoja-de-maple\/","title":{"rendered":"En\u00a0una gira de promoci\u00f3n para capacitar agentes de viajes en el centro y oeste del pa\u00eds de\u00a0la hoja de\u00a0maple."},"content":{"rendered":"\n<figure class=\"wp-block-gallery has-nested-images columns-default is-cropped wp-block-gallery-1 is-layout-flex wp-block-gallery-is-layout-flex\">\n<figure class=\"wp-block-image size-large\"><img decoding=\"async\" width=\"500\" height=\"343\" data-id=\"1041956\" src=\"https:\/\/dimensionturistica.com\/es\/wp-content\/uploads\/2025\/09\/1puerto.jpg\" alt=\"\" class=\"wp-image-1041956\" srcset=\"https:\/\/dimensionturistica.com\/es\/wp-content\/uploads\/2025\/09\/1puerto.jpg 500w, https:\/\/dimensionturistica.com\/es\/wp-content\/uploads\/2025\/09\/1puerto-300x206.jpg 300w\" sizes=\"(max-width: 500px) 100vw, 500px\" \/><\/figure>\n<\/figure>\n\n\n\n<p>Con el objetivo de reforzar su posicionamiento en el mercado canadiense de cara a la pr\u00f3xima temporada oto\u00f1o\u2013invierno, el Fideicomiso de Turismo de Puerto Vallarta llev\u00f3 a cabo una serie de seminarios de capacitaci\u00f3n en Winnipeg, Edmonton y Calgary, donde se congregaron 125 agentes de viajes interesados en conocer m\u00e1s sobre la oferta tur\u00edstica del destino jalisciense.<\/p>\n\n\n\n<figure class=\"wp-block-gallery has-nested-images columns-default is-cropped wp-block-gallery-2 is-layout-flex wp-block-gallery-is-layout-flex\">\n<figure class=\"wp-block-image size-large\"><img decoding=\"async\" width=\"500\" height=\"357\" data-id=\"1041957\" src=\"https:\/\/dimensionturistica.com\/es\/wp-content\/uploads\/2025\/09\/3puerto.jpg\" alt=\"\" class=\"wp-image-1041957\" srcset=\"https:\/\/dimensionturistica.com\/es\/wp-content\/uploads\/2025\/09\/3puerto.jpg 500w, https:\/\/dimensionturistica.com\/es\/wp-content\/uploads\/2025\/09\/3puerto-300x214.jpg 300w, https:\/\/dimensionturistica.com\/es\/wp-content\/uploads\/2025\/09\/3puerto-120x86.jpg 120w, https:\/\/dimensionturistica.com\/es\/wp-content\/uploads\/2025\/09\/3puerto-350x250.jpg 350w\" sizes=\"(max-width: 500px) 100vw, 500px\" \/><\/figure>\n<\/figure>\n\n\n\n<p>En estas jornadas de promoci\u00f3n participaron representantes de los hoteles Buenaventura Grand, Delf\u00edn, Grand Miramar, El Pescador, Hacienda Buenaventura, Hyatt Ziva, Krystal Puerto Vallarta, Krystal Grand, Las Alamandas, Plaza Pel\u00edcanos, Plaza Pel\u00edcanos Grand, Puerto de Luna, Rosita, Sheraton Buganvilias, Sunset Plaza, The Hacienda at Krystal Grand y Villa Premiere, quienes compartieron con los asesores de viajes las novedades y promociones disponibles para las pr\u00f3ximas temporadas.<\/p>\n\n\n\n<figure class=\"wp-block-gallery has-nested-images columns-default is-cropped wp-block-gallery-3 is-layout-flex wp-block-gallery-is-layout-flex\">\n<figure class=\"wp-block-image size-large\"><img decoding=\"async\" width=\"500\" height=\"399\" data-id=\"1041958\" src=\"https:\/\/dimensionturistica.com\/es\/wp-content\/uploads\/2025\/09\/5puerto.jpg\" alt=\"\" class=\"wp-image-1041958\" srcset=\"https:\/\/dimensionturistica.com\/es\/wp-content\/uploads\/2025\/09\/5puerto.jpg 500w, https:\/\/dimensionturistica.com\/es\/wp-content\/uploads\/2025\/09\/5puerto-300x239.jpg 300w\" sizes=\"(max-width: 500px) 100vw, 500px\" \/><\/figure>\n<\/figure>\n\n\n\n<p>Asimismo, se cont\u00f3 con la participaci\u00f3n de Westjet Vacations, socio estrat\u00e9gico en la comercializaci\u00f3n de Puerto Vallarta en Canad\u00e1, que reforz\u00f3 la importancia del destino dentro de su cat\u00e1logo de viajes.<\/p>\n\n\n\n<p>Winnipeg, Edmonton y Calgary son considerados mercados naturales para Puerto Vallarta gracias a la conectividad directa que ofrecen las aerol\u00edneas Sunwing, Westjet y Flair, las cuales incrementan frecuencias de vuelos durante la temporada invernal, lo que facilita el arribo de visitantes en busca de un destino de sol y playa de calidad mundial.<\/p>\n\n\n\n<p>Durante las capacitaciones, se destac\u00f3 que Puerto Vallarta ofrece una experiencia \u00fanica al visitante, con su combinaci\u00f3n de playas de ensue\u00f1o, el encanto de su centro hist\u00f3rico, una vibrante vida cultural y una amplia gama de actividades ecotur\u00edsticas en la Sierra Madre y la Bah\u00eda de Banderas.<\/p>\n\n\n\n<figure class=\"wp-block-gallery has-nested-images columns-default is-cropped wp-block-gallery-4 is-layout-flex wp-block-gallery-is-layout-flex\">\n<figure class=\"wp-block-image size-large\"><img decoding=\"async\" width=\"500\" height=\"399\" data-id=\"1041959\" src=\"https:\/\/dimensionturistica.com\/es\/wp-content\/uploads\/2025\/09\/9puerto.jpg\" alt=\"\" class=\"wp-image-1041959\" srcset=\"https:\/\/dimensionturistica.com\/es\/wp-content\/uploads\/2025\/09\/9puerto.jpg 500w, https:\/\/dimensionturistica.com\/es\/wp-content\/uploads\/2025\/09\/9puerto-300x239.jpg 300w\" sizes=\"(max-width: 500px) 100vw, 500px\" \/><\/figure>\n<\/figure>\n\n\n\n<p>Aunque los asistentes ya estaban familiarizados con el destino, esta fue una gran oportunidad para actualizarlos y estrechar la relaci\u00f3n con ellos. Adicionalmente, se promovi\u00f3 el aprovechamiento del programa de capacitaci\u00f3n en l\u00ednea Puerto Vallarta Specialist, una herramienta gratuita para que los agentes contin\u00faen fortaleciendo sus conocimientos hasta ser expertos en el destino.<\/p>\n\n\n\n<figure class=\"wp-block-gallery has-nested-images columns-default is-cropped wp-block-gallery-5 is-layout-flex wp-block-gallery-is-layout-flex\"><\/figure>\n\n\n\n<figure class=\"wp-block-gallery has-nested-images columns-default is-cropped wp-block-gallery-6 is-layout-flex wp-block-gallery-is-layout-flex\">\n<figure class=\"wp-block-image size-large\"><img decoding=\"async\" width=\"500\" height=\"399\" data-id=\"1041960\" src=\"https:\/\/dimensionturistica.com\/es\/wp-content\/uploads\/2025\/09\/22puerto.jpg\" alt=\"\" class=\"wp-image-1041960\" srcset=\"https:\/\/dimensionturistica.com\/es\/wp-content\/uploads\/2025\/09\/22puerto.jpg 500w, https:\/\/dimensionturistica.com\/es\/wp-content\/uploads\/2025\/09\/22puerto-300x239.jpg 300w\" sizes=\"(max-width: 500px) 100vw, 500px\" \/><\/figure>\n<\/figure>\n\n\n\n<p>Estas acciones forman parte de la estrategia de promoci\u00f3n internacional del Fideicomiso de Turismo de Puerto Vallarta, cuyo objetivo es mantener una relaci\u00f3n cercana con los asesores de viajes, brindarles herramientas actualizadas para impulsar sus ventas y, al mismo tiempo, reafirmar al puerto como uno de los destinos de playa m\u00e1s completos y atractivos de M\u00e9xico.<\/p>\n","protected":false},"excerpt":{"rendered":"<p>Con el objetivo de reforzar su posicionamiento en el mercado canadiense de cara a la pr\u00f3xima temporada oto\u00f1o\u2013invierno, el Fideicomiso de Turismo de Puerto Vallarta llev\u00f3 a cabo una serie de seminarios de capacitaci\u00f3n en Winnipeg, Edmonton y Calgary, donde se congregaron 125 agentes de viajes interesados en conocer m\u00e1s sobre la oferta tur\u00edstica del [&hellip;]<\/p>\n","protected":false},"author":1,"featured_media":0,"comment_status":"open","ping_status":"closed","sticky":false,"template":"","format":"standard","meta":{"om_disable_all_campaigns":false,"jnews-multi-image_gallery":[],"jnews_single_post":[],"jnews_primary_category":[],"jnews_social_meta":[],"footnotes":""},"categories":[39],"tags":[],"class_list":["post-1041955","post","type-post","status-publish","format-standard","hentry","category-viajes"],"_links":{"self":[{"href":"https:\/\/dimensionturistica.com\/es\/wp-json\/wp\/v2\/posts\/1041955","targetHints":{"allow":["GET"]}}],"collection":[{"href":"https:\/\/dimensionturistica.com\/es\/wp-json\/wp\/v2\/posts"}],"about":[{"href":"https:\/\/dimensionturistica.com\/es\/wp-json\/wp\/v2\/types\/post"}],"author":[{"embeddable":true,"href":"https:\/\/dimensionturistica.com\/es\/wp-json\/wp\/v2\/users\/1"}],"replies":[{"embeddable":true,"href":"https:\/\/dimensionturistica.com\/es\/wp-json\/wp\/v2\/comments?post=1041955"}],"version-history":[{"count":0,"href":"https:\/\/dimensionturistica.com\/es\/wp-json\/wp\/v2\/posts\/1041955\/revisions"}],"wp:attachment":[{"href":"https:\/\/dimensionturistica.com\/es\/wp-json\/wp\/v2\/media?parent=1041955"}],"wp:term":[{"taxonomy":"category","embeddable":true,"href":"https:\/\/dimensionturistica.com\/es\/wp-json\/wp\/v2\/categories?post=1041955"},{"taxonomy":"post_tag","embeddable":true,"href":"https:\/\/dimensionturistica.com\/es\/wp-json\/wp\/v2\/tags?post=1041955"}],"curies":[{"name":"wp","href":"https:\/\/api.w.org\/{rel}","templated":true}]}}