{"id":1041936,"date":"2025-09-09T14:49:44","date_gmt":"2025-09-09T14:49:44","guid":{"rendered":"https:\/\/dimensionturistica.com\/es\/?p=1041936"},"modified":"2025-09-09T14:49:44","modified_gmt":"2025-09-09T14:49:44","slug":"pricetravel-holding-y-visit-orlando-presentan-su-oferta-para-el-segundo-semestre-del-2025","status":"publish","type":"post","link":"https:\/\/dimensionturistica.com\/es\/pricetravel-holding-y-visit-orlando-presentan-su-oferta-para-el-segundo-semestre-del-2025\/","title":{"rendered":"PriceTravel Holding\u00a0y Visit Orlando presentan su oferta para el segundo semestre del 2025"},"content":{"rendered":"\n<figure class=\"wp-block-gallery has-nested-images columns-default is-cropped wp-block-gallery-1 is-layout-flex wp-block-gallery-is-layout-flex\">\n<figure class=\"wp-block-image size-large\"><img decoding=\"async\" width=\"473\" height=\"184\" data-id=\"1041940\" src=\"https:\/\/dimensionturistica.com\/es\/wp-content\/uploads\/2025\/09\/1PRICE.jpg\" alt=\"\" class=\"wp-image-1041940\" srcset=\"https:\/\/dimensionturistica.com\/es\/wp-content\/uploads\/2025\/09\/1PRICE.jpg 473w, https:\/\/dimensionturistica.com\/es\/wp-content\/uploads\/2025\/09\/1PRICE-300x117.jpg 300w\" sizes=\"(max-width: 473px) 100vw, 473px\" \/><\/figure>\n<\/figure>\n\n\n\n<p>PriceTravel Holding abri\u00f3 las puertas de sus oficinas ubicadas en Canc\u00fan para recibir a Visit Orlando y a un grupo de miembros estrat\u00e9gicos que, en conjunto, compartieron con m\u00e1s de 120 agentes de viajes del call center lo m\u00e1s destacado de la oferta tur\u00edstica de Orlando para el segundo semestre del a\u00f1o.<\/p>\n\n\n\n<figure class=\"wp-block-gallery has-nested-images columns-default is-cropped wp-block-gallery-2 is-layout-flex wp-block-gallery-is-layout-flex\">\n<figure class=\"wp-block-image size-large\"><img decoding=\"async\" width=\"500\" height=\"375\" data-id=\"1041943\" src=\"https:\/\/dimensionturistica.com\/es\/wp-content\/uploads\/2025\/09\/2PRICE.jpg\" alt=\"\" class=\"wp-image-1041943\" srcset=\"https:\/\/dimensionturistica.com\/es\/wp-content\/uploads\/2025\/09\/2PRICE.jpg 500w, https:\/\/dimensionturistica.com\/es\/wp-content\/uploads\/2025\/09\/2PRICE-300x225.jpg 300w\" sizes=\"(max-width: 500px) 100vw, 500px\" \/><\/figure>\n<\/figure>\n\n\n\n<p>Durante la jornada, Patrick Yvars y Lorena Pereda de Visit Orlando presentaron la visi\u00f3n y estrategia de promoci\u00f3n del destino, reforzando la importancia de Orlando como uno de los lugares m\u00e1s atractivos para el mercado mexicano y latinoamericano. Este encuentro tambi\u00e9n cont\u00f3 con la participaci\u00f3n de representantes de Magic Village Vacation Homes, Rosen Hotels &amp; Resorts, Merlin Entertainments, Kennedy Space Center, MCA Transportation, Marriott Village Orlando, Go City y The Grove Resort &amp; Water Park, quienes acompa\u00f1aron la presentaci\u00f3n y fortalecieron el acercamiento con los agentes de viajes.<\/p>\n\n\n\n<figure class=\"wp-block-gallery has-nested-images columns-default is-cropped wp-block-gallery-3 is-layout-flex wp-block-gallery-is-layout-flex\">\n<figure class=\"wp-block-image size-large\"><img decoding=\"async\" width=\"500\" height=\"375\" data-id=\"1041945\" src=\"https:\/\/dimensionturistica.com\/es\/wp-content\/uploads\/2025\/09\/4PRICE.jpg\" alt=\"\" class=\"wp-image-1041945\" srcset=\"https:\/\/dimensionturistica.com\/es\/wp-content\/uploads\/2025\/09\/4PRICE.jpg 500w, https:\/\/dimensionturistica.com\/es\/wp-content\/uploads\/2025\/09\/4PRICE-300x225.jpg 300w\" sizes=\"(max-width: 500px) 100vw, 500px\" \/><\/figure>\n<\/figure>\n\n\n\n<p>&#8220;En PriceTravel Holding tenemos un fuerte enfoque en la capacitaci\u00f3n, ya que estas iniciativas no solo fortalecen el conocimiento de nuestros agentes de viajes, sino que tambi\u00e9n son clave para impulsar la promoci\u00f3n de los destinos. Agradecemos especialmente a Visit Orlando por su visita y el trabajo conjunto, que nos permite movilizar a miles de pasajeros al a\u00f1o. Orlando se mantiene dentro de nuestro top 3 de destinos internacionales, y gracias a estas acciones, nuestros agentes pueden ofrecer un servicio m\u00e1s especializado, incrementar sus ventas y acercar a los clientes experiencias memorables en uno de los destinos m\u00e1s ic\u00f3nicos de Estados Unidos&#8221;, mencion\u00f3 Celida Puente, Gerente de Marketing de PriceTravel Holding.<\/p>\n\n\n\n<figure class=\"wp-block-gallery has-nested-images columns-default is-cropped wp-block-gallery-4 is-layout-flex wp-block-gallery-is-layout-flex\">\n<figure class=\"wp-block-image size-large\"><img decoding=\"async\" width=\"500\" height=\"582\" data-id=\"1041946\" src=\"https:\/\/dimensionturistica.com\/es\/wp-content\/uploads\/2025\/09\/7PRICE.jpg\" alt=\"\" class=\"wp-image-1041946\" srcset=\"https:\/\/dimensionturistica.com\/es\/wp-content\/uploads\/2025\/09\/7PRICE.jpg 500w, https:\/\/dimensionturistica.com\/es\/wp-content\/uploads\/2025\/09\/7PRICE-258x300.jpg 258w\" sizes=\"(max-width: 500px) 100vw, 500px\" \/><\/figure>\n<\/figure>\n\n\n\n<p>Mientras que Patrick Yvars, Director de Ventas de la Industria de Viajes para Am\u00e9rica Latina, de Visit Orlando coment\u00f3: &#8220;Con tantos nuevos desarrollos en Orlando, es vital que trabajemos con nuestros socios clave de viajes para asegurarnos de que tengan las herramientas que necesitan para promover el destino. A trav\u00e9s de nuestra s\u00f3lida relaci\u00f3n con PriceTravel Holding, nos aseguramos de que sus agentes demuestren su entusiasmo por nuestras diversas atracciones, incluyendo emocionantes parques tem\u00e1ticos, experiencias culinarias de clase mundial y una vibrante escena cultural y de eventos.\u201d<\/p>\n\n\n\n<figure class=\"wp-block-gallery has-nested-images columns-default is-cropped wp-block-gallery-5 is-layout-flex wp-block-gallery-is-layout-flex\">\n<figure class=\"wp-block-image size-large\"><img decoding=\"async\" width=\"500\" height=\"375\" data-id=\"1041948\" src=\"https:\/\/dimensionturistica.com\/es\/wp-content\/uploads\/2025\/09\/5PRICE.jpg\" alt=\"\" class=\"wp-image-1041948\" srcset=\"https:\/\/dimensionturistica.com\/es\/wp-content\/uploads\/2025\/09\/5PRICE.jpg 500w, https:\/\/dimensionturistica.com\/es\/wp-content\/uploads\/2025\/09\/5PRICE-300x225.jpg 300w\" sizes=\"(max-width: 500px) 100vw, 500px\" \/><\/figure>\n<\/figure>\n\n\n\n<p>Las reservaciones hacia Orlando se han mantenido en constante crecimiento; actualmente, PriceTravel Holding ofrece a sus clientes diversos tipos de hoteles en el destino, garantizando que los viajeros puedan vivir y disfrutar cada uno de sus atractivos tur\u00edsticos. Estas cifras reflejan no solo la confianza de los clientes en el destino, sino tambi\u00e9n la efectividad de la promoci\u00f3n y capacitaci\u00f3n de los agentes, consolidando a Orlando como un foco de oportunidad para el turismo y la venta de experiencias inolvidables.<\/p>\n","protected":false},"excerpt":{"rendered":"<p>PriceTravel Holding abri\u00f3 las puertas de sus oficinas ubicadas en Canc\u00fan para recibir a Visit Orlando y a un grupo de miembros estrat\u00e9gicos que, en conjunto, compartieron con m\u00e1s de 120 agentes de viajes del call center lo m\u00e1s destacado de la oferta tur\u00edstica de Orlando para el segundo semestre del a\u00f1o. Durante la jornada, [&hellip;]<\/p>\n","protected":false},"author":1,"featured_media":0,"comment_status":"open","ping_status":"closed","sticky":false,"template":"","format":"standard","meta":{"om_disable_all_campaigns":false,"jnews-multi-image_gallery":[],"jnews_single_post":[],"jnews_primary_category":[],"jnews_social_meta":[],"footnotes":""},"categories":[39],"tags":[],"class_list":["post-1041936","post","type-post","status-publish","format-standard","hentry","category-viajes"],"_links":{"self":[{"href":"https:\/\/dimensionturistica.com\/es\/wp-json\/wp\/v2\/posts\/1041936","targetHints":{"allow":["GET"]}}],"collection":[{"href":"https:\/\/dimensionturistica.com\/es\/wp-json\/wp\/v2\/posts"}],"about":[{"href":"https:\/\/dimensionturistica.com\/es\/wp-json\/wp\/v2\/types\/post"}],"author":[{"embeddable":true,"href":"https:\/\/dimensionturistica.com\/es\/wp-json\/wp\/v2\/users\/1"}],"replies":[{"embeddable":true,"href":"https:\/\/dimensionturistica.com\/es\/wp-json\/wp\/v2\/comments?post=1041936"}],"version-history":[{"count":0,"href":"https:\/\/dimensionturistica.com\/es\/wp-json\/wp\/v2\/posts\/1041936\/revisions"}],"wp:attachment":[{"href":"https:\/\/dimensionturistica.com\/es\/wp-json\/wp\/v2\/media?parent=1041936"}],"wp:term":[{"taxonomy":"category","embeddable":true,"href":"https:\/\/dimensionturistica.com\/es\/wp-json\/wp\/v2\/categories?post=1041936"},{"taxonomy":"post_tag","embeddable":true,"href":"https:\/\/dimensionturistica.com\/es\/wp-json\/wp\/v2\/tags?post=1041936"}],"curies":[{"name":"wp","href":"https:\/\/api.w.org\/{rel}","templated":true}]}}