{"id":1041917,"date":"2025-09-09T14:13:06","date_gmt":"2025-09-09T14:13:06","guid":{"rendered":"https:\/\/dimensionturistica.com\/es\/?p=1041917"},"modified":"2025-09-09T14:13:06","modified_gmt":"2025-09-09T14:13:06","slug":"el-hotel-mas-mexicano-de-la-ciudad-celebra-la-independencia-con-una-noche-de-sabor-tradicion-y-lujo","status":"publish","type":"post","link":"https:\/\/dimensionturistica.com\/es\/el-hotel-mas-mexicano-de-la-ciudad-celebra-la-independencia-con-una-noche-de-sabor-tradicion-y-lujo\/","title":{"rendered":"El Hotel mas mexicano de la ciudad celebra la independencia con una noche de sabor, tradici\u00f3n y lujo\u00a0"},"content":{"rendered":"\n<figure class=\"wp-block-gallery has-nested-images columns-default is-cropped wp-block-gallery-1 is-layout-flex wp-block-gallery-is-layout-flex\">\n<figure class=\"wp-block-image size-large\"><img decoding=\"async\" width=\"469\" height=\"308\" data-id=\"1041918\" src=\"https:\/\/dimensionturistica.com\/es\/wp-content\/uploads\/2025\/09\/1hotel.jpg\" alt=\"\" class=\"wp-image-1041918\" srcset=\"https:\/\/dimensionturistica.com\/es\/wp-content\/uploads\/2025\/09\/1hotel.jpg 469w, https:\/\/dimensionturistica.com\/es\/wp-content\/uploads\/2025\/09\/1hotel-300x197.jpg 300w\" sizes=\"(max-width: 469px) 100vw, 469px\" \/><\/figure>\n<\/figure>\n\n\n\n<p>Este 15 de septiembre, el Hotel Four Seasons Ciudad de M\u00e9xico invita a celebrar las fiestas patrias con una experiencia \u00fanica en su restaurante insignia, Zanaya. Una cena especial de cinco tiempos que honra los sabores, aromas y s\u00edmbolos que definen la identidad mexicana, en colaboraci\u00f3n con Hacienda Zotoluca y el respaldo de tres \u00edconos del lujo nacional: Reserva de la Familia, TANE y Anfora.<\/p>\n\n\n\n<figure class=\"wp-block-gallery has-nested-images columns-default is-cropped wp-block-gallery-2 is-layout-flex wp-block-gallery-is-layout-flex\">\n<figure class=\"wp-block-image size-large\"><img decoding=\"async\" width=\"480\" height=\"597\" data-id=\"1041919\" src=\"https:\/\/dimensionturistica.com\/es\/wp-content\/uploads\/2025\/09\/2HOTEL-1.jpg\" alt=\"\" class=\"wp-image-1041919\" srcset=\"https:\/\/dimensionturistica.com\/es\/wp-content\/uploads\/2025\/09\/2HOTEL-1.jpg 480w, https:\/\/dimensionturistica.com\/es\/wp-content\/uploads\/2025\/09\/2HOTEL-1-241x300.jpg 241w\" sizes=\"(max-width: 480px) 100vw, 480px\" \/><\/figure>\n<\/figure>\n\n\n\n<p>Desde las 7:00 PM, los asistentes ser\u00e1n recibidos con un welcome drink cortes\u00eda de Tequila Reserva de la Familia, una de las expresiones m\u00e1s refinadas del tequila extra a\u00f1ejo mexicano. A lo largo de la noche, los invitados disfrutar\u00e1n de un men\u00fa que reinterpreta platillos tradicionales con t\u00e9cnicas contempor\u00e1neas y productos de origen local, acompa\u00f1ados de un maridaje exclusivo del Valle de Guadalupe.<\/p>\n\n\n\n<figure class=\"wp-block-gallery has-nested-images columns-default is-cropped wp-block-gallery-3 is-layout-flex wp-block-gallery-is-layout-flex\">\n<figure class=\"wp-block-image size-large\"><img decoding=\"async\" width=\"480\" height=\"720\" data-id=\"1041920\" src=\"https:\/\/dimensionturistica.com\/es\/wp-content\/uploads\/2025\/09\/3HOTEL-1.jpg\" alt=\"\" class=\"wp-image-1041920\" srcset=\"https:\/\/dimensionturistica.com\/es\/wp-content\/uploads\/2025\/09\/3HOTEL-1.jpg 480w, https:\/\/dimensionturistica.com\/es\/wp-content\/uploads\/2025\/09\/3HOTEL-1-200x300.jpg 200w\" sizes=\"(max-width: 480px) 100vw, 480px\" \/><\/figure>\n<\/figure>\n\n\n\n<p>Adem\u00e1s, como parte de esta celebraci\u00f3n, TANE \u2014la reconocida casa de joyer\u00eda mexicana\u2014 presentar\u00e1 un carrito de charms de su colecci\u00f3n, un gesto de arte y tradici\u00f3n que complementa la velada con elegancia y simbolismo.<\/p>\n\n\n\n<p>Una noche para los sentidos&nbsp;&nbsp;<\/p>\n\n\n\n<p>Men\u00fa destacado:<\/p>\n\n\n\n<p>Amuse bouche: At\u00fan al pastor con hoja santa y pi\u00f1a<\/p>\n\n\n\n<p>Primer tiempo: Crema de huitlacoche, mole rojo con queso menonita y elote tierno<\/p>\n\n\n\n<p>Segundo tiempo: Costilla de res braseada a baja temperatura, con chichilo negro y vegetales tiernos<\/p>\n\n\n\n<p>Tercer tiempo: Cabrilla zarandeada con pur\u00e9 de tomatillo y cilantro criollo<\/p>\n\n\n\n<figure class=\"wp-block-gallery has-nested-images columns-default is-cropped wp-block-gallery-4 is-layout-flex wp-block-gallery-is-layout-flex\">\n<figure class=\"wp-block-image size-large\"><img decoding=\"async\" width=\"500\" height=\"333\" data-id=\"1041922\" src=\"https:\/\/dimensionturistica.com\/es\/wp-content\/uploads\/2025\/09\/6HOTEL-1.jpg\" alt=\"\" class=\"wp-image-1041922\" srcset=\"https:\/\/dimensionturistica.com\/es\/wp-content\/uploads\/2025\/09\/6HOTEL-1.jpg 500w, https:\/\/dimensionturistica.com\/es\/wp-content\/uploads\/2025\/09\/6HOTEL-1-300x200.jpg 300w\" sizes=\"(max-width: 500px) 100vw, 500px\" \/><\/figure>\n<\/figure>\n\n\n\n<p>Postre: Flauta dulce de ma\u00edz con mousse de queso de cabra y salsa de rompope<\/p>\n\n\n\n<p>Cada platillo ha sido pensado para contar una historia. Una narrativa comestible del M\u00e9xico profundo, reinterpretada con sofisticaci\u00f3n y respeto por sus ra\u00edces.<\/p>\n\n\n\n<p>&nbsp;Detalles de la experiencia<\/p>\n\n\n\n<p>Ubicaci\u00f3n: Restaurante Zanaya \u2013 Hotel Four Seasons Ciudad de M\u00e9xico<\/p>\n\n\n\n<p>\u200bFecha: Viernes 15 de septiembre<\/p>\n\n\n\n<p>\u200bHora: 7:00 PM<\/p>\n\n\n\n<figure class=\"wp-block-gallery has-nested-images columns-default is-cropped wp-block-gallery-5 is-layout-flex wp-block-gallery-is-layout-flex\">\n<figure class=\"wp-block-image size-large\"><img decoding=\"async\" width=\"500\" height=\"750\" data-id=\"1041923\" src=\"https:\/\/dimensionturistica.com\/es\/wp-content\/uploads\/2025\/09\/11HOTEL.jpg\" alt=\"\" class=\"wp-image-1041923\" srcset=\"https:\/\/dimensionturistica.com\/es\/wp-content\/uploads\/2025\/09\/11HOTEL.jpg 500w, https:\/\/dimensionturistica.com\/es\/wp-content\/uploads\/2025\/09\/11HOTEL-200x300.jpg 200w\" sizes=\"(max-width: 500px) 100vw, 500px\" \/><\/figure>\n<\/figure>\n\n\n\n<p>Costo:<\/p>\n\n\n\n<p>Cena: $2,190.00 MXN por persona<\/p>\n\n\n\n<p>Cena con maridaje: $2,500.00 MXN por persona<\/p>\n\n\n\n<p>\u200bPrecios en moneda nacional. IVA incluido. Servicio no incluido.<\/p>\n\n\n\n<p>Reservaciones anticipadas requeridas. Cupo limitado.<\/p>\n\n\n\n<p>\u200bConsulta disponibilidad directamente con el restaurante.<\/p>\n\n\n\n<p>+52 555231485<\/p>\n","protected":false},"excerpt":{"rendered":"<p>Este 15 de septiembre, el Hotel Four Seasons Ciudad de M\u00e9xico invita a celebrar las fiestas patrias con una experiencia \u00fanica en su restaurante insignia, Zanaya. Una cena especial de cinco tiempos que honra los sabores, aromas y s\u00edmbolos que definen la identidad mexicana, en colaboraci\u00f3n con Hacienda Zotoluca y el respaldo de tres \u00edconos [&hellip;]<\/p>\n","protected":false},"author":1,"featured_media":0,"comment_status":"open","ping_status":"closed","sticky":false,"template":"","format":"standard","meta":{"om_disable_all_campaigns":false,"jnews-multi-image_gallery":[],"jnews_single_post":[],"jnews_primary_category":[],"jnews_social_meta":[],"footnotes":""},"categories":[43],"tags":[],"class_list":["post-1041917","post","type-post","status-publish","format-standard","hentry","category-gourmet"],"_links":{"self":[{"href":"https:\/\/dimensionturistica.com\/es\/wp-json\/wp\/v2\/posts\/1041917","targetHints":{"allow":["GET"]}}],"collection":[{"href":"https:\/\/dimensionturistica.com\/es\/wp-json\/wp\/v2\/posts"}],"about":[{"href":"https:\/\/dimensionturistica.com\/es\/wp-json\/wp\/v2\/types\/post"}],"author":[{"embeddable":true,"href":"https:\/\/dimensionturistica.com\/es\/wp-json\/wp\/v2\/users\/1"}],"replies":[{"embeddable":true,"href":"https:\/\/dimensionturistica.com\/es\/wp-json\/wp\/v2\/comments?post=1041917"}],"version-history":[{"count":0,"href":"https:\/\/dimensionturistica.com\/es\/wp-json\/wp\/v2\/posts\/1041917\/revisions"}],"wp:attachment":[{"href":"https:\/\/dimensionturistica.com\/es\/wp-json\/wp\/v2\/media?parent=1041917"}],"wp:term":[{"taxonomy":"category","embeddable":true,"href":"https:\/\/dimensionturistica.com\/es\/wp-json\/wp\/v2\/categories?post=1041917"},{"taxonomy":"post_tag","embeddable":true,"href":"https:\/\/dimensionturistica.com\/es\/wp-json\/wp\/v2\/tags?post=1041917"}],"curies":[{"name":"wp","href":"https:\/\/api.w.org\/{rel}","templated":true}]}}