{"id":1041453,"date":"2025-09-08T19:21:14","date_gmt":"2025-09-08T19:21:14","guid":{"rendered":"https:\/\/dimensionturistica.com\/es\/?p=1041453"},"modified":"2025-09-08T19:21:14","modified_gmt":"2025-09-08T19:21:14","slug":"reafirma-fundacion-cimarron-su-compromiso-con-la-infancia-en-el-dia-internacional-de-la-beneficencia","status":"publish","type":"post","link":"https:\/\/dimensionturistica.com\/es\/reafirma-fundacion-cimarron-su-compromiso-con-la-infancia-en-el-dia-internacional-de-la-beneficencia\/","title":{"rendered":"Reafirma Fundaci\u00f3n Cimarr\u00f3n su compromiso con la infancia en el D\u00eda Internacional de la Beneficencia"},"content":{"rendered":"\n<figure class=\"wp-block-gallery has-nested-images columns-default is-cropped wp-block-gallery-1 is-layout-flex wp-block-gallery-is-layout-flex\">\n<figure class=\"wp-block-image size-large\"><img decoding=\"async\" width=\"500\" height=\"125\" data-id=\"1041455\" src=\"https:\/\/dimensionturistica.com\/es\/wp-content\/uploads\/2025\/09\/1CIMARRON.jpg\" alt=\"\" class=\"wp-image-1041455\" srcset=\"https:\/\/dimensionturistica.com\/es\/wp-content\/uploads\/2025\/09\/1CIMARRON.jpg 500w, https:\/\/dimensionturistica.com\/es\/wp-content\/uploads\/2025\/09\/1CIMARRON-300x75.jpg 300w\" sizes=\"(max-width: 500px) 100vw, 500px\" \/><\/figure>\n<\/figure>\n\n\n\n<p>En conmemoraci\u00f3n del D\u00eda Internacional de la Beneficencia, Fundaci\u00f3n Cimarr\u00f3n inici\u00f3 la donaci\u00f3n de \u00fatiles escolares a estudiantes de primaria en situaci\u00f3n de vulnerabilidad, como parte de su proyecto social Utilicima, enfocado en promover el acceso igualitario a la educaci\u00f3n.<\/p>\n\n\n\n<figure class=\"wp-block-gallery has-nested-images columns-default is-cropped wp-block-gallery-2 is-layout-flex wp-block-gallery-is-layout-flex\">\n<figure class=\"wp-block-image size-large\"><img decoding=\"async\" width=\"369\" height=\"281\" data-id=\"1041457\" src=\"https:\/\/dimensionturistica.com\/es\/wp-content\/uploads\/2025\/09\/2CIMA.jpg\" alt=\"\" class=\"wp-image-1041457\" srcset=\"https:\/\/dimensionturistica.com\/es\/wp-content\/uploads\/2025\/09\/2CIMA.jpg 369w, https:\/\/dimensionturistica.com\/es\/wp-content\/uploads\/2025\/09\/2CIMA-300x228.jpg 300w\" sizes=\"(max-width: 369px) 100vw, 369px\" \/><\/figure>\n<\/figure>\n\n\n\n<p>Bajo la consigna de que la beneficencia comienza con acciones concretas que transforman vidas, Utilicima beneficiar\u00e1 a m\u00e1s de 11,000 ni\u00f1as y ni\u00f1os en 14 estados del pa\u00eds y la Ciudad de M\u00e9xico, brind\u00e1ndoles kits de \u00fatiles escolares destinados a fomentar la educaci\u00f3n y reducir la desigualdad de oportunidades, para asegurar que cuenten con los materiales b\u00e1sicos para su desarrollo acad\u00e9mico.<\/p>\n\n\n\n<figure class=\"wp-block-gallery has-nested-images columns-default is-cropped wp-block-gallery-3 is-layout-flex wp-block-gallery-is-layout-flex\">\n<figure class=\"wp-block-image size-large\"><img decoding=\"async\" width=\"500\" height=\"333\" data-id=\"1041458\" src=\"https:\/\/dimensionturistica.com\/es\/wp-content\/uploads\/2025\/09\/3CIMA.jpg\" alt=\"\" class=\"wp-image-1041458\" srcset=\"https:\/\/dimensionturistica.com\/es\/wp-content\/uploads\/2025\/09\/3CIMA.jpg 500w, https:\/\/dimensionturistica.com\/es\/wp-content\/uploads\/2025\/09\/3CIMA-300x200.jpg 300w\" sizes=\"(max-width: 500px) 100vw, 500px\" \/><\/figure>\n<\/figure>\n\n\n\n<p>Los kits escolares incluyen art\u00edculos como: colores, juego de geometr\u00eda, pegamento, l\u00e1pices, marcatextos, sacapuntas, borradores y bol\u00edgrafos; los cuales comenzaron a distribuirse entre agosto y septiembre de 2025, con el objetivo de que las y los estudiantes cuenten con sus materiales.<\/p>\n\n\n\n<figure class=\"wp-block-gallery has-nested-images columns-default is-cropped wp-block-gallery-4 is-layout-flex wp-block-gallery-is-layout-flex\">\n<figure class=\"wp-block-image size-large\"><img decoding=\"async\" width=\"500\" height=\"333\" data-id=\"1041460\" src=\"https:\/\/dimensionturistica.com\/es\/wp-content\/uploads\/2025\/09\/6CIMA.jpg\" alt=\"\" class=\"wp-image-1041460\" srcset=\"https:\/\/dimensionturistica.com\/es\/wp-content\/uploads\/2025\/09\/6CIMA.jpg 500w, https:\/\/dimensionturistica.com\/es\/wp-content\/uploads\/2025\/09\/6CIMA-300x200.jpg 300w\" sizes=\"(max-width: 500px) 100vw, 500px\" \/><\/figure>\n<\/figure>\n\n\n\n<p>El programa Utilicima est\u00e1 enfocado en apoyar a ni\u00f1as y ni\u00f1os, entre 6 y 12 a\u00f1os de edad que estudien en instituciones p\u00fablicas con recursos limitados, ubicadas en distintos municipios del territorio nacional.<\/p>\n\n\n\n<p>Los kits escolares se distribuir\u00e1n con la ayuda de los gobiernos locales, como parte de las alianzas consolidadas en los \u00faltimos a\u00f1os con dependencias del Sistema para el Desarrollo Integral de la Familia (DIF) y autoridades municipales.<\/p>\n\n\n\n<p>Con el objetivo de que los apoyos lleguen a quienes m\u00e1s los necesitan, los beneficiarios son seleccionados por las autoridades con base en un an\u00e1lisis socioecon\u00f3mico. En 2024, Fundaci\u00f3n Cimarr\u00f3n distribuy\u00f3 alrededor de 10 mil mochilas en 10 estados de la Rep\u00fablica Mexicana, a trav\u00e9s de su brigada de voluntarios inscritos en el programa &#8220;Horas de Impacto&#8221;, la cual est\u00e1 constituida principalmente por colaboradores.<\/p>\n\n\n\n<figure class=\"wp-block-gallery has-nested-images columns-default is-cropped wp-block-gallery-5 is-layout-flex wp-block-gallery-is-layout-flex\">\n<figure class=\"wp-block-image size-large\"><img decoding=\"async\" width=\"1024\" height=\"684\" data-id=\"1041461\" src=\"https:\/\/dimensionturistica.com\/es\/wp-content\/uploads\/2025\/09\/Fundacion-Cimarron-Dia-de-la-Beneficiencia-2025-5-1024x684.jpeg\" alt=\"\" class=\"wp-image-1041461\" srcset=\"https:\/\/dimensionturistica.com\/es\/wp-content\/uploads\/2025\/09\/Fundacion-Cimarron-Dia-de-la-Beneficiencia-2025-5-1024x684.jpeg 1024w, https:\/\/dimensionturistica.com\/es\/wp-content\/uploads\/2025\/09\/Fundacion-Cimarron-Dia-de-la-Beneficiencia-2025-5-300x200.jpeg 300w, https:\/\/dimensionturistica.com\/es\/wp-content\/uploads\/2025\/09\/Fundacion-Cimarron-Dia-de-la-Beneficiencia-2025-5-768x513.jpeg 768w, https:\/\/dimensionturistica.com\/es\/wp-content\/uploads\/2025\/09\/Fundacion-Cimarron-Dia-de-la-Beneficiencia-2025-5-1536x1025.jpeg 1536w, https:\/\/dimensionturistica.com\/es\/wp-content\/uploads\/2025\/09\/Fundacion-Cimarron-Dia-de-la-Beneficiencia-2025-5-750x501.jpeg 750w, https:\/\/dimensionturistica.com\/es\/wp-content\/uploads\/2025\/09\/Fundacion-Cimarron-Dia-de-la-Beneficiencia-2025-5-1140x761.jpeg 1140w, https:\/\/dimensionturistica.com\/es\/wp-content\/uploads\/2025\/09\/Fundacion-Cimarron-Dia-de-la-Beneficiencia-2025-5.jpeg 1600w\" sizes=\"(max-width: 1024px) 100vw, 1024px\" \/><\/figure>\n<\/figure>\n\n\n\n<p>Para 2025, la meta de la organizaci\u00f3n es beneficiar de manera directa alrededor de 140 mil ni\u00f1as y ni\u00f1os, a trav\u00e9s de todos los programas que se realicen durante el a\u00f1o, lo que representa un aumento de 20 mil personas, respecto al periodo anterior.<\/p>\n\n\n\n<p>Este D\u00eda Internacional de la Beneficencia representa una valiosa oportunidad para visibilizar que, cuando se suman voluntades entre el sector social y el sector p\u00fablico, la ayuda deja de ser asistencialismo y se convierte en desarrollo con dignidad.<\/p>\n\n\n\n<p><\/p>\n","protected":false},"excerpt":{"rendered":"<p>En conmemoraci\u00f3n del D\u00eda Internacional de la Beneficencia, Fundaci\u00f3n Cimarr\u00f3n inici\u00f3 la donaci\u00f3n de \u00fatiles escolares a estudiantes de primaria en situaci\u00f3n de vulnerabilidad, como parte de su proyecto social Utilicima, enfocado en promover el acceso igualitario a la educaci\u00f3n. Bajo la consigna de que la beneficencia comienza con acciones concretas que transforman vidas, Utilicima [&hellip;]<\/p>\n","protected":false},"author":1,"featured_media":0,"comment_status":"open","ping_status":"closed","sticky":false,"template":"","format":"standard","meta":{"om_disable_all_campaigns":false,"jnews-multi-image_gallery":[],"jnews_single_post":[],"jnews_primary_category":[],"jnews_social_meta":[],"footnotes":""},"categories":[40],"tags":[],"class_list":["post-1041453","post","type-post","status-publish","format-standard","hentry","category-industria"],"_links":{"self":[{"href":"https:\/\/dimensionturistica.com\/es\/wp-json\/wp\/v2\/posts\/1041453","targetHints":{"allow":["GET"]}}],"collection":[{"href":"https:\/\/dimensionturistica.com\/es\/wp-json\/wp\/v2\/posts"}],"about":[{"href":"https:\/\/dimensionturistica.com\/es\/wp-json\/wp\/v2\/types\/post"}],"author":[{"embeddable":true,"href":"https:\/\/dimensionturistica.com\/es\/wp-json\/wp\/v2\/users\/1"}],"replies":[{"embeddable":true,"href":"https:\/\/dimensionturistica.com\/es\/wp-json\/wp\/v2\/comments?post=1041453"}],"version-history":[{"count":0,"href":"https:\/\/dimensionturistica.com\/es\/wp-json\/wp\/v2\/posts\/1041453\/revisions"}],"wp:attachment":[{"href":"https:\/\/dimensionturistica.com\/es\/wp-json\/wp\/v2\/media?parent=1041453"}],"wp:term":[{"taxonomy":"category","embeddable":true,"href":"https:\/\/dimensionturistica.com\/es\/wp-json\/wp\/v2\/categories?post=1041453"},{"taxonomy":"post_tag","embeddable":true,"href":"https:\/\/dimensionturistica.com\/es\/wp-json\/wp\/v2\/tags?post=1041453"}],"curies":[{"name":"wp","href":"https:\/\/api.w.org\/{rel}","templated":true}]}}