{"id":1041431,"date":"2025-09-08T18:32:24","date_gmt":"2025-09-08T18:32:24","guid":{"rendered":"https:\/\/dimensionturistica.com\/es\/?p=1041431"},"modified":"2025-09-08T18:32:24","modified_gmt":"2025-09-08T18:32:24","slug":"nayarit-proyectara-al-destino-a-partir-de-lo-mejor-de-nayarit-2025","status":"publish","type":"post","link":"https:\/\/dimensionturistica.com\/es\/nayarit-proyectara-al-destino-a-partir-de-lo-mejor-de-nayarit-2025\/","title":{"rendered":"Nayarit proyectar\u00e1 al destino a partir de \u201cLo Mejor de Nayarit 2025\u201d"},"content":{"rendered":"\n<figure class=\"wp-block-gallery has-nested-images columns-default is-cropped wp-block-gallery-1 is-layout-flex wp-block-gallery-is-layout-flex\">\n<figure class=\"wp-block-image size-large\"><img decoding=\"async\" width=\"300\" height=\"90\" data-id=\"1041432\" src=\"https:\/\/dimensionturistica.com\/es\/wp-content\/uploads\/2025\/09\/LOGONAYA.jpg\" alt=\"\" class=\"wp-image-1041432\"\/><\/figure>\n<\/figure>\n\n\n\n<p>Nayarit vuelve a colocarse en el mapa tur\u00edstico nacional con la edici\u00f3n 2025 de \u201cLo Mejor de Nayarit\u201d, una iniciativa que rinde homenaje a los actores que d\u00eda a d\u00eda construyen la grandeza de este destino. Hoteles, restaurantes, cocineras tradicionales, experiencias comunitarias, gu\u00edas tur\u00edsticos, recintos para eventos y proyectos innovadores tendr\u00e1n un espacio para brillar en una ceremonia que reconoce lo m\u00e1s destacado de la industria tur\u00edstica del estado.<\/p>\n\n\n\n<p>Desde 2023, Lo Mejor de Nayarit se ha convertido en una vitrina que celebra a quienes preservan y reinventan la esencia del estado: desde hoteles boutique con propuestas innovadoras, hasta cocineras tradicionales que salvaguardan recetas ancestrales, pasando por artesanos, gu\u00edas tur\u00edsticos y comunidades que impulsan proyectos de conservaci\u00f3n cultural.<\/p>\n\n\n\n<p>La edici\u00f3n 2025 contar\u00e1 con 30 categor\u00edas que abarcan distintos rubros: gastronom\u00eda, hospedaje, turismo comunitario, turismo deportivo, turismo de reuniones, experiencias de bienestar y personalidades del sector. Adem\u00e1s, se otorgar\u00e1n reconocimientos especiales en sustentabilidad y accesibilidad, dos ejes clave para el turismo del presente en Nayarit.<\/p>\n\n\n\n<p>El proceso de selecci\u00f3n se dividir\u00e1 en tres etapas:<\/p>\n\n\n\n<p>Nominaciones: las cuales se llevaron a cabo del 16 al 28 de agosto, donde el p\u00fablico postul\u00f3 experiencias y destinos en la plataforma oficial.<\/p>\n\n\n\n<figure class=\"wp-block-gallery has-nested-images columns-default is-cropped wp-block-gallery-2 is-layout-flex wp-block-gallery-is-layout-flex\">\n<figure class=\"wp-block-image size-large\"><img decoding=\"async\" width=\"500\" height=\"331\" data-id=\"1041433\" src=\"https:\/\/dimensionturistica.com\/es\/wp-content\/uploads\/2025\/09\/3NAYA.jpg\" alt=\"\" class=\"wp-image-1041433\" srcset=\"https:\/\/dimensionturistica.com\/es\/wp-content\/uploads\/2025\/09\/3NAYA.jpg 500w, https:\/\/dimensionturistica.com\/es\/wp-content\/uploads\/2025\/09\/3NAYA-300x199.jpg 300w\" sizes=\"(max-width: 500px) 100vw, 500px\" \/><\/figure>\n<\/figure>\n\n\n\n<p>Votaciones: del 8 al 19 de septiembre, con la participaci\u00f3n de los proyectos con m\u00e1s menciones competir\u00e1n en una votaci\u00f3n abierta.<\/p>\n\n\n\n<p>Premiaci\u00f3n: el 27 de septiembre se celebrar\u00e1 la gran gala donde se dar\u00e1n a conocer a los ganadores.<\/p>\n\n\n\n<p>Esta din\u00e1mica abierta garantiza que las audiencias reconozcan directamente a quienes los han conquistado con hospitalidad, sabor y experiencias inolvidables.<\/p>\n\n\n\n<p>Entre las categor\u00edas m\u00e1s esperadas destacan: Chef revelaci\u00f3n del a\u00f1o, Cocinera tradicional del a\u00f1o, Hotel revelaci\u00f3n, Mejor artesano de pueblos originarios, Mejor experiencia de naturaleza y aventura, Mejor restaurante de cocina tradicional nayarita y Mejor proyecto de bebida artesanal. Cada una refleja el mosaico cultural y tur\u00edstico que hace \u00fanico a Nayarit.<\/p>\n\n\n\n<p>M\u00e1s all\u00e1 de un premio, Lo Mejor de Nayarit 2025 busca convertirse en un motor de orgullo local y un escaparate nacional e internacional para demostrar que el estado es mucho m\u00e1s que playas espectaculares: es gastronom\u00eda, tradici\u00f3n, hospitalidad, creatividad y comunidad. Adem\u00e1s, se trata de un importante escaparate para reconocer con orgullo a quienes trabajan incansablemente para consolidar la vocaci\u00f3n tur\u00edstica de las tierras nayaritas.<\/p>\n\n\n\n<p>En conferencia de prensa, el Secretario de Turismo de Nayarit, Juan Enrique Su\u00e1rez del Real Tostado, acompa\u00f1ado de representantes Maricarmen Dom\u00ednguez Rosales, Directora Comercial Turismo, M\u00e9xico Desconocido, Escapadas, Nupcias, Alto Nivel; Octavio Ru\u00edz Murgu\u00eda, Dir. de Marketing de la revista M\u00e9xico Desconocido; David S\u00e1nchez Bonald, Presidente de la Asociaci\u00f3n de Hoteles y Moteles de Tepic; Mario Ruvalcaba Manzo, presidente de la C\u00e1mara Nacional de Comercio (CANACO); Gilberto Gangoiti, propietario y en\u00f3logo de Meseta del Cielo y Omar S\u00e1nchez, Maestro cervecero de cervecer\u00eda Samao y Ganador de un premio a Lo Mejor de Nayarit en 2024; presentaron este iniciativa.<\/p>\n\n\n\n<p>Durante su intervenci\u00f3n, Su\u00e1rez del Real se\u00f1al\u00f3 que \u201cpara el Gobernador del estado Miguel \u00c1ngel Navarro Quintero, es muy importante que los nayaritas seamos la cabeza de la promoci\u00f3n tur\u00edstica. Participar en estos importantes reconocimientos son un empuje para que la comunidad siga creando, siga queriendo impulsar y para que los productores se sientan tomados en cuenta, porque para lograrlo es necesario ir de la mano y es responsabilidad de todos los promotores de esta entidad\u201d.<\/p>\n\n\n\n<figure class=\"wp-block-gallery has-nested-images columns-default is-cropped wp-block-gallery-3 is-layout-flex wp-block-gallery-is-layout-flex\">\n<figure class=\"wp-block-image size-large\"><img decoding=\"async\" width=\"500\" height=\"333\" data-id=\"1041434\" src=\"https:\/\/dimensionturistica.com\/es\/wp-content\/uploads\/2025\/09\/11NAYA.jpg\" alt=\"\" class=\"wp-image-1041434\" srcset=\"https:\/\/dimensionturistica.com\/es\/wp-content\/uploads\/2025\/09\/11NAYA.jpg 500w, https:\/\/dimensionturistica.com\/es\/wp-content\/uploads\/2025\/09\/11NAYA-300x200.jpg 300w\" sizes=\"(max-width: 500px) 100vw, 500px\" \/><\/figure>\n<\/figure>\n\n\n\n<p>Subray\u00f3 que el trabajo realizado en los \u00faltimos a\u00f1os no busca el beneficio de un gobierno en particular, sino la prosperidad de toda la poblaci\u00f3n. Tambi\u00e9n destac\u00f3 proyectos clave como el fortalecimiento del Aeropuerto Internacional de Nayarit, el incremento de vuelos internacionales y destinos que hacen ver realmente a Nayarit como un destino emergente, as\u00ed como la atracci\u00f3n de eventos de clase mundial como la 88 Convenci\u00f3n Bancaria, la carrera Ironman, World Meetings Forum (WMF SUMMIT RIVIERA NAYARIT) \u2013 el cual se llevar\u00e1 a cabo del 13 al 16 de Octubre del 2025\u2013; que posicionan al estado como un destino competitivo y con visi\u00f3n de futuro.<\/p>\n\n\n\n<p>Finalmente invit\u00f3 no s\u00f3lo a votar sino tambi\u00e9n a conocer de cerca todos estos productos y productores que hacen de Nayarit un escenario de primera categor\u00eda.<\/p>\n\n\n\n<p>Las votaciones estar\u00e1n abiertas a p\u00fablico por medio de https:\/\/www.mexicodesconocido.com.mx\/<\/p>\n\n\n\n<p>La categor\u00edas oficiales son:<\/p>\n\n\n\n<p>PERSONALIDADES DEL TURISMO<\/p>\n\n\n\n<p>\u00b7 &nbsp;&nbsp;&nbsp;&nbsp;&nbsp;&nbsp;&nbsp;Chef revelaci\u00f3n del a\u00f1o de Nayarit<\/p>\n\n\n\n<p>\u00b7 &nbsp;&nbsp;&nbsp;&nbsp;&nbsp;&nbsp;&nbsp;Cocinera tradicional del a\u00f1o<\/p>\n\n\n\n<p>\u00b7 &nbsp;&nbsp;&nbsp;&nbsp;&nbsp;&nbsp;&nbsp;Mejor artesano de pueblos originarios<\/p>\n\n\n\n<p>\u00b7 &nbsp;&nbsp;&nbsp;&nbsp;&nbsp;&nbsp;&nbsp;Mejor artesano de producto patrimonio<\/p>\n\n\n\n<p>\u00b7 &nbsp;&nbsp;&nbsp;&nbsp;&nbsp;&nbsp;&nbsp;Hotelero de tradici\u00f3n en Nayarit<\/p>\n\n\n\n<p>\u00b7 &nbsp;&nbsp;&nbsp;&nbsp;&nbsp;&nbsp;&nbsp;Gu\u00eda tur\u00edstico destacado<\/p>\n\n\n\n<p>TURISMO DE REUNIONES<\/p>\n\n\n\n<p>\u00b7 &nbsp;&nbsp;&nbsp;&nbsp;&nbsp;&nbsp;&nbsp;Mejor recinto para bodas en Nayarit<\/p>\n\n\n\n<p>\u00b7 &nbsp;&nbsp;&nbsp;&nbsp;&nbsp;&nbsp;&nbsp;Mejor organizador de eventos Nayarita<\/p>\n\n\n\n<p>\u00b7 &nbsp;&nbsp;&nbsp;&nbsp;&nbsp;&nbsp;&nbsp;Mejor recinto para turismo de reuniones en Nayarit (MICE)<\/p>\n\n\n\n<p>TURISMO COMUNITARIO<\/p>\n\n\n\n<p>\u00b7 &nbsp;&nbsp;&nbsp;&nbsp;&nbsp;&nbsp;&nbsp;Mejor proyecto de conservaci\u00f3n cultural<\/p>\n\n\n\n<p>\u00b7 &nbsp;&nbsp;&nbsp;&nbsp;&nbsp;&nbsp;&nbsp;Empresa o comunidad con la mejor oferta de rutas tur\u00edsticas<\/p>\n\n\n\n<p>\u00b7 &nbsp;&nbsp;&nbsp;&nbsp;&nbsp;&nbsp;&nbsp;Mejor experiencia de naturaleza y aventura en Nayarit<\/p>\n\n\n\n<p>\u00b7 &nbsp;&nbsp;&nbsp;&nbsp;&nbsp;&nbsp;&nbsp;Mejor expedici\u00f3n guiada en Pueblos M\u00e1gicos de Nayarit<\/p>\n\n\n\n<p>\u00b7 &nbsp;&nbsp;&nbsp;&nbsp;&nbsp;&nbsp;&nbsp;Mejor celebraci\u00f3n tradicional de Nayarit<\/p>\n\n\n\n<p>&nbsp;MEJOR EXPERIENCIA DE HOSPEDAJE<\/p>\n\n\n\n<p>\u00b7 &nbsp;&nbsp;&nbsp;&nbsp;&nbsp;&nbsp;&nbsp;Mejor experiencia de hospedaje de lujo en Nayarit<\/p>\n\n\n\n<p>\u00b7 &nbsp;&nbsp;&nbsp;&nbsp;&nbsp;&nbsp;&nbsp;Mejor hotel boutique<\/p>\n\n\n\n<p>\u00b7 &nbsp;&nbsp;&nbsp;&nbsp;&nbsp;&nbsp;&nbsp;Hotel con la mejor oferta hol\u00edstica<\/p>\n\n\n\n<p>\u00b7 &nbsp;&nbsp;&nbsp;&nbsp;&nbsp;&nbsp;&nbsp;Hotel con la mejor propuesta gastron\u00f3mica<\/p>\n\n\n\n<p>\u00b7 &nbsp;&nbsp;&nbsp;&nbsp;&nbsp;&nbsp;&nbsp;Hotel Revelaci\u00f3n 2025<\/p>\n\n\n\n<p>\u00b7 &nbsp;&nbsp;&nbsp;&nbsp;&nbsp;&nbsp;&nbsp;Hotel con la mejor vista de Nayarit<\/p>\n\n\n\n<p>TURISMO DEPORTIVO<\/p>\n\n\n\n<p>\u00b7 &nbsp;&nbsp;&nbsp;&nbsp;&nbsp;&nbsp;&nbsp;Mejor campo de golf de Nayarit<\/p>\n\n\n\n<p>\u00b7 &nbsp;&nbsp;&nbsp;&nbsp;&nbsp;&nbsp;&nbsp;Mejor experiencia deportiva acu\u00e1tica<\/p>\n\n\n\n<p>\u00b7 &nbsp;&nbsp;&nbsp;&nbsp;&nbsp;&nbsp;&nbsp;Mejor evento que impulsa los senderos en Nayarit<\/p>\n\n\n\n<p>EXPERIENCIAS GASTRON\u00d3MICAS<\/p>\n\n\n\n<p>\u00b7 &nbsp;&nbsp;&nbsp;&nbsp;&nbsp;&nbsp;&nbsp;Mejor restaurante gourmet de Nayarit<\/p>\n\n\n\n<p>\u00b7 &nbsp;&nbsp;&nbsp;&nbsp;&nbsp;&nbsp;&nbsp;Mejor restaurante de cocina tradicional nayarita<\/p>\n\n\n\n<p>\u00b7 &nbsp;&nbsp;&nbsp;&nbsp;&nbsp;&nbsp;&nbsp;Platillo m\u00e1s innovador 2025<\/p>\n\n\n\n<p>\u00b7 &nbsp;&nbsp;&nbsp;&nbsp;&nbsp;&nbsp;&nbsp;Mejor evento gastron\u00f3mico del a\u00f1o<\/p>\n\n\n\n<p>\u00b7 &nbsp;&nbsp;&nbsp;&nbsp;&nbsp;&nbsp;&nbsp;Mejor proyecto de bebida artesanal<\/p>\n\n\n\n<p>TURISMO DE BIENESTAR<\/p>\n\n\n\n<p>\u00b7 &nbsp;&nbsp;&nbsp;&nbsp;&nbsp;&nbsp;&nbsp;Mejor experiencia hol\u00edstica y de bienestar<\/p>\n\n\n\n<p>\u00b7 &nbsp;&nbsp;&nbsp;&nbsp;&nbsp;&nbsp;&nbsp;Mejor spa<\/p>\n\n\n\n<p>Para m\u00e1s informaci\u00f3n visita:<\/p>\n\n\n\n<figure class=\"wp-block-embed is-type-wp-embed is-provider-visit-nayarit wp-block-embed-visit-nayarit\"><div class=\"wp-block-embed__wrapper\">\n<blockquote class=\"wp-embedded-content\" data-secret=\"g1bLuPbkDW\"><a href=\"https:\/\/visitnayarit.travel\/\">Inicio Visit Nayarit 2025<\/a><\/blockquote><iframe loading=\"lazy\" class=\"wp-embedded-content\" sandbox=\"allow-scripts\" security=\"restricted\" style=\"position: absolute; visibility: hidden;\" title=\"&#8220;Inicio Visit Nayarit 2025&#8221; &#8212; Visit Nayarit\" src=\"https:\/\/visitnayarit.travel\/embed\/#?secret=B93gAzq4JT#?secret=g1bLuPbkDW\" data-secret=\"g1bLuPbkDW\" width=\"500\" height=\"282\" frameborder=\"0\" marginwidth=\"0\" marginheight=\"0\" scrolling=\"no\"><\/iframe>\n<\/div><\/figure>\n","protected":false},"excerpt":{"rendered":"<p>Nayarit vuelve a colocarse en el mapa tur\u00edstico nacional con la edici\u00f3n 2025 de \u201cLo Mejor de Nayarit\u201d, una iniciativa que rinde homenaje a los actores que d\u00eda a d\u00eda construyen la grandeza de este destino. Hoteles, restaurantes, cocineras tradicionales, experiencias comunitarias, gu\u00edas tur\u00edsticos, recintos para eventos y proyectos innovadores tendr\u00e1n un espacio para brillar [&hellip;]<\/p>\n","protected":false},"author":1,"featured_media":0,"comment_status":"open","ping_status":"closed","sticky":false,"template":"","format":"standard","meta":{"om_disable_all_campaigns":false,"jnews-multi-image_gallery":[],"jnews_single_post":{"format":"standard"},"jnews_primary_category":[],"jnews_social_meta":[],"footnotes":""},"categories":[39],"tags":[],"class_list":["post-1041431","post","type-post","status-publish","format-standard","hentry","category-viajes"],"_links":{"self":[{"href":"https:\/\/dimensionturistica.com\/es\/wp-json\/wp\/v2\/posts\/1041431","targetHints":{"allow":["GET"]}}],"collection":[{"href":"https:\/\/dimensionturistica.com\/es\/wp-json\/wp\/v2\/posts"}],"about":[{"href":"https:\/\/dimensionturistica.com\/es\/wp-json\/wp\/v2\/types\/post"}],"author":[{"embeddable":true,"href":"https:\/\/dimensionturistica.com\/es\/wp-json\/wp\/v2\/users\/1"}],"replies":[{"embeddable":true,"href":"https:\/\/dimensionturistica.com\/es\/wp-json\/wp\/v2\/comments?post=1041431"}],"version-history":[{"count":0,"href":"https:\/\/dimensionturistica.com\/es\/wp-json\/wp\/v2\/posts\/1041431\/revisions"}],"wp:attachment":[{"href":"https:\/\/dimensionturistica.com\/es\/wp-json\/wp\/v2\/media?parent=1041431"}],"wp:term":[{"taxonomy":"category","embeddable":true,"href":"https:\/\/dimensionturistica.com\/es\/wp-json\/wp\/v2\/categories?post=1041431"},{"taxonomy":"post_tag","embeddable":true,"href":"https:\/\/dimensionturistica.com\/es\/wp-json\/wp\/v2\/tags?post=1041431"}],"curies":[{"name":"wp","href":"https:\/\/api.w.org\/{rel}","templated":true}]}}