{"id":1041424,"date":"2025-09-08T18:10:24","date_gmt":"2025-09-08T18:10:24","guid":{"rendered":"https:\/\/dimensionturistica.com\/es\/?p=1041424"},"modified":"2025-09-08T18:10:24","modified_gmt":"2025-09-08T18:10:24","slug":"el-regreso-al-trabajo-despues-de-vacaciones-estrategias-para-mantener-la-energia-y-la-motivacion","status":"publish","type":"post","link":"https:\/\/dimensionturistica.com\/es\/el-regreso-al-trabajo-despues-de-vacaciones-estrategias-para-mantener-la-energia-y-la-motivacion\/","title":{"rendered":"El\u00a0Regreso al trabajo despu\u00e9s de vacaciones: estrategias para mantener la energ\u00eda y la motivaci\u00f3n"},"content":{"rendered":"\n<figure class=\"wp-block-gallery has-nested-images columns-default is-cropped wp-block-gallery-1 is-layout-flex wp-block-gallery-is-layout-flex\">\n<figure class=\"wp-block-image size-large\"><img decoding=\"async\" width=\"960\" height=\"452\" data-id=\"1041425\" src=\"https:\/\/dimensionturistica.com\/es\/wp-content\/uploads\/2025\/09\/unnamed-1.png\" alt=\"\" class=\"wp-image-1041425\" srcset=\"https:\/\/dimensionturistica.com\/es\/wp-content\/uploads\/2025\/09\/unnamed-1.png 960w, https:\/\/dimensionturistica.com\/es\/wp-content\/uploads\/2025\/09\/unnamed-1-300x141.png 300w, https:\/\/dimensionturistica.com\/es\/wp-content\/uploads\/2025\/09\/unnamed-1-768x362.png 768w, https:\/\/dimensionturistica.com\/es\/wp-content\/uploads\/2025\/09\/unnamed-1-750x353.png 750w\" sizes=\"(max-width: 960px) 100vw, 960px\" \/><\/figure>\n<\/figure>\n\n\n\n<p>Uno de los momentos m\u00e1s esperados por las personas que trabajan son las vacaciones, sin embargo, tambi\u00e9n es muy com\u00fan que el regreso a la vida laboral, tras estos d\u00edas de descanso, sea un \u201cduro golpe\u201d a nivel an\u00edmico. En el coaching hay varias t\u00e9cnicas que se pueden utilizar para que volver a la oficina sea \u201cmenos doloroso\u201d y puedas mantener la energ\u00eda y motivaci\u00f3n.<\/p>\n\n\n\n<p>El \u201cbaj\u00f3n postvacacional\u201d<\/p>\n\n\n\n<p>Y es que luego de estar fuera por uno o m\u00e1s d\u00edas y tener que retomar la rutina, de despertar m\u00e1s temprano o regresar al ajetreo y estr\u00e9s diario, puede ser abrumador para muchas personas. Para Debbie Green, coach de bienestar certificada por la Federaci\u00f3n Internacional de Coaching (ICF), esto se debe a que en el periodo vacacional \u201csolemos realizar actividades que nos nutren en m\u00faltiples niveles: f\u00edsico, mental, emocional y espiritual\u201d, situaciones que en nuestro d\u00eda a d\u00eda dejamos a un lado por falta de tiempo o energ\u00eda.<\/p>\n\n\n\n<p>Para que el \u201cbaj\u00f3n postvacacional\u201d no te afecte, estas son algunas pr\u00e1cticas comunes en el coaching que pueden servirte para que la vuelta a la realidad sea m\u00e1s sencilla:<\/p>\n\n\n\n<figure class=\"wp-block-gallery has-nested-images columns-default is-cropped wp-block-gallery-2 is-layout-flex wp-block-gallery-is-layout-flex\">\n<figure class=\"wp-block-image size-large\"><img decoding=\"async\" width=\"500\" height=\"333\" data-id=\"1041426\" src=\"https:\/\/dimensionturistica.com\/es\/wp-content\/uploads\/2025\/09\/1wescue.jpg\" alt=\"\" class=\"wp-image-1041426\" srcset=\"https:\/\/dimensionturistica.com\/es\/wp-content\/uploads\/2025\/09\/1wescue.jpg 500w, https:\/\/dimensionturistica.com\/es\/wp-content\/uploads\/2025\/09\/1wescue-300x200.jpg 300w\" sizes=\"(max-width: 500px) 100vw, 500px\" \/><\/figure>\n<\/figure>\n\n\n\n<p>Reflexi\u00f3n<\/p>\n\n\n\n<p>Si bien para muchos el objetivo de las vacaciones es desconectarse del trabajo, puedes destinar s\u00f3lo un poco de ese tiempo libre para que reflexiones acerca de todo lo que has logrado, reconocer lo aprendido y apreciar hasta d\u00f3nde has llegado. Este momento tambi\u00e9n lo puedes aprovechar para analizar sobre lo que te gusta y no, para as\u00ed poder tomar mejores decisiones a nivel profesional y hasta personal.<\/p>\n\n\n\n<p>Objetivos<\/p>\n\n\n\n<p>Tras la reflexi\u00f3n, aprovecha para evaluar y reajustar tus objetivos profesionales, qu\u00e9 quieres, qu\u00e9 necesitas, hacia d\u00f3nde te gustar\u00eda ir, etc\u00e9tera. Esto impactar\u00e1 no solo tu vida laboral sino tambi\u00e9n la personal.<\/p>\n\n\n\n<p>Aprendizaje<\/p>\n\n\n\n<p>\u00bfTienes un curso pendiente? \u00bfHay alguna habilidad nueva que quieras adquirir? \u00bfNecesitas nuevas herramientas para crecer en lo profesional? \u00bfHay alguna actividad que puedas hacer para equilibrar mejor tu vida personal y laboral? Sigue nutriendo tu vida de distintas formas.<\/p>\n\n\n\n<p>Conexiones<\/p>\n\n\n\n<p>A tu regreso, trata de reconectar con tus compa\u00f1eros compartiendo historias, experiencias y m\u00e1s, para Green \u201clos lazos sociales hacen el trabajo m\u00e1s agradable\u201d.<\/p>\n\n\n\n<p>Si bien puedes hacer esto por ti mismo, el contar con apoyo de un especialista puede ayudarte a sacar m\u00e1s provecho de todo este proceso. Recuerda acercarte a expertos certificados por organizaciones como la International Coaching Federation (ICF) que te acompa\u00f1ar\u00e1n y guiar\u00e1n para mantener un ritmo sostenible que te permita prosperar a nivel profesional y personal.<\/p>\n","protected":false},"excerpt":{"rendered":"<p>Uno de los momentos m\u00e1s esperados por las personas que trabajan son las vacaciones, sin embargo, tambi\u00e9n es muy com\u00fan que el regreso a la vida laboral, tras estos d\u00edas de descanso, sea un \u201cduro golpe\u201d a nivel an\u00edmico. En el coaching hay varias t\u00e9cnicas que se pueden utilizar para que volver a la oficina [&hellip;]<\/p>\n","protected":false},"author":1,"featured_media":0,"comment_status":"open","ping_status":"closed","sticky":false,"template":"","format":"standard","meta":{"om_disable_all_campaigns":false,"jnews-multi-image_gallery":[],"jnews_single_post":[],"jnews_primary_category":[],"jnews_social_meta":[],"footnotes":""},"categories":[40],"tags":[],"class_list":["post-1041424","post","type-post","status-publish","format-standard","hentry","category-industria"],"_links":{"self":[{"href":"https:\/\/dimensionturistica.com\/es\/wp-json\/wp\/v2\/posts\/1041424","targetHints":{"allow":["GET"]}}],"collection":[{"href":"https:\/\/dimensionturistica.com\/es\/wp-json\/wp\/v2\/posts"}],"about":[{"href":"https:\/\/dimensionturistica.com\/es\/wp-json\/wp\/v2\/types\/post"}],"author":[{"embeddable":true,"href":"https:\/\/dimensionturistica.com\/es\/wp-json\/wp\/v2\/users\/1"}],"replies":[{"embeddable":true,"href":"https:\/\/dimensionturistica.com\/es\/wp-json\/wp\/v2\/comments?post=1041424"}],"version-history":[{"count":0,"href":"https:\/\/dimensionturistica.com\/es\/wp-json\/wp\/v2\/posts\/1041424\/revisions"}],"wp:attachment":[{"href":"https:\/\/dimensionturistica.com\/es\/wp-json\/wp\/v2\/media?parent=1041424"}],"wp:term":[{"taxonomy":"category","embeddable":true,"href":"https:\/\/dimensionturistica.com\/es\/wp-json\/wp\/v2\/categories?post=1041424"},{"taxonomy":"post_tag","embeddable":true,"href":"https:\/\/dimensionturistica.com\/es\/wp-json\/wp\/v2\/tags?post=1041424"}],"curies":[{"name":"wp","href":"https:\/\/api.w.org\/{rel}","templated":true}]}}