{"id":1041408,"date":"2025-09-08T17:51:59","date_gmt":"2025-09-08T17:51:59","guid":{"rendered":"https:\/\/dimensionturistica.com\/es\/?p=1041408"},"modified":"2025-09-08T17:51:59","modified_gmt":"2025-09-08T17:51:59","slug":"museos-y-zonas-arqueologicas-reciben-mas-de-12-millones-de-visitantes-de-enero-a-julio-de-2025","status":"publish","type":"post","link":"https:\/\/dimensionturistica.com\/es\/museos-y-zonas-arqueologicas-reciben-mas-de-12-millones-de-visitantes-de-enero-a-julio-de-2025\/","title":{"rendered":"Museos y zonas arqueol\u00f3gicas reciben m\u00e1s de 12 millones de visitantes de enero a julio de 2025"},"content":{"rendered":"\n<figure class=\"wp-block-gallery has-nested-images columns-default is-cropped wp-block-gallery-1 is-layout-flex wp-block-gallery-is-layout-flex\">\n<figure class=\"wp-block-image size-large\"><img decoding=\"async\" width=\"500\" height=\"69\" data-id=\"1041409\" src=\"https:\/\/dimensionturistica.com\/es\/wp-content\/uploads\/2025\/09\/987ARTE.jpg\" alt=\"\" class=\"wp-image-1041409\" srcset=\"https:\/\/dimensionturistica.com\/es\/wp-content\/uploads\/2025\/09\/987ARTE.jpg 500w, https:\/\/dimensionturistica.com\/es\/wp-content\/uploads\/2025\/09\/987ARTE-300x41.jpg 300w\" sizes=\"(max-width: 500px) 100vw, 500px\" \/><\/figure>\n<\/figure>\n\n\n\n<p>La secretaria de Turismo del Gobierno de M\u00e9xico, Josefina Rodr\u00edguez Zamora, inform\u00f3 que, de enero a julio de 2025, los museos del pa\u00eds registraron 6.8 millones de visitantes, lo que representa un incremento del 19.3 por ciento en comparaci\u00f3n con el mismo periodo de 2024 y 2.8 por ciento m\u00e1s respecto a 2019.<\/p>\n\n\n\n<figure class=\"wp-block-gallery has-nested-images columns-default is-cropped wp-block-gallery-2 is-layout-flex wp-block-gallery-is-layout-flex\">\n<figure class=\"wp-block-image size-large\"><img decoding=\"async\" width=\"500\" height=\"335\" data-id=\"1041410\" src=\"https:\/\/dimensionturistica.com\/es\/wp-content\/uploads\/2025\/09\/1ARTE.jpg\" alt=\"\" class=\"wp-image-1041410\" srcset=\"https:\/\/dimensionturistica.com\/es\/wp-content\/uploads\/2025\/09\/1ARTE.jpg 500w, https:\/\/dimensionturistica.com\/es\/wp-content\/uploads\/2025\/09\/1ARTE-300x201.jpg 300w\" sizes=\"(max-width: 500px) 100vw, 500px\" \/><\/figure>\n<\/figure>\n\n\n\n<p>La titular de la Secretar\u00eda de Turismo (Sectur) detall\u00f3 que, de acuerdo con informaci\u00f3n del Instituto Nacional de Antropolog\u00eda e Historia (INAH), el 89 por ciento de los visitantes fueron nacionales y el 11 por ciento extranjeros.<\/p>\n\n\n\n<p>\u201cLos museos y zonas arqueol\u00f3gicas tienen una estrecha relaci\u00f3n con el turismo cultural y arqueol\u00f3gico. Adem\u00e1s de preservar y difundir el patrimonio hist\u00f3rico y cultural del pa\u00eds, impulsan la econom\u00eda local mediante el gasto de los visitantes, la generaci\u00f3n de empleo y el fortalecimiento de la identidad cultural\u201d, declar\u00f3.<\/p>\n\n\n\n<p>Precis\u00f3 que los museos con mayor afluencia de visitantes entre enero y julio de 2025 fueron el Museo Nacional de Antropolog\u00eda, con el 45 por ciento; el Museo Nacional de Historia, con el 23 por ciento, y el Museo del Templo Mayor con el 4 por ciento, que en conjunto sumaron un total de 4.9 millones de visitas.<\/p>\n\n\n\n<figure class=\"wp-block-gallery has-nested-images columns-default is-cropped wp-block-gallery-3 is-layout-flex wp-block-gallery-is-layout-flex\">\n<figure class=\"wp-block-image size-large\"><img decoding=\"async\" width=\"500\" height=\"331\" data-id=\"1041411\" src=\"https:\/\/dimensionturistica.com\/es\/wp-content\/uploads\/2025\/09\/2ARTE.jpg\" alt=\"\" class=\"wp-image-1041411\" srcset=\"https:\/\/dimensionturistica.com\/es\/wp-content\/uploads\/2025\/09\/2ARTE.jpg 500w, https:\/\/dimensionturistica.com\/es\/wp-content\/uploads\/2025\/09\/2ARTE-300x199.jpg 300w\" sizes=\"(max-width: 500px) 100vw, 500px\" \/><\/figure>\n<\/figure>\n\n\n\n<p>Por otra parte, Rodr\u00edguez Zamora dio a conocer que, durante los primeros siete meses del a\u00f1o, las zonas arqueol\u00f3gicas del pa\u00eds recibieron 6 millones de visitantes, 63 por ciento nacionales y 37 por ciento extranjeros, lo que representa un incremento del 3.5 por ciento respecto al mismo periodo de 2024.<\/p>\n\n\n\n<figure class=\"wp-block-gallery has-nested-images columns-default is-cropped wp-block-gallery-4 is-layout-flex wp-block-gallery-is-layout-flex\">\n<figure class=\"wp-block-image size-large\"><img decoding=\"async\" width=\"500\" height=\"333\" data-id=\"1041412\" src=\"https:\/\/dimensionturistica.com\/es\/wp-content\/uploads\/2025\/09\/6ARTE.jpg\" alt=\"\" class=\"wp-image-1041412\" srcset=\"https:\/\/dimensionturistica.com\/es\/wp-content\/uploads\/2025\/09\/6ARTE.jpg 500w, https:\/\/dimensionturistica.com\/es\/wp-content\/uploads\/2025\/09\/6ARTE-300x200.jpg 300w\" sizes=\"(max-width: 500px) 100vw, 500px\" \/><\/figure>\n<\/figure>\n\n\n\n<p>Detall\u00f3 que las zonas arqueol\u00f3gicas m\u00e1s visitadas en el periodo de enero a julio de 2025 fueron: Chich\u00e9n Itz\u00e1, con 1.4 millones de visitantes; Teotihuac\u00e1n con su Museo de Sitio, con 995 mil visitantes y Tulum con 93 mil visitantes, que en conjunto representan el 51 por ciento del total de llegadas a estas zonas.<\/p>\n\n\n\n<figure class=\"wp-block-gallery has-nested-images columns-default is-cropped wp-block-gallery-5 is-layout-flex wp-block-gallery-is-layout-flex\">\n<figure class=\"wp-block-image size-large\"><img decoding=\"async\" width=\"500\" height=\"333\" data-id=\"1041413\" src=\"https:\/\/dimensionturistica.com\/es\/wp-content\/uploads\/2025\/09\/ARTE.jpg\" alt=\"\" class=\"wp-image-1041413\" srcset=\"https:\/\/dimensionturistica.com\/es\/wp-content\/uploads\/2025\/09\/ARTE.jpg 500w, https:\/\/dimensionturistica.com\/es\/wp-content\/uploads\/2025\/09\/ARTE-300x200.jpg 300w\" sizes=\"(max-width: 500px) 100vw, 500px\" \/><\/figure>\n<\/figure>\n\n\n\n<p>\u201cEstos espacios, adem\u00e1s de promover el desarrollo sostenible y fomentar un mayor aprecio por la historia al ofrecer experiencias \u00fanicas tanto a nacionales como a extranjeros, tambi\u00e9n impulsan la actividad tur\u00edstica como generadora de bienestar social y econ\u00f3mico, en congruencia con la encomienda de la Presidenta Claudia Sheinbaum Pardo, para que los beneficios del sector de las buenas noticias permeen a todas y todos los integrantes de la gran cadena de valor\u201d, concluy\u00f3.<\/p>\n","protected":false},"excerpt":{"rendered":"<p>La secretaria de Turismo del Gobierno de M\u00e9xico, Josefina Rodr\u00edguez Zamora, inform\u00f3 que, de enero a julio de 2025, los museos del pa\u00eds registraron 6.8 millones de visitantes, lo que representa un incremento del 19.3 por ciento en comparaci\u00f3n con el mismo periodo de 2024 y 2.8 por ciento m\u00e1s respecto a 2019. La titular [&hellip;]<\/p>\n","protected":false},"author":1,"featured_media":0,"comment_status":"open","ping_status":"closed","sticky":false,"template":"","format":"standard","meta":{"om_disable_all_campaigns":false,"jnews-multi-image_gallery":[],"jnews_single_post":[],"jnews_primary_category":[],"jnews_social_meta":[],"footnotes":""},"categories":[39],"tags":[],"class_list":["post-1041408","post","type-post","status-publish","format-standard","hentry","category-viajes"],"_links":{"self":[{"href":"https:\/\/dimensionturistica.com\/es\/wp-json\/wp\/v2\/posts\/1041408","targetHints":{"allow":["GET"]}}],"collection":[{"href":"https:\/\/dimensionturistica.com\/es\/wp-json\/wp\/v2\/posts"}],"about":[{"href":"https:\/\/dimensionturistica.com\/es\/wp-json\/wp\/v2\/types\/post"}],"author":[{"embeddable":true,"href":"https:\/\/dimensionturistica.com\/es\/wp-json\/wp\/v2\/users\/1"}],"replies":[{"embeddable":true,"href":"https:\/\/dimensionturistica.com\/es\/wp-json\/wp\/v2\/comments?post=1041408"}],"version-history":[{"count":0,"href":"https:\/\/dimensionturistica.com\/es\/wp-json\/wp\/v2\/posts\/1041408\/revisions"}],"wp:attachment":[{"href":"https:\/\/dimensionturistica.com\/es\/wp-json\/wp\/v2\/media?parent=1041408"}],"wp:term":[{"taxonomy":"category","embeddable":true,"href":"https:\/\/dimensionturistica.com\/es\/wp-json\/wp\/v2\/categories?post=1041408"},{"taxonomy":"post_tag","embeddable":true,"href":"https:\/\/dimensionturistica.com\/es\/wp-json\/wp\/v2\/tags?post=1041408"}],"curies":[{"name":"wp","href":"https:\/\/api.w.org\/{rel}","templated":true}]}}