{"id":1041340,"date":"2025-09-08T16:30:00","date_gmt":"2025-09-08T16:30:00","guid":{"rendered":"https:\/\/dimensionturistica.com\/es\/?p=1041340"},"modified":"2025-09-08T16:30:00","modified_gmt":"2025-09-08T16:30:00","slug":"gastronomia-paisajes-y-negocios-el-sello-dominicano-en-ibtm-2025","status":"publish","type":"post","link":"https:\/\/dimensionturistica.com\/es\/gastronomia-paisajes-y-negocios-el-sello-dominicano-en-ibtm-2025\/","title":{"rendered":"Gastronom\u00eda, paisajes y negocios: el sello dominicano en IBTM 2025"},"content":{"rendered":"\n<figure class=\"wp-block-gallery has-nested-images columns-default is-cropped wp-block-gallery-1 is-layout-flex wp-block-gallery-is-layout-flex\">\n<figure class=\"wp-block-image size-large\"><img decoding=\"async\" width=\"500\" height=\"261\" data-id=\"1041348\" src=\"https:\/\/dimensionturistica.com\/es\/wp-content\/uploads\/2025\/09\/LOGOS.jpg\" alt=\"\" class=\"wp-image-1041348\" srcset=\"https:\/\/dimensionturistica.com\/es\/wp-content\/uploads\/2025\/09\/LOGOS.jpg 500w, https:\/\/dimensionturistica.com\/es\/wp-content\/uploads\/2025\/09\/LOGOS-300x157.jpg 300w\" sizes=\"(max-width: 500px) 100vw, 500px\" \/><\/figure>\n<\/figure>\n\n\n\n<p>El Ministerio de Turismo de la Rep\u00fablica Dominicana cerr\u00f3 con gran \u00e9xito su participaci\u00f3n en la 16a&nbsp;edici\u00f3n de IBTM Am\u00e9ricas, consolidando una presencia s\u00f3lida que ampli\u00f3 la red de contactos&nbsp;internacionales, fortaleci\u00f3 v\u00ednculos comerciales y posicion\u00f3 la inigualable oferta del pa\u00eds en un sector&nbsp;din\u00e1mico, competitivo y en constante expansi\u00f3n.<\/p>\n\n\n\n<p><\/p>\n\n\n\n<p>Los pasados 20 y 21 de agosto de 2025, el Centro Banamex de la Ciudad de M\u00e9xico fue el escenario&nbsp;de encuentro que reuni\u00f3 a destacados representantes de la industria tur\u00edstica regional, donde&nbsp;Rep\u00fablica Dominicana dispuso de una plataforma favorable para exponer su riqueza cultural, su&nbsp;legado hist\u00f3rico, y su amplia oferta gastron\u00f3mica, adem\u00e1s de sus exuberantes paisajes naturales.<\/p>\n\n\n\n<figure class=\"wp-block-gallery has-nested-images columns-default is-cropped wp-block-gallery-2 is-layout-flex wp-block-gallery-is-layout-flex\">\n<figure class=\"wp-block-image size-large\"><img decoding=\"async\" width=\"500\" height=\"375\" data-id=\"1041351\" src=\"https:\/\/dimensionturistica.com\/es\/wp-content\/uploads\/2025\/09\/4DOMI.jpg\" alt=\"\" class=\"wp-image-1041351\" srcset=\"https:\/\/dimensionturistica.com\/es\/wp-content\/uploads\/2025\/09\/4DOMI.jpg 500w, https:\/\/dimensionturistica.com\/es\/wp-content\/uploads\/2025\/09\/4DOMI-300x225.jpg 300w\" sizes=\"(max-width: 500px) 100vw, 500px\" \/><\/figure>\n<\/figure>\n\n\n\n<p>A trav\u00e9s de reuniones estrat\u00e9gicas, la delegaci\u00f3n dominicana impuls\u00f3 oportunidades de networking&nbsp;que se tradujeron en acuerdos de alto valor econ\u00f3mico, reafirmando al pa\u00eds como un destino clave&nbsp;para viajes corporativos, encuentros profesionales y programas de incentivo.<\/p>\n\n\n\n<p><\/p>\n\n\n\n<p>M\u00e1s de 30 empresas integraron la delegaci\u00f3n dominicana, entre ellas aerol\u00edneas, hoteles, operadores&nbsp;tur\u00edsticos y DMCs como ARAJET S.A., Casa de Campo Resort &amp; Villas, W Punta Cana, Asociaci\u00f3n de&nbsp;Hoteles de Santo Domingo, Otium International, ECT MICE Dominican Republic, B\u00e1varo Adventure&nbsp;Park, Bah\u00eda Pr\u00edncipe, Colonial Tour and Travel, Found Trip Tour Operator, The St. Regis Cap Cana&nbsp;Resort, Caribbean Holiday Services S.R.L., Secret Tides Punta Cana, Barcel\u00f3 B\u00e1varo Grand Resort, Mice&nbsp;Spots DMC, Embassy Suites by Hilton Santo Domingo y BLD Tours, entre otras.<\/p>\n\n\n\n<figure class=\"wp-block-gallery has-nested-images columns-default is-cropped wp-block-gallery-3 is-layout-flex wp-block-gallery-is-layout-flex\">\n<figure class=\"wp-block-image size-large\"><img decoding=\"async\" width=\"500\" height=\"333\" data-id=\"1041354\" src=\"https:\/\/dimensionturistica.com\/es\/wp-content\/uploads\/2025\/09\/1DOMI.jpg\" alt=\"\" class=\"wp-image-1041354\" srcset=\"https:\/\/dimensionturistica.com\/es\/wp-content\/uploads\/2025\/09\/1DOMI.jpg 500w, https:\/\/dimensionturistica.com\/es\/wp-content\/uploads\/2025\/09\/1DOMI-300x200.jpg 300w\" sizes=\"(max-width: 500px) 100vw, 500px\" \/><\/figure>\n<\/figure>\n\n\n\n<p>Uno de los grandes protagonistas fue el viaje culinario que conquist\u00f3 a los asistentes con sabores&nbsp;aut\u00e9nticos: desde los tradicionales yaniqueques de San Pedro de Macor\u00eds, el Colao de Sancocho y el&nbsp;Caf\u00e9 Santo Domingo, hasta la refrescante bebida Morirso\u00f1ando, todos ellos s\u00edmbolos del sabor y la&nbsp;hospitalidad caribe\u00f1a. Una muestra que reafirma que la gastronom\u00eda dominicana lo tiene todo.<\/p>\n\n\n\n<figure class=\"wp-block-gallery has-nested-images columns-default is-cropped wp-block-gallery-4 is-layout-flex wp-block-gallery-is-layout-flex\">\n<figure class=\"wp-block-image size-large\"><img decoding=\"async\" width=\"500\" height=\"375\" data-id=\"1041355\" src=\"https:\/\/dimensionturistica.com\/es\/wp-content\/uploads\/2025\/09\/5DOMI.jpg\" alt=\"\" class=\"wp-image-1041355\" srcset=\"https:\/\/dimensionturistica.com\/es\/wp-content\/uploads\/2025\/09\/5DOMI.jpg 500w, https:\/\/dimensionturistica.com\/es\/wp-content\/uploads\/2025\/09\/5DOMI-300x225.jpg 300w\" sizes=\"(max-width: 500px) 100vw, 500px\" \/><\/figure>\n<\/figure>\n\n\n\n<p>Asimismo, el pa\u00eds promovi\u00f3 destinos como La Romana, Punta Cana, Saman\u00e1, Puerto Plata, Santo&nbsp;Domingo y Miches, resaltando su potencial en segmentos de lujo, aventura y cultura, y consolidando&nbsp;a Rep\u00fablica Dominicana como referente del turismo en el Caribe.<\/p>\n\n\n\n<p><\/p>\n\n\n\n<p>Con este evento, Rep\u00fablica Dominicana reafirma su liderazgo tur\u00edstico en la regi\u00f3n. Su diversidad de&nbsp;escenarios, su propuesta gastron\u00f3mica \u00fanica y sus servicios de primer nivel garantizan que cada&nbsp;evento, reuni\u00f3n o viaje de incentivo se convierta en una experiencia memorable y fruct\u00edfera.<\/p>\n\n\n\n<figure class=\"wp-block-gallery has-nested-images columns-default is-cropped wp-block-gallery-5 is-layout-flex wp-block-gallery-is-layout-flex\">\n<figure class=\"wp-block-image size-large\"><img decoding=\"async\" width=\"500\" height=\"333\" data-id=\"1041356\" src=\"https:\/\/dimensionturistica.com\/es\/wp-content\/uploads\/2025\/09\/2DOMI.jpg\" alt=\"\" class=\"wp-image-1041356\" srcset=\"https:\/\/dimensionturistica.com\/es\/wp-content\/uploads\/2025\/09\/2DOMI.jpg 500w, https:\/\/dimensionturistica.com\/es\/wp-content\/uploads\/2025\/09\/2DOMI-300x200.jpg 300w\" sizes=\"(max-width: 500px) 100vw, 500px\" \/><\/figure>\n<\/figure>\n\n\n\n<p>Para m\u00e1s informaci\u00f3n: www.godominicanrepublic.com<\/p>\n","protected":false},"excerpt":{"rendered":"<p>El Ministerio de Turismo de la Rep\u00fablica Dominicana cerr\u00f3 con gran \u00e9xito su participaci\u00f3n en la 16a&nbsp;edici\u00f3n de IBTM Am\u00e9ricas, consolidando una presencia s\u00f3lida que ampli\u00f3 la red de contactos&nbsp;internacionales, fortaleci\u00f3 v\u00ednculos comerciales y posicion\u00f3 la inigualable oferta del pa\u00eds en un sector&nbsp;din\u00e1mico, competitivo y en constante expansi\u00f3n. Los pasados 20 y 21 de agosto [&hellip;]<\/p>\n","protected":false},"author":1,"featured_media":0,"comment_status":"open","ping_status":"closed","sticky":false,"template":"","format":"standard","meta":{"om_disable_all_campaigns":false,"jnews-multi-image_gallery":[],"jnews_single_post":{"format":"standard"},"jnews_primary_category":[],"jnews_social_meta":[],"footnotes":""},"categories":[39],"tags":[],"class_list":["post-1041340","post","type-post","status-publish","format-standard","hentry","category-viajes"],"_links":{"self":[{"href":"https:\/\/dimensionturistica.com\/es\/wp-json\/wp\/v2\/posts\/1041340","targetHints":{"allow":["GET"]}}],"collection":[{"href":"https:\/\/dimensionturistica.com\/es\/wp-json\/wp\/v2\/posts"}],"about":[{"href":"https:\/\/dimensionturistica.com\/es\/wp-json\/wp\/v2\/types\/post"}],"author":[{"embeddable":true,"href":"https:\/\/dimensionturistica.com\/es\/wp-json\/wp\/v2\/users\/1"}],"replies":[{"embeddable":true,"href":"https:\/\/dimensionturistica.com\/es\/wp-json\/wp\/v2\/comments?post=1041340"}],"version-history":[{"count":0,"href":"https:\/\/dimensionturistica.com\/es\/wp-json\/wp\/v2\/posts\/1041340\/revisions"}],"wp:attachment":[{"href":"https:\/\/dimensionturistica.com\/es\/wp-json\/wp\/v2\/media?parent=1041340"}],"wp:term":[{"taxonomy":"category","embeddable":true,"href":"https:\/\/dimensionturistica.com\/es\/wp-json\/wp\/v2\/categories?post=1041340"},{"taxonomy":"post_tag","embeddable":true,"href":"https:\/\/dimensionturistica.com\/es\/wp-json\/wp\/v2\/tags?post=1041340"}],"curies":[{"name":"wp","href":"https:\/\/api.w.org\/{rel}","templated":true}]}}