{"id":1041251,"date":"2025-09-08T13:32:18","date_gmt":"2025-09-08T13:32:18","guid":{"rendered":"https:\/\/dimensionturistica.com\/es\/?p=1041251"},"modified":"2025-09-08T13:32:18","modified_gmt":"2025-09-08T13:32:18","slug":"lo-extranare-pero-seguiremos-cubriendo-su-estilo-en-nuestro-periodico-un-homenaje-a-giorgio-armani","status":"publish","type":"post","link":"https:\/\/dimensionturistica.com\/es\/lo-extranare-pero-seguiremos-cubriendo-su-estilo-en-nuestro-periodico-un-homenaje-a-giorgio-armani\/","title":{"rendered":"Lo Extra\u00f1ar\u00e9, Pero Seguiremos Cubriendo Su Estilo en Nuestro Peri\u00f3dico: Un Homenaje a Giorgio Armani"},"content":{"rendered":"<p><strong>Giorgio Armani: Un Legado que Perdura en la Moda<\/strong><\/p>\n<p>El mundo de la moda se encuentra en un momento de reflexi\u00f3n y homenaje, ya que una de sus figuras m\u00e1s ic\u00f3nicas, Giorgio Armani, se despide de una era dorada. Su influencia ha trascendido el simple acto de vestir; se ha convertido en un pilar fundamental de la industria, dejando una marca indeleble en la est\u00e9tica moderna.<\/p>\n<p>Armani ha sido sin\u00f3nimo de elegancia y sofisticaci\u00f3n. Su estilo distintivo, marcado por l\u00edneas limpias y un enfoque en la silueta masculina y femenina, ha redefinido est\u00e1ndares y ha inspirado a innumerables dise\u00f1adores. Desde que fund\u00f3 su casa de moda en 1975, su visi\u00f3n ha empujado los l\u00edmites de la creatividad, transformando la manera en que percibimos la vestimenta en el d\u00eda a d\u00eda y en eventos de gala.<\/p>\n<p>Una de las contribuciones m\u00e1s significativas de Armani es su habilidad para fusionar lo cl\u00e1sico con lo contempor\u00e1neo. Su trabajo rompi\u00f3 las barreras del dise\u00f1o tradicional, ofreciendo una perspectiva fresca que celebraba la comodidad sin sacrificar el estilo. Esta filosof\u00eda ha resonado profundamente en las tendencias actuales, donde la funcionalidad se combina con la est\u00e9tica.<\/p>\n<p>Su legado tambi\u00e9n incluye una comprometida defensa de la sostenibilidad en la moda. Armani ha sido pionero en la implementaci\u00f3n de pr\u00e1cticas responsables, destacando la importancia de crear una industria m\u00e1s consciente. Esta iniciativa se ha vuelto especialmente relevante en un contexto donde los consumidores exigen mayores est\u00e1ndares de \u00e9tica y sostenibilidad.<\/p>\n<p>La admiraci\u00f3n hacia Armani no se limita solo a sus colecciones. Su capacidad para comprender y anticipar las demandas del mercado ha hecho que su marca permanezca relevante a lo largo de las d\u00e9cadas. Su influencia ha sido percibida en la cultura pop, desde pel\u00edculas hasta alfombras rojas, reafirmando su estatus como un \u00edcono atemporal.<\/p>\n<p>A medida que el mundo de la moda contin\u00faa su curso, es innegable que la huella de Giorgio Armani perdurar\u00e1. Las futuras generaciones de dise\u00f1adores y amantes de la moda seguir\u00e1n encontrando inspiraci\u00f3n en su visi\u00f3n. Su enfoque audaz y su dedicaci\u00f3n no solo han logrado el \u00e9xito comercial, sino que han creado un impacto cultural que trasciende el tiempo.<\/p>\n<p>As\u00ed, mientras el sector se prepara para la transici\u00f3n hacia nuevas creatividades, la esencia de Giorgio Armani seguir\u00e1 brillando, record\u00e1ndonos que la moda es, ante todo, una forma de expresi\u00f3n art\u00edstica y un veh\u00edculo para el cambio.<\/p>\n<p><em> &#8221; Fuentes www.vogue.com &#8221; <\/em><\/p>\n","protected":false},"excerpt":{"rendered":"<p>Giorgio Armani: Un Legado que Perdura en la Moda El mundo de la moda se encuentra en un momento de reflexi\u00f3n y homenaje, ya que una de sus figuras m\u00e1s ic\u00f3nicas, Giorgio Armani, se despide de una era dorada. Su influencia ha trascendido el simple acto de vestir; se ha convertido en un pilar fundamental [&hellip;]<\/p>\n","protected":false},"author":14,"featured_media":1041252,"comment_status":"open","ping_status":"closed","sticky":false,"template":"","format":"standard","meta":{"om_disable_all_campaigns":false,"jnews-multi-image_gallery":[],"jnews_single_post":[],"jnews_primary_category":[],"jnews_social_meta":[],"footnotes":""},"categories":[144872],"tags":[166,127523,246545,204257,84635,28063,1427,205229,372,72687],"class_list":["post-1041251","post","type-post","status-publish","format-standard","has-post-thumbnail","hentry","category-fashion","tag-fashion","tag-fashion-industry","tag-francesca-ragazzi","tag-giorgio-armani","tag-journalism","tag-legacy","tag-newspaper","tag-remembrance","tag-style","tag-tribute"],"_links":{"self":[{"href":"https:\/\/dimensionturistica.com\/es\/wp-json\/wp\/v2\/posts\/1041251","targetHints":{"allow":["GET"]}}],"collection":[{"href":"https:\/\/dimensionturistica.com\/es\/wp-json\/wp\/v2\/posts"}],"about":[{"href":"https:\/\/dimensionturistica.com\/es\/wp-json\/wp\/v2\/types\/post"}],"author":[{"embeddable":true,"href":"https:\/\/dimensionturistica.com\/es\/wp-json\/wp\/v2\/users\/14"}],"replies":[{"embeddable":true,"href":"https:\/\/dimensionturistica.com\/es\/wp-json\/wp\/v2\/comments?post=1041251"}],"version-history":[{"count":0,"href":"https:\/\/dimensionturistica.com\/es\/wp-json\/wp\/v2\/posts\/1041251\/revisions"}],"wp:featuredmedia":[{"embeddable":true,"href":"https:\/\/dimensionturistica.com\/es\/wp-json\/wp\/v2\/media\/1041252"}],"wp:attachment":[{"href":"https:\/\/dimensionturistica.com\/es\/wp-json\/wp\/v2\/media?parent=1041251"}],"wp:term":[{"taxonomy":"category","embeddable":true,"href":"https:\/\/dimensionturistica.com\/es\/wp-json\/wp\/v2\/categories?post=1041251"},{"taxonomy":"post_tag","embeddable":true,"href":"https:\/\/dimensionturistica.com\/es\/wp-json\/wp\/v2\/tags?post=1041251"}],"curies":[{"name":"wp","href":"https:\/\/api.w.org\/{rel}","templated":true}]}}