{"id":1040994,"date":"2025-09-08T03:34:54","date_gmt":"2025-09-08T03:34:54","guid":{"rendered":"https:\/\/dimensionturistica.com\/es\/?p=1040994"},"modified":"2025-09-08T03:34:54","modified_gmt":"2025-09-08T03:34:54","slug":"recuerdos-del-pasado-los-primeros-anos-de-andre-agassi-y-steffi-graf","status":"publish","type":"post","link":"https:\/\/dimensionturistica.com\/es\/recuerdos-del-pasado-los-primeros-anos-de-andre-agassi-y-steffi-graf\/","title":{"rendered":"Recuerdos del Pasado: Los Primeros A\u00f1os de Andre Agassi y Steffi Graf"},"content":{"rendered":"<h3>El Arte del Encuentro: Moda y Conexiones Personales<\/h3>\n<p>La moda trasciende lo superficial; es un veh\u00edculo que conecta personas y estilos de vida. En un mundo donde las relaciones se establecen a menudo a trav\u00e9s de pantallas, surge la oportunidad de explorar c\u00f3mo el estilo personal puede convertirse en un medio para forjar lazos significativos. Este fen\u00f3meno destaca la importancia de nuestro vestuario no solo como una forma de expresi\u00f3n, sino tambi\u00e9n como un puente hacia el encuentro aut\u00e9ntico.<\/p>\n<h4>La Moda como Lenguaje<\/h4>\n<p>Cada prenda que elegimos comunicar un mensaje. Desde la exuberancia de un vestido de gala hasta la simplicidad de un look casual, el atuendo dice mucho sobre qui\u00e9nes somos. Este lenguaje se convierte en un c\u00f3digo que invita a la interacci\u00f3n y a la conexi\u00f3n genuina. Quien camina por la calle con un abrigo vintage no solo atrae miradas; tambi\u00e9n atrae a aquellos que comparten una afinidad por el pasado, la nostalgia y la originalidad.<\/p>\n<h4>Estilo y Personalidad<\/h4>\n<p>El estilo no tiene l\u00edmites, se reinventa constantemente y se adapta a las distintas culturas y corrientes sociales. La moda es un reflejo de las identidades individuales y colectivas, y en su diversidad radica su poder. Las elecciones de vestimenta pueden romper barreras y unir a personas de diferentes contextos y experiencias. Esta capacidad de resonar en el otro es lo que convierte a la moda en un campo f\u00e9rtil para el encuentro.<\/p>\n<h4>Espacios de Encuentro<\/h4>\n<p>Los desfiles, ferias y exposiciones de moda son escenarios donde convergen diversos individuos con una pasi\u00f3n compartida. Aqu\u00ed, la energ\u00eda es palpable; la creatividad se siente en el aire y las conexiones fluyen de manera org\u00e1nica. Al participar en estos espacios, no solo se da vida a la moda, sino que tambi\u00e9n se construyen redes sociales que pueden perdurar en el tiempo. Las conversaciones que surgen entre un atuendo cautivador y una mirada curiosa pueden dar pie a amistades y colaboraciones inesperadas.<\/p>\n<h4>Elegancia y Autenticidad<\/h4>\n<p>Pero, \u00bfqu\u00e9 hay de la autenticidad en medio de tanto ruido estil\u00edstico? La verdadera elegancia radica en la capacidad de cada persona para expresar su individualidad. En un mar de tendencias ef\u00edmeras, aquellos que se atreven a mostrar su aut\u00e9ntico yo destacan como faros de originalidad. Esta autenticidad no solo atrae admiraci\u00f3n, sino que invita a otros a ser honestos consigo mismos y a conectarse en un nivel m\u00e1s profundo.<\/p>\n<h4>La Influencia de lo Digital<\/h4>\n<p>El auge de las redes sociales ha transformado la manera en que compartimos y experimentamos la moda. Instagram, TikTok y otras plataformas permiten que las personas muestren su estilo al mundo, generando una comunidad global. Las historias que se cuentan a trav\u00e9s de la moda en estas plataformas pueden inspirar encuentros virtuales y, eventualmente, personales. La colaboraci\u00f3n entre diferentes creativos genera un ciclo interminable de influencia e innovaci\u00f3n que redefine constantemente el paisaje de la moda.<\/p>\n<h3>En Resumen<\/h3>\n<p>La moda se presenta como una poderosa herramienta para establecer conexiones en un mundo cada vez m\u00e1s interconectado. Facilita encuentros que van m\u00e1s all\u00e1 de lo visual, alentando la construcci\u00f3n de lazos significativos entre individuos afines. Cada elecci\u00f3n de vestimenta cuenta una historia; cada encuentro, una posibilidad. La moda no es solo lo que llevamos puesto, sino lo que nos une y nos define en el vasto mundo de la interacci\u00f3n humana.<\/p>\n<p><em> &#8221; Fuentes www.vogue.com &#8221; <\/em><\/p>\n","protected":false},"excerpt":{"rendered":"<p>El Arte del Encuentro: Moda y Conexiones Personales La moda trasciende lo superficial; es un veh\u00edculo que conecta personas y estilos de vida. En un mundo donde las relaciones se establecen a menudo a trav\u00e9s de pantallas, surge la oportunidad de explorar c\u00f3mo el estilo personal puede convertirse en un medio para forjar lazos significativos. [&hellip;]<\/p>\n","protected":false},"author":14,"featured_media":1040995,"comment_status":"open","ping_status":"closed","sticky":false,"template":"","format":"standard","meta":{"om_disable_all_campaigns":false,"jnews-multi-image_gallery":[],"jnews_single_post":[],"jnews_primary_category":[],"jnews_social_meta":[],"footnotes":""},"categories":[144872],"tags":[246459,201208],"class_list":["post-1040994","post","type-post","status-publish","format-standard","has-post-thumbnail","hentry","category-fashion","tag-andre-agassi-steffi-graf-tennis-history-sports-legends-tennis-archives-early-career-athletic-rivalry-sports-biography-90s-tennis-famous-athletes","tag-from-the-archives"],"_links":{"self":[{"href":"https:\/\/dimensionturistica.com\/es\/wp-json\/wp\/v2\/posts\/1040994","targetHints":{"allow":["GET"]}}],"collection":[{"href":"https:\/\/dimensionturistica.com\/es\/wp-json\/wp\/v2\/posts"}],"about":[{"href":"https:\/\/dimensionturistica.com\/es\/wp-json\/wp\/v2\/types\/post"}],"author":[{"embeddable":true,"href":"https:\/\/dimensionturistica.com\/es\/wp-json\/wp\/v2\/users\/14"}],"replies":[{"embeddable":true,"href":"https:\/\/dimensionturistica.com\/es\/wp-json\/wp\/v2\/comments?post=1040994"}],"version-history":[{"count":0,"href":"https:\/\/dimensionturistica.com\/es\/wp-json\/wp\/v2\/posts\/1040994\/revisions"}],"wp:featuredmedia":[{"embeddable":true,"href":"https:\/\/dimensionturistica.com\/es\/wp-json\/wp\/v2\/media\/1040995"}],"wp:attachment":[{"href":"https:\/\/dimensionturistica.com\/es\/wp-json\/wp\/v2\/media?parent=1040994"}],"wp:term":[{"taxonomy":"category","embeddable":true,"href":"https:\/\/dimensionturistica.com\/es\/wp-json\/wp\/v2\/categories?post=1040994"},{"taxonomy":"post_tag","embeddable":true,"href":"https:\/\/dimensionturistica.com\/es\/wp-json\/wp\/v2\/tags?post=1040994"}],"curies":[{"name":"wp","href":"https:\/\/api.w.org\/{rel}","templated":true}]}}