{"id":104076,"date":"2021-03-29T16:27:34","date_gmt":"2021-03-29T16:27:34","guid":{"rendered":"https:\/\/dimensionturistica.com\/es\/?p=104076"},"modified":"2021-03-29T16:27:35","modified_gmt":"2021-03-29T16:27:35","slug":"abinader-anuncia-retorno-cruceros-a-partir-de-julio","status":"publish","type":"post","link":"https:\/\/dimensionturistica.com\/es\/abinader-anuncia-retorno-cruceros-a-partir-de-julio\/","title":{"rendered":"Abinader anuncia retorno cruceros a partir de julio"},"content":{"rendered":"<p> <br \/>\n<\/p>\n<div>\n            <!-- image --><\/p>\n<div class=\"td-post-featured-image\"><a rel=\"nofollow noopener\" target=\"_blank\" href=\"https:\/\/dimensionturistica.com\/es\/wp-content\/uploads\/2021\/03\/Abinader-anuncia-retorno-cruceros-a-partir-de-julio.jpg\" data-caption=\"\"><img decoding=\"async\" width=\"552\" height=\"310\" class=\"entry-thumb td-modal-image\" src=\"https:\/\/dimensionturistica.com\/es\/wp-content\/uploads\/2021\/03\/Abinader-anuncia-retorno-cruceros-a-partir-de-julio.jpg\"   alt=\"\" title=\"DESTINO PUERTO PLATA RECIBI\u00d3 SIETE BARCOS CRUCEROS CON 30 MIL 86 VISITANTES LA PASADA SEMANA\"\/><\/a><\/div>\n<p>            <!-- content --><\/p>\n<p><strong>PUERTO PLATA<\/strong>. -El presidente Luis Abinader informo aqu\u00ed que a partir de julio pr\u00f3ximo se reanuda la llegada de cruceros por las diferentes terminales tur\u00edsticas.<\/p>\n<p>Dijo que esto ser\u00e1 posible gracias a la s\u00f3lida recuperaci\u00f3n de ese sector debido a las oportunas y exitosas medidas adoptadas por el gobierno para contener el contagio de la ciudadan\u00eda y los visitantes de la Pandemia del Covid.<\/p>\n<p>Asimismo, ponder\u00f3 el ritmo en la llegada de visitantes extranjeros para vacacionar en la Rep\u00fablica Dominicana, se\u00f1alando que solamente este pasado fin de semana arribaron 16 mil turistas y que para este mes esa cantidad podr\u00eda llegar a los 230,000.<\/p>\n<p>En consonancia con el lanzamiento del Plan de Recuperaci\u00f3n Responsable del Turismo, los viajeros ya no necesitan proporcionar una prueba PCR o COVID-19 negativa a su llegada.<\/p>\n<p>En cambio, los aeropuertos y otros puertos de entrada realizar\u00e1n una prueba de aliento r\u00e1pida y aleatoria a entre el 3% y el 15% de los pasajeros y todos aquellos que presenten s\u00edntomas a su llegada. Los pasajeros menores de cinco a\u00f1os y miembros de tripulaciones est\u00e1n exentos de este procedimiento.<\/p>\n<p>Todos los pasajeros tambi\u00e9n deber\u00e1n realizar un management de temperatura.<br \/>Los pasajeros que presenten s\u00edntomas o cuyos resultados de an\u00e1lisis sean positivos ser\u00e1n aislados y atendidos en lugares autorizados. Antes del viaje, los viajeros deben confirmar con su aerol\u00ednea y el aeropuerto de origen con respecto a cualquier prueba u otros requisitos relacionados para los vuelos entrantes a Rep\u00fablica Dominicana, o los requisitos necesarios al regresar a su pa\u00eds de origen.<\/p>\n<p>A partir del pr\u00f3ximo mes de abril, los pasajeros que viajen desde Reino Unido a Rep\u00fablica Dominicana deben presentar un certificado de prueba de COVID-19 PCR negativo tomado dentro de las 72 horas previas al viaje.<\/p>\n<p>Los pasajeros que desembarquen en Rep\u00fablica Dominicana sin un certificado de PCR negativo est\u00e1n sujetos a la realizaci\u00f3n de una prueba COVID-19 a su llegada y tendr\u00e1n que permanecer en cuarentena por los siguientes 7 d\u00edas en alguna de las instalaciones gubernamentales, con costo cubierto por el viajero.<\/p>\n<p>La estad\u00eda puede extenderse hasta que se obtengan resultados negativos de las pruebas. Si planea viajar o transitar por la Rep\u00fablica Dominicana desde Reino Unido, consulte con su agencia, tour operador o especialista en viajes.<\/p>\n<p>Estas medidas tambi\u00e9n aplican para los viajeros que hayan estado en el Reino Unido en las \u00faltimas dos semanas antes de su llegada a la Rep\u00fablica Dominicana.<\/p>\n<\/p><\/div>\n\n<p><em> &#8221; Fuentes eldia.com.do &#8221; <\/em><\/p>\n","protected":false},"excerpt":{"rendered":"<p>PUERTO PLATA. -El presidente Luis Abinader informo aqu\u00ed que a partir de julio pr\u00f3ximo se reanuda la llegada de cruceros por las diferentes terminales tur\u00edsticas. Dijo que esto ser\u00e1 posible gracias a la s\u00f3lida recuperaci\u00f3n de ese sector debido a las oportunas y exitosas medidas adoptadas por el gobierno para contener el contagio de la [&hellip;]<\/p>\n","protected":false},"author":4,"featured_media":104077,"comment_status":"open","ping_status":"closed","sticky":false,"template":"","format":"standard","meta":{"om_disable_all_campaigns":false,"jnews-multi-image_gallery":[],"jnews_single_post":[],"jnews_primary_category":[],"jnews_social_meta":[],"footnotes":""},"categories":[41],"tags":[],"class_list":["post-104076","post","type-post","status-publish","format-standard","has-post-thumbnail","hentry","category-cruceros"],"_links":{"self":[{"href":"https:\/\/dimensionturistica.com\/es\/wp-json\/wp\/v2\/posts\/104076","targetHints":{"allow":["GET"]}}],"collection":[{"href":"https:\/\/dimensionturistica.com\/es\/wp-json\/wp\/v2\/posts"}],"about":[{"href":"https:\/\/dimensionturistica.com\/es\/wp-json\/wp\/v2\/types\/post"}],"author":[{"embeddable":true,"href":"https:\/\/dimensionturistica.com\/es\/wp-json\/wp\/v2\/users\/4"}],"replies":[{"embeddable":true,"href":"https:\/\/dimensionturistica.com\/es\/wp-json\/wp\/v2\/comments?post=104076"}],"version-history":[{"count":0,"href":"https:\/\/dimensionturistica.com\/es\/wp-json\/wp\/v2\/posts\/104076\/revisions"}],"wp:featuredmedia":[{"embeddable":true,"href":"https:\/\/dimensionturistica.com\/es\/wp-json\/wp\/v2\/media\/104077"}],"wp:attachment":[{"href":"https:\/\/dimensionturistica.com\/es\/wp-json\/wp\/v2\/media?parent=104076"}],"wp:term":[{"taxonomy":"category","embeddable":true,"href":"https:\/\/dimensionturistica.com\/es\/wp-json\/wp\/v2\/categories?post=104076"},{"taxonomy":"post_tag","embeddable":true,"href":"https:\/\/dimensionturistica.com\/es\/wp-json\/wp\/v2\/tags?post=104076"}],"curies":[{"name":"wp","href":"https:\/\/api.w.org\/{rel}","templated":true}]}}