{"id":1040567,"date":"2025-09-06T16:47:08","date_gmt":"2025-09-06T16:47:08","guid":{"rendered":"https:\/\/dimensionturistica.com\/es\/?p=1040567"},"modified":"2025-09-06T16:47:08","modified_gmt":"2025-09-06T16:47:08","slug":"maya-kaan-el-corazon-mistico-del-caribe-mexicano-una-conexion-autentica-con-el-entorno-y-la-comunidad","status":"publish","type":"post","link":"https:\/\/dimensionturistica.com\/es\/maya-kaan-el-corazon-mistico-del-caribe-mexicano-una-conexion-autentica-con-el-entorno-y-la-comunidad\/","title":{"rendered":"Maya Ka\u2019an: El coraz\u00f3n m\u00edstico del Caribe Mexicano,\u00a0una conexi\u00f3n aut\u00e9ntica con el entorno y la comunidad"},"content":{"rendered":"\n<figure class=\"wp-block-gallery has-nested-images columns-default is-cropped wp-block-gallery-1 is-layout-flex wp-block-gallery-is-layout-flex\">\n<figure class=\"wp-block-image size-large\"><img decoding=\"async\" width=\"500\" height=\"277\" data-id=\"1040568\" src=\"https:\/\/dimensionturistica.com\/es\/wp-content\/uploads\/2025\/09\/2CARIBE.jpg\" alt=\"\" class=\"wp-image-1040568\" srcset=\"https:\/\/dimensionturistica.com\/es\/wp-content\/uploads\/2025\/09\/2CARIBE.jpg 500w, https:\/\/dimensionturistica.com\/es\/wp-content\/uploads\/2025\/09\/2CARIBE-300x166.jpg 300w\" sizes=\"(max-width: 500px) 100vw, 500px\" \/><\/figure>\n<\/figure>\n\n\n\n<p>En el&nbsp;coraz\u00f3n del Caribe Mexicano existe un destino que late al ritmo de la&nbsp;naturaleza y la sabidur\u00eda ancestral: Maya Ka\u2019an, un viaje diferente, profundo y&nbsp;enriquecedor que invita a entrelazar el legado cultural con una vivencia&nbsp;inigualable.<\/p>\n\n\n\n<p>Maya Ka\u2019an es el destino ideal para quienes disfrutan las actividades al aire&nbsp;libre y buscan interactuar con culturas y tradiciones ancestrales, entrar en&nbsp;armon\u00eda con la naturaleza virgen e integrar la sabidur\u00eda maya a su vida,&nbsp;contribuyendo al sustento y conservaci\u00f3n del medio ambiente y la cultura de&nbsp;la regi\u00f3n.<\/p>\n\n\n\n<p>Las 78 comunidades mayas propias de la regi\u00f3n, presentan un modelo de&nbsp;turismo comunitario sostenible donde cada d\u00eda es una lecci\u00f3n de conexi\u00f3n&nbsp;con la tierra y sus ancestros. El canto de los p\u00e1jaros, el aroma a Chokoj Waaj:&nbsp;tortilla caliente, reci\u00e9n hecha en un fog\u00f3n de le\u00f1a por una abuela que va&nbsp;contando historias, se mezclan para transportarte a ese tiempo, donde la&nbsp;cosmovisi\u00f3n maya reinaba.<\/p>\n\n\n\n<figure class=\"wp-block-gallery has-nested-images columns-default is-cropped wp-block-gallery-2 is-layout-flex wp-block-gallery-is-layout-flex\">\n<figure class=\"wp-block-image size-large\"><img decoding=\"async\" width=\"500\" height=\"333\" data-id=\"1040569\" src=\"https:\/\/dimensionturistica.com\/es\/wp-content\/uploads\/2025\/09\/5CARIBE.jpg\" alt=\"\" class=\"wp-image-1040569\" srcset=\"https:\/\/dimensionturistica.com\/es\/wp-content\/uploads\/2025\/09\/5CARIBE.jpg 500w, https:\/\/dimensionturistica.com\/es\/wp-content\/uploads\/2025\/09\/5CARIBE-300x200.jpg 300w\" sizes=\"(max-width: 500px) 100vw, 500px\" \/><\/figure>\n<\/figure>\n\n\n\n<p>Maya Ka\u2019an es la puerta de entrada a la majestuosa Reserva de la Bi\u00f3sfera de&nbsp;Sian Ka\u2019an, declarada Patrimonio de la Humanidad por la UNESCO en 1987 y&nbsp;que en maya significa \u201corigen del cielo\u201d, es un testimonio de la belleza&nbsp;sublime de esta \u00e1rea protegida. Sian Ka\u2019an, con m\u00e1s de 500,000 hect\u00e1reas,&nbsp;alberga una biodiversidad excepcional, con ecosistemas que van desde selvas&nbsp;h\u00famedas y secas, manglares y marismas, hasta dunas costeras y una vasta&nbsp;zona marina que incluye una porci\u00f3n del Gran Arrecife Mesoamericano, el&nbsp;segundo m\u00e1s grande del mundo.&nbsp;Algunos de los sitios ideales a visitar son: Punta Allen, Muyil, Kantem\u00f3,&nbsp;X-Pichil, Tihosuco, Se\u00f1or.<\/p>\n\n\n\n<p>Experiencias aut\u00e9nticas en Maka Ka\u2019an<\/p>\n\n\n\n<p>\u25cf En Punta Allen:<\/p>\n\n\n\n<p>\u25cb Aventura en la Laguna Negra: recorrido por un exuberante&nbsp;sendero interpretativo, adornado por impresionantes conjuntos&nbsp;de frondosos manglares, dentro de una Reserva Sitio Patrimonio&nbsp;de la Humanidad.<\/p>\n\n\n\n<p>\u25cb Aventura en bicicleta: en compa\u00f1\u00eda de un gu\u00eda local, disfruta de&nbsp;diferentes ecosistemas caracter\u00edsticos de la Reserva de la Bi\u00f3sfera&nbsp;Sian Ka\u2019an, as\u00ed como de numerosas especies de fauna.<\/p>\n\n\n\n<p>\u25cb Pesca Deportiva: expertos gu\u00edas nativos, te acompa\u00f1an a&nbsp;recorrer manglares en busca de macab\u00ed, palometa, r\u00f3balo, s\u00e1balo&nbsp;y otras especies.<\/p>\n\n\n\n<p>\u25cf En Muyil:<\/p>\n\n\n\n<p>\u25cb Selva y flotaci\u00f3n: una fascinante inmersi\u00f3n cultural para&nbsp;descubrir los misterios de la zona arqueol\u00f3gica de Muyil,&nbsp;caminata entre la selva hacia las aguas turquesa de la laguna de&nbsp;Muyil y Chunyaxch\u00e9 y salto al canal de aguas cristalinas para una&nbsp;experiencia \u00fanica y relajante.<\/p>\n\n\n\n<p>\u25cb Puesta del sol en humedales: enam\u00f3rate con la belleza extrema&nbsp;de la ca\u00edda del sol sobre los maravillosos humedales de Sian&nbsp;Ka\u2019an.<\/p>\n\n\n\n<figure class=\"wp-block-gallery has-nested-images columns-default is-cropped wp-block-gallery-3 is-layout-flex wp-block-gallery-is-layout-flex\">\n<figure class=\"wp-block-image size-large\"><img decoding=\"async\" width=\"500\" height=\"276\" data-id=\"1040570\" src=\"https:\/\/dimensionturistica.com\/es\/wp-content\/uploads\/2025\/09\/1caribe.jpg\" alt=\"\" class=\"wp-image-1040570\" srcset=\"https:\/\/dimensionturistica.com\/es\/wp-content\/uploads\/2025\/09\/1caribe.jpg 500w, https:\/\/dimensionturistica.com\/es\/wp-content\/uploads\/2025\/09\/1caribe-300x166.jpg 300w\" sizes=\"(max-width: 500px) 100vw, 500px\" \/><\/figure>\n<\/figure>\n\n\n\n<p>\u25cb El chicle, un legado maya: interesante demostraci\u00f3n de la&nbsp;t\u00e9cnica que utilizaban los antiguos mayas para la extracci\u00f3n del&nbsp;chicle.<\/p>\n\n\n\n<p>\u25cb Mayaking: paseo en kayak por las silenciosas aguas de la laguna,&nbsp;utilizadas por los mayas como parte de su ruta comercial.<\/p>\n\n\n\n<p>\u25cf En Kantem\u00f3:<\/p>\n\n\n\n<p>\u25cb Cueva de las serpientes colgantes: Una experiencia \u00fanica y&nbsp;misteriosa que te acerca a las profundidades de la tierra; donde&nbsp;miles de serpientes cuelgan del techo, esperando el paso de los&nbsp;murci\u00e9lagos -saliendo al atardecer- para cazarlos.Tambi\u00e9n&nbsp;puedes disfrutar de recorridos en bicicleta, senderismo por la&nbsp;selva, y convivencia con comunidades locales que te mostrar\u00e1n la&nbsp;riqueza natural y cultural de la regi\u00f3n.<\/p>\n\n\n\n<p>\u25cf En X-Pichil:<\/p>\n\n\n\n<p>\u25cb Comunidad artesanal: Descubre la destreza y tradici\u00f3n de los&nbsp;artesanos locales. En esta peque\u00f1a comunidad, podr\u00e1s conocer&nbsp;de cerca la t\u00e9cnica ancestral del bordado de punto de cruz.<\/p>\n\n\n\n<p>Los&nbsp;dise\u00f1os, llenos de color y simbolismo que reflejan la cosmovisi\u00f3n&nbsp;maya, son una forma de mantener viva su herencia cultural.<\/p>\n\n\n\n<p>\u25cf En Tihosuco:<\/p>\n\n\n\n<p>\u25cb Recorrido cultural: conoce una aut\u00e9ntica comunidad maya llena&nbsp;de cultura, sabores y tradiciones. Participa en una ceremonia de&nbsp;bienvenida, aprende la t\u00e9cnica del hilado de algod\u00f3n y disfruta de&nbsp;una deliciosa comida local. Visita la parroquia del Santo Ni\u00f1o&nbsp;Jes\u00fas, un s\u00edmbolo vivo de la Guerra de Castas; con su fachada sin&nbsp;techo y con da\u00f1os significativos es un testimonio de la resistencia&nbsp;del pueblo maya durante la rebeli\u00f3n de 1847.<\/p>\n\n\n\n<p>\u25cf En Se\u00f1or:<\/p>\n\n\n\n<p>\u25cb Tour cultural comunitario: visita una peque\u00f1a comunidad con&nbsp;ricas tradiciones, aprecia a un sacerdote maya hacer un ritual de&nbsp;purificaci\u00f3n y agradecimiento por los alimentos que se cosechan&nbsp;en la milpa. Se testigo de la destreza de quienes trenzan&nbsp;henequ\u00e9n, saborea la dulzura de la miel de abejas meliponas y&nbsp;otros platillos deliciosos de esta rica regi\u00f3n.<\/p>\n\n\n\n<p>Visitar Maya Ka&#8217;an es una experiencia que despierta los sentidos y permite&nbsp;una conexi\u00f3n con la cultura, la naturaleza y el entorno para renovar el alma.<\/p>\n","protected":false},"excerpt":{"rendered":"<p>En el&nbsp;coraz\u00f3n del Caribe Mexicano existe un destino que late al ritmo de la&nbsp;naturaleza y la sabidur\u00eda ancestral: Maya Ka\u2019an, un viaje diferente, profundo y&nbsp;enriquecedor que invita a entrelazar el legado cultural con una vivencia&nbsp;inigualable. Maya Ka\u2019an es el destino ideal para quienes disfrutan las actividades al aire&nbsp;libre y buscan interactuar con culturas y tradiciones [&hellip;]<\/p>\n","protected":false},"author":1,"featured_media":0,"comment_status":"open","ping_status":"closed","sticky":false,"template":"","format":"standard","meta":{"om_disable_all_campaigns":false,"jnews-multi-image_gallery":[],"jnews_single_post":[],"jnews_primary_category":[],"jnews_social_meta":[],"footnotes":""},"categories":[39],"tags":[],"class_list":["post-1040567","post","type-post","status-publish","format-standard","hentry","category-viajes"],"_links":{"self":[{"href":"https:\/\/dimensionturistica.com\/es\/wp-json\/wp\/v2\/posts\/1040567","targetHints":{"allow":["GET"]}}],"collection":[{"href":"https:\/\/dimensionturistica.com\/es\/wp-json\/wp\/v2\/posts"}],"about":[{"href":"https:\/\/dimensionturistica.com\/es\/wp-json\/wp\/v2\/types\/post"}],"author":[{"embeddable":true,"href":"https:\/\/dimensionturistica.com\/es\/wp-json\/wp\/v2\/users\/1"}],"replies":[{"embeddable":true,"href":"https:\/\/dimensionturistica.com\/es\/wp-json\/wp\/v2\/comments?post=1040567"}],"version-history":[{"count":0,"href":"https:\/\/dimensionturistica.com\/es\/wp-json\/wp\/v2\/posts\/1040567\/revisions"}],"wp:attachment":[{"href":"https:\/\/dimensionturistica.com\/es\/wp-json\/wp\/v2\/media?parent=1040567"}],"wp:term":[{"taxonomy":"category","embeddable":true,"href":"https:\/\/dimensionturistica.com\/es\/wp-json\/wp\/v2\/categories?post=1040567"},{"taxonomy":"post_tag","embeddable":true,"href":"https:\/\/dimensionturistica.com\/es\/wp-json\/wp\/v2\/tags?post=1040567"}],"curies":[{"name":"wp","href":"https:\/\/api.w.org\/{rel}","templated":true}]}}