{"id":1040512,"date":"2025-09-06T15:28:00","date_gmt":"2025-09-06T15:28:00","guid":{"rendered":"https:\/\/dimensionturistica.com\/es\/?p=1040512"},"modified":"2025-09-06T15:28:00","modified_gmt":"2025-09-06T15:28:00","slug":"a-un-ano-del-mundial-en-mexico-cuales-seran-las-rutas-y-zonas-mas-visitadas-por-turistas-y-locales","status":"publish","type":"post","link":"https:\/\/dimensionturistica.com\/es\/a-un-ano-del-mundial-en-mexico-cuales-seran-las-rutas-y-zonas-mas-visitadas-por-turistas-y-locales\/","title":{"rendered":"A un a\u00f1o del mundial en M\u00e9xico, \u00bfCu\u00e1les ser\u00e1n las rutas y zonas m\u00e1s visitadas por turistas y locales?"},"content":{"rendered":"\n<p><\/p>\n\n\n\n<figure class=\"wp-block-gallery has-nested-images columns-default is-cropped wp-block-gallery-1 is-layout-flex wp-block-gallery-is-layout-flex\">\n<figure class=\"wp-block-image size-large\"><img decoding=\"async\" width=\"362\" height=\"112\" data-id=\"1040513\" src=\"https:\/\/dimensionturistica.com\/es\/wp-content\/uploads\/2025\/09\/2DRIVE.jpg\" alt=\"\" class=\"wp-image-1040513\" srcset=\"https:\/\/dimensionturistica.com\/es\/wp-content\/uploads\/2025\/09\/2DRIVE.jpg 362w, https:\/\/dimensionturistica.com\/es\/wp-content\/uploads\/2025\/09\/2DRIVE-300x93.jpg 300w, https:\/\/dimensionturistica.com\/es\/wp-content\/uploads\/2025\/09\/2DRIVE-360x112.jpg 360w\" sizes=\"(max-width: 362px) 100vw, 362px\" \/><\/figure>\n<\/figure>\n\n\n\n<p>Las Ciudades&nbsp;de M\u00e9xico, Guadalajara y Monterrey ser\u00e1n las tres sedes mexicanas que albergar\u00e1n 13 partidos oficiales de la Copa Mundial de la FIFA 2026, que se celebrar\u00e1 del 11 de junio al 19 de julio.<\/p>\n\n\n\n<p><\/p>\n\n\n\n<p>De acuerdo con cifras del Instituto Nacional de Estad\u00edstica y Geograf\u00eda (INEGI), en enero de 2025 ingresaron a M\u00e9xico 8 millones 37 mil visitantes internacionales, lo que representa un incremento del 18.6 % en comparaci\u00f3n con el mismo mes del a\u00f1o anterior.<\/p>\n\n\n\n<figure class=\"wp-block-gallery has-nested-images columns-default is-cropped wp-block-gallery-2 is-layout-flex wp-block-gallery-is-layout-flex\">\n<figure class=\"wp-block-image size-large\"><img decoding=\"async\" width=\"500\" height=\"331\" data-id=\"1040514\" src=\"https:\/\/dimensionturistica.com\/es\/wp-content\/uploads\/2025\/09\/1DRIVE.jpg\" alt=\"\" class=\"wp-image-1040514\" srcset=\"https:\/\/dimensionturistica.com\/es\/wp-content\/uploads\/2025\/09\/1DRIVE.jpg 500w, https:\/\/dimensionturistica.com\/es\/wp-content\/uploads\/2025\/09\/1DRIVE-300x199.jpg 300w\" sizes=\"(max-width: 500px) 100vw, 500px\" \/><\/figure>\n<\/figure>\n\n\n\n<p>\u201cCiudades como Canc\u00fan, Monterrey, Guadalajara y la Ciudad de M\u00e9xico se han consolidado como los destinos m\u00e1s concurridos del pa\u00eds. Por eso, de cara al Mundial de 2026, las 3 sedes mexicanas no solo recibir\u00e1n partidos de f\u00fatbol, sino tambi\u00e9n a miles de aficionados que buscar\u00e1n vivir y recorrer lo mejor de cada ciudad\u201d, se\u00f1al\u00f3 Rafael Garza, director general de inDrive M\u00e9xico.<\/p>\n\n\n\n<figure class=\"wp-block-gallery has-nested-images columns-default is-cropped wp-block-gallery-3 is-layout-flex wp-block-gallery-is-layout-flex\"><\/figure>\n\n\n\n<figure class=\"wp-block-gallery has-nested-images columns-default is-cropped wp-block-gallery-4 is-layout-flex wp-block-gallery-is-layout-flex\">\n<figure class=\"wp-block-image size-large\"><img decoding=\"async\" width=\"500\" height=\"281\" data-id=\"1040515\" src=\"https:\/\/dimensionturistica.com\/es\/wp-content\/uploads\/2025\/09\/3DRIVE.jpg\" alt=\"\" class=\"wp-image-1040515\" srcset=\"https:\/\/dimensionturistica.com\/es\/wp-content\/uploads\/2025\/09\/3DRIVE.jpg 500w, https:\/\/dimensionturistica.com\/es\/wp-content\/uploads\/2025\/09\/3DRIVE-300x169.jpg 300w\" sizes=\"(max-width: 500px) 100vw, 500px\" \/><\/figure>\n<\/figure>\n\n\n\n<p>Para 2026, se espera una cifra r\u00e9cord de personas \u2014entre turistas internacionales y visitantes locales\u2014 que se mover\u00e1n por rutas urbanas clave en cada una de las ciudades sede. inDrive estar\u00e1 presente justo donde m\u00e1s se necesitar\u00e1 movilidad \u00e1gil, flexible y segura:<\/p>\n\n\n\n<p>Desde el Aeropuerto Internacional de la Ciudad de M\u00e9xico (AICM), los principales trayectos solicitados ser\u00e1n hacia el Centro Hist\u00f3rico, Polanco y Coyoac\u00e1n, zonas con alta concentraci\u00f3n de hoteles, restaurantes y puntos culturales.<\/p>\n\n\n\n<p>En Guadalajara y Monterrey, los visitantes que se hospeden en zonas hoteleras buscar\u00e1n trasladarse hacia los estadios, centros de convenciones y zonas gastron\u00f3micas o comerciales con gran actividad durante el torneo.<\/p>\n\n\n\n<p><\/p>\n\n\n\n<p>Tambi\u00e9n se anticipa una alta demanda de traslados a Pueblos M\u00e1gicos o sitios arqueol\u00f3gicos cercanos, sobre todo en viajes en grupo o con operadores tur\u00edsticos, donde la flexibilidad de inDrive ser\u00e1 una ventaja.<\/p>\n\n\n\n<figure class=\"wp-block-gallery has-nested-images columns-default is-cropped wp-block-gallery-5 is-layout-flex wp-block-gallery-is-layout-flex\"><\/figure>\n\n\n\n<figure class=\"wp-block-gallery has-nested-images columns-default is-cropped wp-block-gallery-6 is-layout-flex wp-block-gallery-is-layout-flex\">\n<figure class=\"wp-block-image size-large\"><img decoding=\"async\" width=\"500\" height=\"280\" data-id=\"1040516\" src=\"https:\/\/dimensionturistica.com\/es\/wp-content\/uploads\/2025\/09\/6DRIVE.jpg\" alt=\"\" class=\"wp-image-1040516\" srcset=\"https:\/\/dimensionturistica.com\/es\/wp-content\/uploads\/2025\/09\/6DRIVE.jpg 500w, https:\/\/dimensionturistica.com\/es\/wp-content\/uploads\/2025\/09\/6DRIVE-300x168.jpg 300w\" sizes=\"(max-width: 500px) 100vw, 500px\" \/><\/figure>\n<\/figure>\n\n\n\n<p>Por \u00faltimo, lugares ic\u00f3nicos como Chapultepec, Xochimilco, el corredor de Paseo de la Reforma y la Zona Rosa dentro de la CDMX, concentrar\u00e1n numerosos viajes cortos entre barrios tur\u00edsticos, ideales para explorar sin preocuparse por el tr\u00e1fico o los cambios de tarifa.<\/p>\n\n\n\n<p>\u201cSabemos que miles de personas se desplazar\u00e1n entre aeropuertos, hoteles, estadios y zonas tur\u00edsticas; por eso, en inDrive estamos listos para facilitar su movilidad con una alternativa c\u00f3moda, segura y transparente, que se adapta a las necesidades tanto de turistas como de locales. Somos los primeros en todo el pa\u00eds en brindar servicios digitales de movilidad desde el aeropuerto respetando las leyes vigentes de la mano con conductores locales de Canc\u00fan. Este esfuerzo gener\u00f3 enormes beneficios en calidad de servicio, seguridad y precio para los turistas, por lo que estamos preparados de cara al mundial\u201d, comenta Garza.<\/p>\n\n\n\n<figure class=\"wp-block-gallery has-nested-images columns-default is-cropped wp-block-gallery-7 is-layout-flex wp-block-gallery-is-layout-flex\">\n<figure class=\"wp-block-image size-large\"><img decoding=\"async\" width=\"500\" height=\"312\" data-id=\"1040517\" src=\"https:\/\/dimensionturistica.com\/es\/wp-content\/uploads\/2025\/09\/4DRIVE.jpg\" alt=\"\" class=\"wp-image-1040517\" srcset=\"https:\/\/dimensionturistica.com\/es\/wp-content\/uploads\/2025\/09\/4DRIVE.jpg 500w, https:\/\/dimensionturistica.com\/es\/wp-content\/uploads\/2025\/09\/4DRIVE-300x187.jpg 300w\" sizes=\"(max-width: 500px) 100vw, 500px\" \/><\/figure>\n<\/figure>\n\n\n\n<p>El Mundial 2026 ser\u00e1 una vitrina global no solo para el f\u00fatbol, sino tambi\u00e9n para mostrar la riqueza cultural, la calidez y la hospitalidad que caracterizan a M\u00e9xico. Desde restaurantes y hoteles, hasta atracciones tur\u00edsticas y servicios de movilidad, todo el ecosistema de atenci\u00f3n al visitante se alista para ofrecer una experiencia de clase mundial. En ese contexto, inDrive se prepara desde ahora para que cada trayecto \u2014sin importar lo corto o largo\u2014 contribuya a que millones de personas vivan un Mundial inolvidable dentro y fuera de la cancha.<\/p>\n\n\n\n<p>\u200bEn ese sentido, inDrive est\u00e1 comprometido con los esfuerzos de M\u00e9xico para que los beneficios de este gran evento lleguen a todas y todos los mexicanos de forma justa e incluyente, por lo que estar\u00e1 trabajando y abierto a cualquier oportunidad de colaboraci\u00f3n con gobiernos, empresas y organismos, buscando que nuestra generosa y rica cultura mexicana sea la protagonista y anfitriona del mundo.<\/p>\n","protected":false},"excerpt":{"rendered":"<p>Las Ciudades&nbsp;de M\u00e9xico, Guadalajara y Monterrey ser\u00e1n las tres sedes mexicanas que albergar\u00e1n 13 partidos oficiales de la Copa Mundial de la FIFA 2026, que se celebrar\u00e1 del 11 de junio al 19 de julio. De acuerdo con cifras del Instituto Nacional de Estad\u00edstica y Geograf\u00eda (INEGI), en enero de 2025 ingresaron a M\u00e9xico 8 [&hellip;]<\/p>\n","protected":false},"author":1,"featured_media":0,"comment_status":"open","ping_status":"closed","sticky":false,"template":"","format":"standard","meta":{"om_disable_all_campaigns":false,"jnews-multi-image_gallery":[],"jnews_single_post":{"format":"standard"},"jnews_primary_category":[],"jnews_social_meta":[],"footnotes":""},"categories":[39],"tags":[],"class_list":["post-1040512","post","type-post","status-publish","format-standard","hentry","category-viajes"],"_links":{"self":[{"href":"https:\/\/dimensionturistica.com\/es\/wp-json\/wp\/v2\/posts\/1040512","targetHints":{"allow":["GET"]}}],"collection":[{"href":"https:\/\/dimensionturistica.com\/es\/wp-json\/wp\/v2\/posts"}],"about":[{"href":"https:\/\/dimensionturistica.com\/es\/wp-json\/wp\/v2\/types\/post"}],"author":[{"embeddable":true,"href":"https:\/\/dimensionturistica.com\/es\/wp-json\/wp\/v2\/users\/1"}],"replies":[{"embeddable":true,"href":"https:\/\/dimensionturistica.com\/es\/wp-json\/wp\/v2\/comments?post=1040512"}],"version-history":[{"count":0,"href":"https:\/\/dimensionturistica.com\/es\/wp-json\/wp\/v2\/posts\/1040512\/revisions"}],"wp:attachment":[{"href":"https:\/\/dimensionturistica.com\/es\/wp-json\/wp\/v2\/media?parent=1040512"}],"wp:term":[{"taxonomy":"category","embeddable":true,"href":"https:\/\/dimensionturistica.com\/es\/wp-json\/wp\/v2\/categories?post=1040512"},{"taxonomy":"post_tag","embeddable":true,"href":"https:\/\/dimensionturistica.com\/es\/wp-json\/wp\/v2\/tags?post=1040512"}],"curies":[{"name":"wp","href":"https:\/\/api.w.org\/{rel}","templated":true}]}}